{"id":593740,"date":"2025-12-11T22:42:20","date_gmt":"2025-12-11T22:42:20","guid":{"rendered":"https:\/\/www.europesays.com\/fr\/593740\/"},"modified":"2025-12-11T22:42:20","modified_gmt":"2025-12-11T22:42:20","slug":"jai-eu-le-meme-probleme-carceral-que-lui-a-marseille-les-soutiens-de-nicolas-sarkozy-veulent-leur-dedicace","status":"publish","type":"post","link":"https:\/\/www.europesays.com\/fr\/593740\/","title":{"rendered":"\u00ab\u00a0J\u2019ai eu le m\u00eame probl\u00e8me carc\u00e9ral que lui\u00a0\u00bb\u2026 \u00c0 Marseille, les soutiens de Nicolas Sarkozy veulent leur d\u00e9dicace"},"content":{"rendered":"<p> \u00abSi ce n\u2019est pas de l\u2019amour \u00e7a.\u00a0\u00bb Devant la librairie Arcadia, jeudi dans le 12e\u00a0arrondissement de <a href=\"https:\/\/www.20minutes.fr\/marseille\/\" class=\"c-link c-link--is-underlined\" target=\"_blank\" rel=\"noopener\">Marseille<\/a>, Fran\u00e7oise et Michel patientent depuis quatre heures. Ils sont venus depuis B\u00e9ziers, dans l\u2019H\u00e9rault, pour \u00eatre s\u00fbrs de rencontrer <a href=\"https:\/\/www.20minutes.fr\/politique\/nicolas_sarkozy\/\" class=\"c-link c-link--is-underlined\" target=\"_blank\" rel=\"noopener\">Nicolas Sarkozy<\/a>, \u00e0 l\u2019occasion de cette s\u00e9ance de d\u00e9dicaces de son <a href=\"https:\/\/www.20minutes.fr\/politique\/4190316-20251209-macron-etrille-pen-louee-psg-consoler-passages-retenir-livre-sarkozy-ecrit-prison\" class=\"c-link c-link--is-underlined\" target=\"_blank\" rel=\"noopener\">dernier livre Le journal d\u2019un prisonnier<\/a> (Fayard), racontant ses vingt jours de d\u00e9tention \u00e0 la <a href=\"https:\/\/www.20minutes.fr\/politique\/4175259-20250925-nicolas-sarkozy-condamne-deflagration-droite-lr-fustigent-jugement-incomprehensible\" class=\"c-link c-link--is-underlined\" target=\"_blank\" rel=\"noopener\">prison de la Sant\u00e9<\/a>.<\/p>\n<p>Le r\u00e9cit a plu au couple de Biterrois. \u00ab\u00a0Il n\u2019avait rien \u00e0 y faire, mais la prison lui a quand m\u00eame permis d\u2019\u00e9crire un livre, positive Michel. On esp\u00e8re qu\u2019il en vendra beaucoup, comme \u00e7a, il aura beaucoup d\u2019argent pour se payer des bons avocats.\u00a0\u00bb Derri\u00e8re eux, plusieurs centaines de personnes &#8211; 500 \u00e0 800 selon les organisateurs &#8211; patientent, bouquin \u00e0 la main. Sur la couverture, des post-it jaune avec leurs pr\u00e9noms pour faciliter la signature.<\/p>\n<p>\u00ab\u00a0Il a la plume facile\u00a0\u00bb<\/p>\n<p>Debout dans la file d\u2019attente, Orso parcourt les derni\u00e8res pages du livre, d\u00e9vor\u00e9 en deux jours. \u00ab\u00a0Je m\u2019y suis retrouv\u00e9, explique-t-il. J\u2019ai eu le m\u00eame probl\u00e8me carc\u00e9ral que lui, j\u2019ai \u00e9t\u00e9 en prison trois semaines.\u00a0\u00bb Issue d\u2019une famille de droite, lui-m\u00eame nationaliste corse, il appr\u00e9cie l\u2019ancien locataire de l\u2019Elys\u00e9e pour \u00ab\u00a0sa prestance\u00a0\u00bb et \u00ab\u00a0son franc-parler\u00a0\u00bb. \u00ab\u00a0C\u2019est quelqu\u2019un de tr\u00e8s courageux\u00a0\u00bb, ajoute-t-il.<\/p>\n<p>Une opinion partag\u00e9e par Marie-Th\u00e9r\u00e8se et Jos\u00e9e, deux septuag\u00e9naires, en place depuis 13 heures devant la librairie pour \u00ab\u00a0soutenir Nicolas Sarkozy dans l\u2019\u00e9preuve qu\u2019il vient de vivre\u00a0\u00bb. \u00ab\u00a0On dit que c\u2019est seulement trois semaines de d\u00e9tention, mais \u00e7a ne doit pas \u00eatre extr\u00eamement joyeux\u00a0\u00bb, maintient Jos\u00e9e. Dans son sac griff\u00e9, deux autres livres de l\u2019ancien chef d\u2019Etat. \u00ab\u00a0C\u2019est une exp\u00e9rience, il a raison de la raconter\u00a0\u00bb, rench\u00e9rit-elle. \u00ab\u00a0Il a la plume facile\u00a0\u00bb, abonde Marie-Th\u00e9r\u00e8se, venue du Var, qui s\u2019insurge de cette d\u00e9tention. \u00ab\u00a0C\u2019est quand m\u00eame un pr\u00e9sident, pas le vulgaire d\u00e9linquant du coin.\u00a0\u00bb<\/p>\n<p>D\u2019autres sont plus sceptiques. Deux cents pages pour vingt jours de d\u00e9tention\u00a0? \u00ab\u00a0\u00c7a ne les vaut pas\u00a0\u00bb, \u00e9vacue Louis, un habitant du quartier. Peu motiv\u00e9 par la file d\u2019attente interminable, il s\u2019est content\u00e9 d\u2019acheter le livre et attend d\u00e9sormais de voir ce qu\u2019il se passe. \u00ab\u00a0\u00c7a ne m\u2019int\u00e9resse pas son histoire en prison, c\u2019est triste, il y a du bruit, on n\u2019apprendra pas grand-chose, poursuit-il. Mais son analyse sur la situation politique actuelle, \u00e7a oui. C\u2019est un homme de convictions.\u00a0\u00bb \u00ab\u00a0Je trouve que Nicolas Sarkozy est maltrait\u00e9, m\u00eame s\u2019il a des casseroles\u00a0\u00bb, expose ce Marseillais \u00ab\u00a0apolitique\u00a0\u00bb mais au c\u0153ur penchant \u00e0 droite.<\/p>\n<p>\u00ab\u00a0Bien, mais trop court\u00a0\u00bb<\/p>\n<p>Peu apr\u00e8s 15h30, une vague d\u2019applaudissements secoue la foule\u00a0: Nicolas Sarkozy vient de sortir devant la librairie pour saluer rapidement ses lecteurs. \u00ab\u00a0Nicolas\u00a0\u00bb, scandent ses soutiens, tandis que quelques opposants, brandissant une pancarte ironique \u00ab\u00a0Bient\u00f4t le volume\u00a0II\u00a0\u00bb, tentent-ils. Ils sont siffl\u00e9s par la foule. \u00ab\u00a0Vade Retro Satanas\u00a0\u00bb, plaisante m\u00eame un homme, en brandissant le livre vers eux.<\/p>\n<p>Sarah est perplexe. Elle a fait des d\u00e9dicaces de Lara Fabian ou de Beyonc\u00e9, et \u00e7a n\u2019a jamais bouscul\u00e9 comme \u00e7a. Mais elle s\u2019accroche pour cet \u00e9v\u00e8nement \u00ab\u00a0symbolique\u00a0\u00bb. \u00ab\u00a0Il fait partie de ces gens qui arrivent \u00e0 voir le bien o\u00f9 il n\u2019y en a. C\u2019est un exemple\u00a0\u00bb, d\u00e9clare la jeune femme, deux livres rang\u00e9s dans son sac. Ancienne habitante des <a href=\"https:\/\/www.20minutes.fr\/dossier\/quartiers_nord\" class=\"c-link c-link--is-underlined\" target=\"_blank\" rel=\"noopener\">quartiers nord<\/a> de la ville, elle s\u2019est reconnue dans les mots de l\u2019ancien pr\u00e9sident. \u00ab\u00a0C\u2019est la premi\u00e8re fois que quelqu\u2019un racontait ce qu\u2019il se passait dans les cit\u00e9s\u00a0\u00bb, assure-t-elle. Et d\u2019ajouter\u00a0: \u00ab\u00a0Mettre un pr\u00e9sident en prison, c\u2019est comme si on me mettait en prison.\u00a0\u00bb<\/p>\n<p><a href=\"https:\/\/www.20minutes.fr\/politique\/nicolas_sarkozy\/\" class=\"c-link c-btn c-btn--primary\" target=\"_blank\" rel=\"noopener\">Retrouvez tous nos articles sur Nicolas Sarkozy<\/a><\/p>\n<p>Les lecteurs entrent par petits groupes dans la librairie pour rencontrer, enfin, Nicolas Sarkozy. Une signature, une photo, des remerciements et le moment est pass\u00e9. \u00ab\u00a0C\u2019\u00e9tait bien mais trop court\u00a0\u00bb, soupire Fran\u00e7oise, qui n\u2019est cependant pas d\u00e9\u00e7ue\u00a0: \u00ab\u00a0Ce qu\u2019on voit \u00e0 la t\u00e9l\u00e9vision, ce que j\u2019ai ressenti en lisant le livre, c\u2019est le m\u00eame homme.\u00a0\u00bb<\/p>\n","protected":false},"excerpt":{"rendered":"\u00abSi ce n\u2019est pas de l\u2019amour \u00e7a.\u00a0\u00bb Devant la librairie Arcadia, jeudi dans le 12e\u00a0arrondissement de Marseille, Fran\u00e7oise&hellip;\n","protected":false},"author":2,"featured_media":593741,"comment_status":"","ping_status":"","sticky":false,"template":"","format":"standard","meta":{"footnotes":""},"categories":[2814],"tags":[1111,47,11,885,6592,1777,674,1011,27,8335,1380,884,12,3091,883,316,882,25],"class_list":{"0":"post-593740","1":"post","2":"type-post","3":"status-publish","4":"format-standard","5":"has-post-thumbnail","7":"category-marseille","8":"tag-actu","9":"tag-actualite","10":"tag-actualites","11":"tag-bouches-du-rhone","12":"tag-droite","13":"tag-eu","14":"tag-europe","15":"tag-fr","16":"tag-france","17":"tag-les-republicains-lr","18":"tag-livres","19":"tag-marseille","20":"tag-news","21":"tag-nicolas-sarkozy","22":"tag-paca","23":"tag-politique","24":"tag-provence-alpes-cote-dazur","25":"tag-republique-francaise"},"share_on_mastodon":{"url":"https:\/\/pubeurope.com\/@fr\/115703352264058935","error":""},"_links":{"self":[{"href":"https:\/\/www.europesays.com\/fr\/wp-json\/wp\/v2\/posts\/593740","targetHints":{"allow":["GET"]}}],"collection":[{"href":"https:\/\/www.europesays.com\/fr\/wp-json\/wp\/v2\/posts"}],"about":[{"href":"https:\/\/www.europesays.com\/fr\/wp-json\/wp\/v2\/types\/post"}],"author":[{"embeddable":true,"href":"https:\/\/www.europesays.com\/fr\/wp-json\/wp\/v2\/users\/2"}],"replies":[{"embeddable":true,"href":"https:\/\/www.europesays.com\/fr\/wp-json\/wp\/v2\/comments?post=593740"}],"version-history":[{"count":0,"href":"https:\/\/www.europesays.com\/fr\/wp-json\/wp\/v2\/posts\/593740\/revisions"}],"wp:featuredmedia":[{"embeddable":true,"href":"https:\/\/www.europesays.com\/fr\/wp-json\/wp\/v2\/media\/593741"}],"wp:attachment":[{"href":"https:\/\/www.europesays.com\/fr\/wp-json\/wp\/v2\/media?parent=593740"}],"wp:term":[{"taxonomy":"category","embeddable":true,"href":"https:\/\/www.europesays.com\/fr\/wp-json\/wp\/v2\/categories?post=593740"},{"taxonomy":"post_tag","embeddable":true,"href":"https:\/\/www.europesays.com\/fr\/wp-json\/wp\/v2\/tags?post=593740"}],"curies":[{"name":"wp","href":"https:\/\/api.w.org\/{rel}","templated":true}]}}