{"id":593742,"date":"2025-12-11T22:43:14","date_gmt":"2025-12-11T22:43:14","guid":{"rendered":"https:\/\/www.europesays.com\/fr\/593742\/"},"modified":"2025-12-11T22:43:14","modified_gmt":"2025-12-11T22:43:14","slug":"cedric-van-styvendael-annonce-sa-candidature-a-villeurbanne","status":"publish","type":"post","link":"https:\/\/www.europesays.com\/fr\/593742\/","title":{"rendered":"C\u00e9dric Van Styvendael annonce sa candidature \u00e0 Villeurbanne"},"content":{"rendered":"<blockquote class=\"question\"><p>Qu\u2019est-ce qui motive votre candidature\u00a0?<\/p><\/blockquote>\n<p>\u00ab\u00a0J\u2019ai pris la d\u00e9cision de me pr\u00e9senter aux prochaines \u00e9lections municipales avec la volont\u00e9 de garder le cap qui nous a guid\u00e9s depuis cinq ans avec mon \u00e9quipe\u00a0: am\u00e9liorer le quotidien des Villeurbannaises et des Villeurbannais. \u00c0 part la France insoumise (LFI), l\u2019ensemble des partis de gauche seront rassembl\u00e9s sur cette liste.\u00a0\u00bb<\/p>\n<blockquote class=\"question\"><p>Villeurbanne conna\u00eetra-t-elle autant de travaux en cas de second mandat\u00a0?<\/p><\/blockquote>\n<p>\u00ab\u00a0Le mandat a \u00e9t\u00e9 exceptionnel en termes de volume d\u2019investissement, quasiment deux fois plus que le pr\u00e9c\u00e9dent, et, en effet, en termes d\u2019intensit\u00e9 des travaux. Les Villeurbannais nous l\u2019ont parfois reproch\u00e9. Nous ne les avons pas faits pour nous faire plaisir\u00a0: il fallait rattraper vingt ans de retard. Sur les transports en commun, maintenant que deux lignes de tram (T6 et T9) et deux lignes de bus \u00e0 haut niveau de service <a href=\"https:\/\/www.leprogres.fr\/economie\/2025\/10\/22\/prolongement-du-tram-t6-les-essais-ont-commence-a-villeurbanne-pour-une-mise-en-service-le-14-fevrier\" target=\"_blank\" rel=\"noopener\">sont finies ou en cours de livraison<\/a>, nous aurons moins \u00e0 faire. Il est venu le temps de profiter de ces infrastructures, de&#8230;<\/p>\n","protected":false},"excerpt":{"rendered":"Qu\u2019est-ce qui motive votre candidature\u00a0? \u00ab\u00a0J\u2019ai pris la d\u00e9cision de me pr\u00e9senter aux prochaines \u00e9lections municipales avec la&hellip;\n","protected":false},"author":2,"featured_media":593743,"comment_status":"","ping_status":"","sticky":false,"template":"","format":"standard","meta":{"footnotes":""},"categories":[1889],"tags":[1111,11,2430,2757,36284,4188,1777,674,107,1011,27,2428,12,3541,316,25,2429,6345,6346],"class_list":{"0":"post-593742","1":"post","2":"type-post","3":"status-publish","4":"format-standard","5":"has-post-thumbnail","7":"category-lyon","8":"tag-actu","9":"tag-actualites","10":"tag-auvergne-rhone-alpes","11":"tag-edition-lyon-villeurbanne","12":"tag-elections-metropolitaines","13":"tag-elections-municipales","14":"tag-eu","15":"tag-europe","16":"tag-fil-info","17":"tag-fr","18":"tag-france","19":"tag-lyon","20":"tag-news","21":"tag-parti-socialiste","22":"tag-politique","23":"tag-republique-francaise","24":"tag-rhone","25":"tag-villeurbanne","26":"tag-villeurbanne-bassin"},"share_on_mastodon":{"url":"https:\/\/pubeurope.com\/@fr\/115703356244649581","error":""},"_links":{"self":[{"href":"https:\/\/www.europesays.com\/fr\/wp-json\/wp\/v2\/posts\/593742","targetHints":{"allow":["GET"]}}],"collection":[{"href":"https:\/\/www.europesays.com\/fr\/wp-json\/wp\/v2\/posts"}],"about":[{"href":"https:\/\/www.europesays.com\/fr\/wp-json\/wp\/v2\/types\/post"}],"author":[{"embeddable":true,"href":"https:\/\/www.europesays.com\/fr\/wp-json\/wp\/v2\/users\/2"}],"replies":[{"embeddable":true,"href":"https:\/\/www.europesays.com\/fr\/wp-json\/wp\/v2\/comments?post=593742"}],"version-history":[{"count":0,"href":"https:\/\/www.europesays.com\/fr\/wp-json\/wp\/v2\/posts\/593742\/revisions"}],"wp:featuredmedia":[{"embeddable":true,"href":"https:\/\/www.europesays.com\/fr\/wp-json\/wp\/v2\/media\/593743"}],"wp:attachment":[{"href":"https:\/\/www.europesays.com\/fr\/wp-json\/wp\/v2\/media?parent=593742"}],"wp:term":[{"taxonomy":"category","embeddable":true,"href":"https:\/\/www.europesays.com\/fr\/wp-json\/wp\/v2\/categories?post=593742"},{"taxonomy":"post_tag","embeddable":true,"href":"https:\/\/www.europesays.com\/fr\/wp-json\/wp\/v2\/tags?post=593742"}],"curies":[{"name":"wp","href":"https:\/\/api.w.org\/{rel}","templated":true}]}}