{"id":593744,"date":"2025-12-11T22:44:14","date_gmt":"2025-12-11T22:44:14","guid":{"rendered":"https:\/\/www.europesays.com\/fr\/593744\/"},"modified":"2025-12-11T22:44:14","modified_gmt":"2025-12-11T22:44:14","slug":"football-lyon-et-strasbourg-en-tete-des-coupes-deurope-apres-leurs-victoires","status":"publish","type":"post","link":"https:\/\/www.europesays.com\/fr\/593744\/","title":{"rendered":"Football\u00a0: Lyon et Strasbourg en t\u00eate des Coupes d\u2019Europe apr\u00e8s leurs victoires"},"content":{"rendered":"<p class=\"paragraph text_align_left lp-f-body-02\">Le football fran\u00e7ais est en f\u00eate. Apr\u00e8s les succ\u00e8s de Monaco et Marseille <a href=\"https:\/\/www.leparisien.fr\/sports\/football\/ligue-des-champions\/\" target=\"_blank\" rel=\"noreferrer noopener\">en Ligue des champions<\/a>, Lyon et Strasbourg ont encha\u00een\u00e9 les victoires ce jeudi soir. Les deux clubs tricolores en profitent pour prendre la t\u00eate de leurs comp\u00e9titions respectives, la Ligue Europa et la Ligue Europa Conf\u00e9rence.<\/p>\n<p class=\"\">Strasbourg, avec une \u00e9quipe remani\u00e9e, a ramen\u00e9 jeudi d\u2019Aberdeen (1-0) une victoire synonyme de qualification pour les huiti\u00e8mes de finale avant m\u00eame l\u2019ultime journ\u00e9e. Mal en point <a href=\"https:\/\/www.leparisien.fr\/sports\/football\/ligue-1\/\" target=\"_blank\" rel=\"noreferrer noopener\">en Ligue 1<\/a> apr\u00e8s trois revers d\u2019affil\u00e9e, les Alsaciens ont fait le plein dans le nord-est de l\u2019\u00c9cosse pour porter leur total \u00e0 treize unit\u00e9s.<\/p>\n<p class=\"\">L\u2019entra\u00eeneur Liam Rosenior avait mis une \u00e9quipe remani\u00e9e au coup d\u2019envoi jeudi, par contrainte (forfait d\u2019<a href=\"https:\/\/www.leparisien.fr\/sports\/football\/ligue-1\/ligue-1-strasbourg-suspend-pour-un-match-son-capitaine-emmanuel-emegha-03-12-2025-X27VYNQRWZAHZK2TAYPB5BCE5A.php\" target=\"_blank\" rel=\"noreferrer noopener\">Emmanuel Emegha<\/a> et d\u2019Abdoul Ouattara) et pour m\u00e9nager ses troupes avant la r\u00e9ception de Lorient dimanche en Ligue 1. Cela a permis notamment \u00e0 Martial Godo de s\u2019illustrer en marquant (35e, 1-0).<\/p>\n<p class=\"\">Lyon est, lui, assur\u00e9 de disputer au moins les barrages de la Ligue Europa apr\u00e8s avoir battu le club n\u00e9erlandais <a href=\"https:\/\/www.leparisien.fr\/sports\/football\/lyon-go-ahead-eagles-cest-quoi-ce-club-meconnu-adversaire-des-lyonnais-en-ligue-europa-ce-jeudi-11-12-2025-AIWFYSMNIRCARDQ4UZZYHPTRX4.php\" target=\"_blank\" rel=\"noreferrer noopener\">de Go Ahead Eagles<\/a> (2-1) au Groupama Stadium au terme d\u2019un match de faible intensit\u00e9 de la 6e journ\u00e9e de la phase de ligue. L\u2019OL occupe la premi\u00e8re place du classement avec cinq victoires et 15 points, un total \u00e9gal \u00e0 celui de la saison derni\u00e8re sur huit matchs.<\/p>\n<p class=\"\">Les Rhodaniens, avec une animation offensive tr\u00e8s collective, ont domin\u00e9 sans partage un adversaire assez faible. Ils ont ouvert la marque d\u2019entr\u00e9e avec un but du Portugais Afonso Moreira. Go Ahead a \u00e9galis\u00e9 en profitant d\u2019une maladresse sur phase de l\u2019OL, Corentin Tolisso effectuant un mauvais contr\u00f4le sur une relance trop forte adress\u00e9e par le gardien R\u00e9my Descamps. Mais Lyon a rapidement repris l\u2019avantage avec un but du Tch\u00e8que Pavel Sulc (11e). De quoi se rassurer pour la suite de la comp\u00e9tition.<\/p>\n","protected":false},"excerpt":{"rendered":"Le football fran\u00e7ais est en f\u00eate. Apr\u00e8s les succ\u00e8s de Monaco et Marseille en Ligue des champions, Lyon&hellip;\n","protected":false},"author":2,"featured_media":593745,"comment_status":"","ping_status":"","sticky":false,"template":"","format":"standard","meta":{"footnotes":""},"categories":[1889],"tags":[1111,11,2430,1777,674,63,1011,27,2428,12,25,60],"class_list":{"0":"post-593744","1":"post","2":"type-post","3":"status-publish","4":"format-standard","5":"has-post-thumbnail","7":"category-lyon","8":"tag-actu","9":"tag-actualites","10":"tag-auvergne-rhone-alpes","11":"tag-eu","12":"tag-europe","13":"tag-football","14":"tag-fr","15":"tag-france","16":"tag-lyon","17":"tag-news","18":"tag-republique-francaise","19":"tag-sports"},"share_on_mastodon":{"url":"https:\/\/pubeurope.com\/@fr\/115703359944431211","error":""},"_links":{"self":[{"href":"https:\/\/www.europesays.com\/fr\/wp-json\/wp\/v2\/posts\/593744","targetHints":{"allow":["GET"]}}],"collection":[{"href":"https:\/\/www.europesays.com\/fr\/wp-json\/wp\/v2\/posts"}],"about":[{"href":"https:\/\/www.europesays.com\/fr\/wp-json\/wp\/v2\/types\/post"}],"author":[{"embeddable":true,"href":"https:\/\/www.europesays.com\/fr\/wp-json\/wp\/v2\/users\/2"}],"replies":[{"embeddable":true,"href":"https:\/\/www.europesays.com\/fr\/wp-json\/wp\/v2\/comments?post=593744"}],"version-history":[{"count":0,"href":"https:\/\/www.europesays.com\/fr\/wp-json\/wp\/v2\/posts\/593744\/revisions"}],"wp:featuredmedia":[{"embeddable":true,"href":"https:\/\/www.europesays.com\/fr\/wp-json\/wp\/v2\/media\/593745"}],"wp:attachment":[{"href":"https:\/\/www.europesays.com\/fr\/wp-json\/wp\/v2\/media?parent=593744"}],"wp:term":[{"taxonomy":"category","embeddable":true,"href":"https:\/\/www.europesays.com\/fr\/wp-json\/wp\/v2\/categories?post=593744"},{"taxonomy":"post_tag","embeddable":true,"href":"https:\/\/www.europesays.com\/fr\/wp-json\/wp\/v2\/tags?post=593744"}],"curies":[{"name":"wp","href":"https:\/\/api.w.org\/{rel}","templated":true}]}}