{"id":593750,"date":"2025-12-11T22:49:17","date_gmt":"2025-12-11T22:49:17","guid":{"rendered":"https:\/\/www.europesays.com\/fr\/593750\/"},"modified":"2025-12-11T22:49:17","modified_gmt":"2025-12-11T22:49:17","slug":"les-soirees-festives-a-laquarium-de-paris-cest-termine","status":"publish","type":"post","link":"https:\/\/www.europesays.com\/fr\/593750\/","title":{"rendered":"Les soir\u00e9es festives \u00e0 l&rsquo;Aquarium de Paris, c&rsquo;est termin\u00e9"},"content":{"rendered":"<ul class=\"jsx-862013697 ArticleChapo__List\">\n<li class=\"jsx-862013697 ArticleChapo__List_Item flex\">Depuis 2006, le c\u00e9l\u00e8bre aquarium situ\u00e9 au Trocad\u00e9ro organise des cocktails et soir\u00e9es en pr\u00e9sence de ses pensionnaires.<\/li>\n<li class=\"jsx-862013697 ArticleChapo__List_Item flex\">Une utilisation qui contrevient au code de l&rsquo;environnement qui interdit la pr\u00e9sence d&rsquo;animaux dans les discoth\u00e8ques depuis 2021.<\/li>\n<li class=\"jsx-862013697 ArticleChapo__List_Item flex\">Devant le refus de la police d&rsquo;intervenir, l&rsquo;association Sea Shepherd a saisi le tribunal administratif qui vient de lui donner raison.<\/li>\n<\/ul>\n<p data-module=\"article-paragraph\" class=\"jsx-3046738180 Paragraph Paragraph__End\">Les soir\u00e9es dansantes devant poissons, m\u00e9duses et requins qui ondulent dans le grand bassin de l&rsquo;Aquarium de Paris, c&rsquo;est fini ! Saisi par la c\u00e9l\u00e8bre association de d\u00e9fense de l&rsquo;environnement Sea Shepherd, le tribunal administratif a enjoint ce jeudi au pr\u00e9fet de police d&rsquo;y mettre un terme, au nom du bien-\u00eatre animal.<\/p>\n<p data-module=\"article-paragraph\" class=\"jsx-3046738180 Paragraph Paragraph__End\">Construit en 1878, l&rsquo;Aquarium de Paris est l&rsquo;un des plus anciens au monde. Ferm\u00e9 en 1985 par la Ville de Paris pour raison de v\u00e9tust\u00e9, il a \u00e9t\u00e9 repris par une soci\u00e9t\u00e9 priv\u00e9e qui l&rsquo;a rouvert en 2006. Depuis, il loue r\u00e9guli\u00e8rement ses quelques 3.500 m2 sous terre pour des cocktails, des s\u00e9minaires ou encore des soir\u00e9es dansantes durant lesquelles les visiteurs peuvent admirer ses quelques 35 requins et 8.000 poissons.<\/p>\n<p>Aquarium ou discoth\u00e8que ?<\/p>\n<p data-module=\"article-paragraph\" class=\"jsx-3046738180 Paragraph Paragraph__End\">En 2023, Sea Shepherd avait demand\u00e9 au pr\u00e9fet de police\u00a0\u00bb\u00a0\u00bbde faire usage de ses pouvoirs de police\u00a0\u00bb afin de faire cesser ces \u00e9v\u00e9nements en vertu du code de l&rsquo;environnement qui, depuis 2021, interdit \u00ab\u00a0de pr\u00e9senter des animaux domestiques ou non domestiques en discoth\u00e8que\u00a0\u00bb. Sans r\u00e9ponse du pr\u00e9fet de police, Sea Shepherd a donc saisi le tribunal administratif.<\/p>\n<p><a href=\"https:\/\/www.tf1info.fr\/sport\/le-bien-etre-animal-preoccupation-numero-un-sur-la-grande-odyssee-vvf-2345209.html\" rel=\"noopener\" class=\"jsx-3308031228 Link flex\" target=\"_blank\"><img decoding=\"async\" src=\"https:\/\/www.europesays.com\/fr\/wp-content\/uploads\/2025\/12\/la-grande-odyssee-vvf-episode-6-7-03be18-0@1x.jpeg\" alt=\"KCIOP\" loading=\"lazy\" importance=\"low\" fetchpriority=\"low\" class=\"\" aria-hidden=\"true\"\/><\/p>\n<p class=\"jsx-3657663356 ReadMoreArticle__Title\">Lire aussi<\/p>\n<p class=\"jsx-3657663356\">Le bien-\u00eatre animal, pr\u00e9occupation num\u00e9ro un sur La Grande Odyss\u00e9e VVF<\/p>\n<p><\/a><\/p>\n<p data-module=\"article-paragraph\" class=\"jsx-3046738180 Paragraph Paragraph__End\">\u00ab\u00a0Lorsque des \u00e9v\u00e9nements destin\u00e9s principalement \u00e0 la diffusion de musique et \u00e0 la danse y \u00e9taient organis\u00e9s, l&rsquo;Aquarium de Paris devait \u00eatre qualifi\u00e9 de discoth\u00e8que\u00a0\u00bb, lieu o\u00f9 la pr\u00e9sence d&rsquo;animaux est \u00ab\u00a0interdite, sans qu&rsquo;aucun am\u00e9nagement ou exception ne puisse \u00eatre autoris\u00e9\u00a0\u00bb, pr\u00e9cise le tribunal dans un communiqu\u00e9.<\/p>\n<p data-module=\"article-paragraph\" class=\"jsx-3046738180 Paragraph Paragraph__End\">La juridiction a enjoint au pr\u00e9fet de police \u00ab\u00a0de prendre toute mesure pour que l&rsquo;Aquarium respecte cette interdiction, et, \u00e0 d\u00e9faut, d&rsquo;ordonner sa fermeture\u00a0\u00bb. Le tribunal a en outre jug\u00e9 \u00ab\u00a0ill\u00e9gal\u00a0\u00bb le refus du pr\u00e9fet de police de donner suite \u00e0 la demande de l&rsquo;association.<\/p>\n<p>J.V.<\/p>\n","protected":false},"excerpt":{"rendered":"Depuis 2006, le c\u00e9l\u00e8bre aquarium situ\u00e9 au Trocad\u00e9ro organise des cocktails et soir\u00e9es en pr\u00e9sence de ses pensionnaires.&hellip;\n","protected":false},"author":2,"featured_media":593751,"comment_status":"","ping_status":"","sticky":false,"template":"","format":"standard","meta":{"footnotes":""},"categories":[1888],"tags":[1111,1928,11,1927,1867,1921,1777,674,1011,27,1922,12,1926,626,1925,5735,25,133,5737],"class_list":{"0":"post-593750","1":"post","2":"type-post","3":"status-publish","4":"format-standard","5":"has-post-thumbnail","7":"category-paris","8":"tag-actu","9":"tag-actu-paris","10":"tag-actualites","11":"tag-actualites-paris","12":"tag-animaux","13":"tag-article-video","14":"tag-eu","15":"tag-europe","16":"tag-fr","17":"tag-france","18":"tag-info","19":"tag-news","20":"tag-news-paris","21":"tag-paris","22":"tag-paris-news","23":"tag-protection-de-lenvironnement","24":"tag-republique-francaise","25":"tag-video","26":"tag-video-environnement"},"share_on_mastodon":{"url":"https:\/\/pubeurope.com\/@fr\/115703380466380314","error":""},"_links":{"self":[{"href":"https:\/\/www.europesays.com\/fr\/wp-json\/wp\/v2\/posts\/593750","targetHints":{"allow":["GET"]}}],"collection":[{"href":"https:\/\/www.europesays.com\/fr\/wp-json\/wp\/v2\/posts"}],"about":[{"href":"https:\/\/www.europesays.com\/fr\/wp-json\/wp\/v2\/types\/post"}],"author":[{"embeddable":true,"href":"https:\/\/www.europesays.com\/fr\/wp-json\/wp\/v2\/users\/2"}],"replies":[{"embeddable":true,"href":"https:\/\/www.europesays.com\/fr\/wp-json\/wp\/v2\/comments?post=593750"}],"version-history":[{"count":0,"href":"https:\/\/www.europesays.com\/fr\/wp-json\/wp\/v2\/posts\/593750\/revisions"}],"wp:featuredmedia":[{"embeddable":true,"href":"https:\/\/www.europesays.com\/fr\/wp-json\/wp\/v2\/media\/593751"}],"wp:attachment":[{"href":"https:\/\/www.europesays.com\/fr\/wp-json\/wp\/v2\/media?parent=593750"}],"wp:term":[{"taxonomy":"category","embeddable":true,"href":"https:\/\/www.europesays.com\/fr\/wp-json\/wp\/v2\/categories?post=593750"},{"taxonomy":"post_tag","embeddable":true,"href":"https:\/\/www.europesays.com\/fr\/wp-json\/wp\/v2\/tags?post=593750"}],"curies":[{"name":"wp","href":"https:\/\/api.w.org\/{rel}","templated":true}]}}