{"id":593761,"date":"2025-12-11T22:55:13","date_gmt":"2025-12-11T22:55:13","guid":{"rendered":"https:\/\/www.europesays.com\/fr\/593761\/"},"modified":"2025-12-11T22:55:13","modified_gmt":"2025-12-11T22:55:13","slug":"la-marine-britannique-a-repere-et-suivi-un-sous-marin-russe-pendant-trois-jours-dans-la-manche","status":"publish","type":"post","link":"https:\/\/www.europesays.com\/fr\/593761\/","title":{"rendered":"La marine britannique a rep\u00e9r\u00e9 et suivi un sous-marin russe pendant trois jours dans la Manche"},"content":{"rendered":"<p>Pendant trois jours, la marine britannique a traqu\u00e9 un sous-marin russe <a href=\"https:\/\/www.ouest-france.fr\/normandie\/manche\/\" target=\"_self\" rel=\"noopener\">dans la Manche<\/a>, une op\u00e9ration qu\u2019elle pr\u00e9sente comme un exemple de son engagement \u00e0 renforcer la lutte contre cette menace. L\u2019annonce a \u00e9t\u00e9 faite jeudi 11\u00a0d\u00e9cembre par la Royal Navy.<\/p>\n<p>Le sous-marin en question est le Krasnodar, un b\u00e2timent de classe Kilo r\u00e9put\u00e9 pour sa discr\u00e9tion, accompagn\u00e9 du remorqueur Altay. Tous deux sont arriv\u00e9s par la mer du Nord avant de franchir le d\u00e9troit du Pas-de-Calais pour entrer dans la Manche. Pour assurer un suivi permanent, la Royal Navy a d\u00e9ploy\u00e9 un navire ravitailleur dot\u00e9 d\u2019un h\u00e9licopt\u00e8re.<\/p>\n<p><strong>Lire aussi\u00a0: <\/strong> <a href=\"https:\/\/rennes.maville.com\/actu\/actudet_-guerre-en-ukraine-washington-ajuste-a-la-marge-son-plan-de-paix-_54135-7105017_actu.Htm\" target=\"_self\" rel=\"noopener\">Guerre en Ukraine\u00a0: Washington ajuste \u00e0 la marge son plan de paix<\/a><\/p>\n<p>Seconde traque depuis juillet<\/p>\n<p>La marine britannique ne pr\u00e9cise pas la date de l\u2019op\u00e9ration, mais affirme qu\u2019elle \u00e9tait pr\u00eate \u00e0 <strong>\u00ab\u00a0enclencher des op\u00e9rations anti sous-marins\u00a0\u00bb<\/strong> si le Krasnodar avait plong\u00e9. Le sous-marin est toutefois rest\u00e9 en surface tout au long de la mission, malgr\u00e9 une m\u00e9t\u00e9o d\u00e9favorable. Une fois les navires arriv\u00e9s pr\u00e8s d\u2019Ouessant, au large du nord-ouest de la France, la surveillance a \u00e9t\u00e9 transmise \u00e0 un alli\u00e9 de l\u2019Otan.<\/p>\n<p>Cette filature fait \u00e9cho \u00e0 une op\u00e9ration similaire men\u00e9e en juillet, lorsque <a href=\"https:\/\/dinan.maville.com\/actu\/actudet_-un-sous-marin-russe-fait-surface-a-cote-d-un-chalutier-au-large-des-cotes-d-armor-_5-6878311_actu.Htm\" target=\"_self\" rel=\"noopener\">les forces britanniques avaient suivi le sous-marin russe Novorossi\u00efsk<\/a> apr\u00e8s l\u2019avoir rep\u00e9r\u00e9 dans leurs eaux territoriales.<\/p>\n<p><strong>Lire aussi\u00a0:<\/strong> <a href=\"https:\/\/dinan.maville.com\/actu\/actudet_-un-sous-marin-russe-fait-surface-a-cote-d-un-chalutier-au-large-des-cotes-d-armor-_5-6878311_actu.Htm\" target=\"_self\" rel=\"noopener\">Un sous-marin russe fait surface \u00e0 c\u00f4t\u00e9 d\u2019un chalutier au large des C\u00f4tes-d\u2019Armor<\/a><\/p>\n<p>Plus de 30\u00a0% de sous-marins russes en deux ans<\/p>\n<p>Lundi, le ministre britannique de la D\u00e9fense, John Healey, a annonc\u00e9 un programme de plusieurs millions de livres destin\u00e9 \u00e0 am\u00e9liorer les capacit\u00e9s de la Royal Navy contre les <strong>\u00ab\u00a0menaces sous-marines\u00a0\u00bb<\/strong> attribu\u00e9es \u00e0 Moscou. Selon Londres, l\u2019activit\u00e9 des sous-marins russes dans les eaux britanniques a progress\u00e9 de 30\u00a0% en deux ans.<\/p>\n<p>D\u00e9but d\u00e9cembre, le Royaume-Uni et la Norv\u00e8ge ont par ailleurs sign\u00e9 un accord visant \u00e0 op\u00e9rer ensemble une flotte de fr\u00e9gates charg\u00e9e de <strong>\u00ab\u00a0traquer\u00a0\u00bb<\/strong> ces sous-marins en Atlantique Nord.<\/p>\n<p>\u00a0<\/p>\n","protected":false},"excerpt":{"rendered":"Pendant trois jours, la marine britannique a traqu\u00e9 un sous-marin russe dans la Manche, une op\u00e9ration qu\u2019elle pr\u00e9sente&hellip;\n","protected":false},"author":2,"featured_media":593762,"comment_status":"","ping_status":"","sticky":false,"template":"","format":"standard","meta":{"footnotes":""},"categories":[1588],"tags":[11,15145,1777,674,7285,14653,6128,12,3319,16184,473,1853,8013,36558,9620,1851,1850,1852],"class_list":{"0":"post-593761","1":"post","2":"type-post","3":"status-publish","4":"format-standard","5":"has-post-thumbnail","7":"category-royaume-uni","8":"tag-actualites","9":"tag-britannique","10":"tag-eu","11":"tag-europe","12":"tag-jours","13":"tag-manche","14":"tag-marine","15":"tag-news","16":"tag-quimper","17":"tag-repere","18":"tag-royaume-uni","19":"tag-royaume-uni-de-grande-bretagne-et-dirlande-du-nord","20":"tag-russe","21":"tag-sous-marin","22":"tag-suivi","23":"tag-uk","24":"tag-united-kingdom","25":"tag-united-kingdom-of-great-britain-and-northern-ireland"},"share_on_mastodon":{"url":"https:\/\/pubeurope.com\/@fr\/115703403332834302","error":""},"_links":{"self":[{"href":"https:\/\/www.europesays.com\/fr\/wp-json\/wp\/v2\/posts\/593761","targetHints":{"allow":["GET"]}}],"collection":[{"href":"https:\/\/www.europesays.com\/fr\/wp-json\/wp\/v2\/posts"}],"about":[{"href":"https:\/\/www.europesays.com\/fr\/wp-json\/wp\/v2\/types\/post"}],"author":[{"embeddable":true,"href":"https:\/\/www.europesays.com\/fr\/wp-json\/wp\/v2\/users\/2"}],"replies":[{"embeddable":true,"href":"https:\/\/www.europesays.com\/fr\/wp-json\/wp\/v2\/comments?post=593761"}],"version-history":[{"count":0,"href":"https:\/\/www.europesays.com\/fr\/wp-json\/wp\/v2\/posts\/593761\/revisions"}],"wp:featuredmedia":[{"embeddable":true,"href":"https:\/\/www.europesays.com\/fr\/wp-json\/wp\/v2\/media\/593762"}],"wp:attachment":[{"href":"https:\/\/www.europesays.com\/fr\/wp-json\/wp\/v2\/media?parent=593761"}],"wp:term":[{"taxonomy":"category","embeddable":true,"href":"https:\/\/www.europesays.com\/fr\/wp-json\/wp\/v2\/categories?post=593761"},{"taxonomy":"post_tag","embeddable":true,"href":"https:\/\/www.europesays.com\/fr\/wp-json\/wp\/v2\/tags?post=593761"}],"curies":[{"name":"wp","href":"https:\/\/api.w.org\/{rel}","templated":true}]}}