{"id":593775,"date":"2025-12-11T23:05:18","date_gmt":"2025-12-11T23:05:18","guid":{"rendered":"https:\/\/www.europesays.com\/fr\/593775\/"},"modified":"2025-12-11T23:05:18","modified_gmt":"2025-12-11T23:05:18","slug":"equipe-de-france-romain-maillot-ecarte-du-poste-de-selectionneur-du-xiii-de-france-feminin-rugby-a-xiii","status":"publish","type":"post","link":"https:\/\/www.europesays.com\/fr\/593775\/","title":{"rendered":"Equipe de France &#8211; Romain Maillot \u00e9cart\u00e9 du poste de s\u00e9lectionneur du XIII de France f\u00e9minin &#8211; Rugby \u00e0 XIII"},"content":{"rendered":"<p style=\"text-align: justify;\"><strong>En poste depuis f\u00e9vrier 2023, Romain Maillot ne sera pas le s\u00e9lectionneur de l\u2019\u00e9quipe de France f\u00e9minine lors de la prochaine Coupe du monde en Australie.<\/strong><\/p>\n<p style=\"text-align: justify;\">Bien que l\u2019information n\u2019ait toujours pas \u00e9t\u00e9 officiellement d\u00e9voil\u00e9e publiquement par la F\u00e9d\u00e9ration Fran\u00e7aise de Rugby \u00e0 XIII, celle-ci a d\u00e9cid\u00e9 de se s\u00e9parer du s\u00e9lectionneur national de l\u2019\u00e9quipe de France f\u00e9minine. Un timing qui a de quoi surprendre \u00e0 tout juste 10 mois du d\u00e9but de la Coupe du monde.<\/p>\n<p style=\"text-align: justify;\">Une \u00e9viction qui interroge donc, d\u2019autant plus que l\u2019\u00e9quipe avait respect\u00e9 l\u2019objectif clairement affich\u00e9 de d\u00e9crocher son ticket pour la Coupe du monde et que les voyants \u00e9taient au vert pour cette \u00e9quipe, avec des victoires successives face \u00e0 la Serbie par deux fois, le Pays de Galles, la Gr\u00e8ce et l\u2019Irlande. La progression semblait \u00e9galement de mise face \u00e0 l\u2019Angleterre, avec certes deux large d\u00e9faites lors des deux derni\u00e8res confrontations, mais un \u00e9cart qui semblait avoir diminu\u00e9 (0-64 en 2023 contre 0-42 en 2024) face \u00e0 une des grosses nations sur l\u2019\u00e9chiquier mondial, qui peut se targuer d\u2019avoir un championnat national qui se d\u00e9veloppe et progresse d\u2019ann\u00e9e en ann\u00e9e dans le sillage de la Super League.<\/p>\n<p style=\"text-align: justify;\">Reste dor\u00e9navant \u00e0 savoir quel sera le nom du rempla\u00e7ant de Romain Maillot, quand sera-t-il d\u00e9voil\u00e9 et si d\u2019autres membres du staff seront \u00e0 leur tour pri\u00e9s ou non de plier bagage.<\/p>\n","protected":false},"excerpt":{"rendered":"En poste depuis f\u00e9vrier 2023, Romain Maillot ne sera pas le s\u00e9lectionneur de l\u2019\u00e9quipe de France f\u00e9minine lors&hellip;\n","protected":false},"author":2,"featured_media":593776,"comment_status":"","ping_status":"","sticky":false,"template":"","format":"standard","meta":{"footnotes":""},"categories":[1416],"tags":[14146,1011,27,70651,479,2228,1468,2229,60,70652],"class_list":{"0":"post-593775","1":"post","2":"type-post","3":"status-publish","4":"format-standard","5":"has-post-thumbnail","7":"category-rugby","8":"tag-ffr-xiii","9":"tag-fr","10":"tag-france","11":"tag-romain-maillot","12":"tag-rugby","13":"tag-rugby-a-xiii","14":"tag-rugby-football","15":"tag-rugby-league","16":"tag-sports","17":"tag-xiii-de-france-feminin"},"share_on_mastodon":{"url":"https:\/\/pubeurope.com\/@fr\/115703442578901304","error":""},"_links":{"self":[{"href":"https:\/\/www.europesays.com\/fr\/wp-json\/wp\/v2\/posts\/593775","targetHints":{"allow":["GET"]}}],"collection":[{"href":"https:\/\/www.europesays.com\/fr\/wp-json\/wp\/v2\/posts"}],"about":[{"href":"https:\/\/www.europesays.com\/fr\/wp-json\/wp\/v2\/types\/post"}],"author":[{"embeddable":true,"href":"https:\/\/www.europesays.com\/fr\/wp-json\/wp\/v2\/users\/2"}],"replies":[{"embeddable":true,"href":"https:\/\/www.europesays.com\/fr\/wp-json\/wp\/v2\/comments?post=593775"}],"version-history":[{"count":0,"href":"https:\/\/www.europesays.com\/fr\/wp-json\/wp\/v2\/posts\/593775\/revisions"}],"wp:featuredmedia":[{"embeddable":true,"href":"https:\/\/www.europesays.com\/fr\/wp-json\/wp\/v2\/media\/593776"}],"wp:attachment":[{"href":"https:\/\/www.europesays.com\/fr\/wp-json\/wp\/v2\/media?parent=593775"}],"wp:term":[{"taxonomy":"category","embeddable":true,"href":"https:\/\/www.europesays.com\/fr\/wp-json\/wp\/v2\/categories?post=593775"},{"taxonomy":"post_tag","embeddable":true,"href":"https:\/\/www.europesays.com\/fr\/wp-json\/wp\/v2\/tags?post=593775"}],"curies":[{"name":"wp","href":"https:\/\/api.w.org\/{rel}","templated":true}]}}