{"id":593783,"date":"2025-12-11T23:14:13","date_gmt":"2025-12-11T23:14:13","guid":{"rendered":"https:\/\/www.europesays.com\/fr\/593783\/"},"modified":"2025-12-11T23:14:13","modified_gmt":"2025-12-11T23:14:13","slug":"on-massurait-que-cetait-benin-a-34-ans-cette-ancienne-miss-et-maman-de-deux-enfants-doit-etre-prise-en-charge-rapidement-purepeople","status":"publish","type":"post","link":"https:\/\/www.europesays.com\/fr\/593783\/","title":{"rendered":"&quot;On m&#039;assurait que c\u2019\u00e9tait b\u00e9nin&quot; : A 34 ans, cette ancienne Miss et maman de deux enfants doit \u00eatre prise en charge rapidement &#8211; Purepeople"},"content":{"rendered":"<ol>\n<li><a href=\"https:\/\/news.google.com\/rss\/articles\/CBMi-AFBVV95cUxNVFNzR21vOWZULVFWTWdMdXI2WGwzYWpVYV91LTBsTDc3MjZqVlZpczRnX2tGRm1leWFVUWNRa2RUcVN0QXNIX0FZWnlsT3hJWHZrT1lhemF4Q3NWVmQyek9wNUdDNjEwOVFjb001YlNZekRyMUdxdDVFS0ZFd2IwZjZCN1VreVNSQ05CeEtRVzZWb01ERm5oT3k1TnE0YnZidlZaVXFVSi1lSmlMV2haRndxb29vUS1WNDQ1NDNLWDFoOWFFWTNKcW4zNUhaRzB3b2RYcm9KbTBOQW9obkJpSkFuMUUxT2hiVWZqSWttS2pZWnBLQV9qUA?oc=5\" target=\"_blank\" rel=\"noopener\">\u00ab\u00a0On m&rsquo;assurait que c\u2019\u00e9tait b\u00e9nin\u00a0\u00bb : A 34 ans, cette ancienne Miss et maman de deux enfants doit \u00eatre prise en charge rapidement<\/a>&nbsp;&nbsp;Purepeople<\/li>\n<li><a href=\"https:\/\/news.google.com\/rss\/articles\/CBMijAJBVV95cUxON080Tm9jaGRGOGRMbmdjNzdtQVU2RXNqVWs3bEpXUGFzNW1sU1Q1b1pvZDNzX3pfckRYbGlGMXpQQ2UtOHhWdUUtMkZPSUVvejlwY21oNkhLUThFbmMzQ1NvU3dnWC1Uby0xOG1sbjQ1Xy1Dd3c1WTdXRmluRzJXaXlJU0FaZ1RZcndqVl9ILTlab0s0RWZzY3ZTcndDUTJIQ29QYUZpVmIwUWpMeGlfMGh1OFRxQ2VxQnZFNnF5bS1nQ1JsOHNmc1Z1ek8wRTlVMWRfRG4xVE5GSlJucExlZlREUHl5dWhEbWFDQTMwdFc5LVNiZzNZdHJmWUdiMk16OHhFSUxqX2dqMXNN?oc=5\" target=\"_blank\" rel=\"noopener\">Barbara Morel, premi\u00e8re Miss Nationale et compagne d\u2019une star de la t\u00e9l\u00e9-r\u00e9alit\u00e9, r\u00e9v\u00e8le \u00eatre atteinte d\u2019un cancer<\/a>&nbsp;&nbsp;T\u00e9l\u00e9 7 Jours<\/li>\n<li><a href=\"https:\/\/news.google.com\/rss\/articles\/CBMisAFBVV95cUxPeVo1cUh6ZXV6RUhUQmZBZEpwN1VrLUkxMkFjSmVNM0pPUUFPNXFYaGFFMlVSMXVuVnA4SGFuQ2F5bkdrb2lXc1daaE1YaXhCWktOY2hQb2xNMGZ2YlJaaG1mVUdUQ1d2UUVXd0FNandldkVFWHNkX2R3N3poVjNyaHI1UUV4bTc5VU1OWVdJbk1iZjFfbG9MSm1Wdl9BbEFmZVB1ekctNmU5cThpSVg3LQ?oc=5\" target=\"_blank\" rel=\"noopener\">\u00ab\u00a0Le verdict est tomb\u00e9\u00a0\u00bb : Barbara Morel annonce une terrible nouvelle !<\/a>&nbsp;&nbsp;Portail Free<\/li>\n<li><a href=\"https:\/\/news.google.com\/rss\/articles\/CBMi6gFBVV95cUxQZ1NqSXBQZEZ5bXRQZTJTQUxtdmp2TzZqcHhEdnlWZUx4TXpXWWRBLXhydmo0NExOQm4yVEhzamJqcHEyTlNoWkZVekxybHR2YklpajRBSTZKRHEya0tvbDgwZkRmdE1paTNjU012UjZPc09Cb0F5SEowa3VxTk1rTl9yb19scmhqZWpMUFVUTDlXQzlNSy03WkszaUtnNGVIQlliTDRBSjBKUVUxalBVYlNtMW5ZY2pJaktqLVJsMmdBT3lDRUlwZ2V0dWVJMDVVLWVBd3pFR0U2M1l4TFp3RUppNVNteEtvZnc?oc=5\" target=\"_blank\" rel=\"noopener\">\u00ab\u00a0Je vais devoir subir une chirurgie\u00a0\u00bb : Barbara Morel, la compagne d\u2019Antonin des Marseillais, annonce souffrir d\u2019un cancer<\/a>&nbsp;&nbsp;Voici<\/li>\n<li><a href=\"https:\/\/news.google.com\/rss\/articles\/CBMi4wFBVV95cUxOcDdiTlQ2eThCa0VtRGUzUzh6c0ZtZi0wQ1Mta1o2bGJWU3ByTFg0SGJkWFBxbU1ZOTB6bWM2allCUTZJQ0dhZUJyMXBhN2N1M3dNODd1ZG1Gd3ZueUF3Y29ncTMzckxPTHZGN3BLdWZMUW4xczJVZWQwMTVaQmtCOUtjVl9YcWd2NGVTVjNQUEpsM3RENUdlUjdMZklXam82Y0xObnhXRUdmTXZiX3hyOVluZjM4UlUtOGRpQ180THEwRnRVS3pBbkVrOVFSMVJ5UEtGblNqX044NUJHcVJPa1RDUQ?oc=5\" target=\"_blank\" rel=\"noopener\">Barbara Morel : la toute premi\u00e8re Miss nationale de Genevi\u00e8ve de Fontenay et compagne d\u2019Antonin des Marseillais victime d\u2019un cancer<\/a>&nbsp;&nbsp;public.fr<\/li>\n<\/ol>\n","protected":false},"excerpt":{"rendered":"\u00ab\u00a0On m&rsquo;assurait que c\u2019\u00e9tait b\u00e9nin\u00a0\u00bb : A 34 ans, cette ancienne Miss et maman de deux enfants doit&hellip;\n","protected":false},"author":2,"featured_media":395849,"comment_status":"","ping_status":"","sticky":false,"template":"","format":"standard","meta":{"footnotes":""},"categories":[1359],"tags":[58,59,1011,27,973],"class_list":{"0":"post-593783","1":"post","2":"type-post","3":"status-publish","4":"format-standard","5":"has-post-thumbnail","7":"category-people","8":"tag-divertissement","9":"tag-entertainment","10":"tag-fr","11":"tag-france","12":"tag-people"},"share_on_mastodon":{"url":"https:\/\/pubeurope.com\/@fr\/115703478135306279","error":""},"_links":{"self":[{"href":"https:\/\/www.europesays.com\/fr\/wp-json\/wp\/v2\/posts\/593783","targetHints":{"allow":["GET"]}}],"collection":[{"href":"https:\/\/www.europesays.com\/fr\/wp-json\/wp\/v2\/posts"}],"about":[{"href":"https:\/\/www.europesays.com\/fr\/wp-json\/wp\/v2\/types\/post"}],"author":[{"embeddable":true,"href":"https:\/\/www.europesays.com\/fr\/wp-json\/wp\/v2\/users\/2"}],"replies":[{"embeddable":true,"href":"https:\/\/www.europesays.com\/fr\/wp-json\/wp\/v2\/comments?post=593783"}],"version-history":[{"count":0,"href":"https:\/\/www.europesays.com\/fr\/wp-json\/wp\/v2\/posts\/593783\/revisions"}],"wp:featuredmedia":[{"embeddable":true,"href":"https:\/\/www.europesays.com\/fr\/wp-json\/wp\/v2\/media\/395849"}],"wp:attachment":[{"href":"https:\/\/www.europesays.com\/fr\/wp-json\/wp\/v2\/media?parent=593783"}],"wp:term":[{"taxonomy":"category","embeddable":true,"href":"https:\/\/www.europesays.com\/fr\/wp-json\/wp\/v2\/categories?post=593783"},{"taxonomy":"post_tag","embeddable":true,"href":"https:\/\/www.europesays.com\/fr\/wp-json\/wp\/v2\/tags?post=593783"}],"curies":[{"name":"wp","href":"https:\/\/api.w.org\/{rel}","templated":true}]}}