{"id":593784,"date":"2025-12-11T23:15:16","date_gmt":"2025-12-11T23:15:16","guid":{"rendered":"https:\/\/www.europesays.com\/fr\/593784\/"},"modified":"2025-12-11T23:15:16","modified_gmt":"2025-12-11T23:15:16","slug":"edition-n3172-du-12-decembre-2025-le-quotidien-de-lart","status":"publish","type":"post","link":"https:\/\/www.europesays.com\/fr\/593784\/","title":{"rendered":"\u00c9dition N\u00b03172 du 12 d\u00e9cembre 2025 &#8211; Le Quotidien de l&#039;Art"},"content":{"rendered":"<ol>\n<li><a href=\"https:\/\/news.google.com\/rss\/articles\/CBMimwFBVV95cUxOR0JnUkFsdWVPVC13ZUxDSXJYS25hMlgyRHNRWFNpa0FJS1dWN1JTbkZEUk9JX3VybnZ6S245SS0zb1VYeHpLZUZzdmc2UmFYeFJQM2NFUmxzOG5pUGZhZHpnbHc5Zl9GM2xwRmhmeXZGQm1RbVBielU3b3Q1NTdQZ2hsdW9BVnNKd1JoRmhQSzNtQ1RQSTlnNWxEWQ?oc=5\" target=\"_blank\" rel=\"noopener\">\u00c9dition N\u00b03172 du 12 d\u00e9cembre 2025<\/a>&nbsp;&nbsp;Le Quotidien de l&rsquo;Art<\/li>\n<li><a href=\"https:\/\/news.google.com\/rss\/articles\/CBMiqAFBVV95cUxNdTNpTlZNYVVPRk12UTZIbUt0c0ltOXZ3ZVE4T2JEUUZFY0NkY2IyNmt2Z1dya3huSHJ3Rk9FQmJ2aVljS1BRSV8xUVFnMWhtVnBYR0dQeVpBQXgtb3k4M21JeVVWaVhzdGJxdV9lbU1fSWlXc0RlWlNiWFZhbElMVk9lX3JyR1Y1WHVoWHYycVNIMWs1QS1kWkZ6NHRxemh1S1hMN3NXcjY?oc=5\" target=\"_blank\" rel=\"noopener\">Consultants \u00e0 tous les \u00e9tages : la sc\u00e8ne culturelle saoudienne s\u2019interroge<\/a>&nbsp;&nbsp;consultor.fr<\/li>\n<li><a href=\"https:\/\/news.google.com\/rss\/articles\/CBMijgJBVV95cUxPY2dXUjlfLUV0eFB0RUdiYnBYSXgxWG9icnZ3RTducFowT0ljclg0U1JHV3NKVzV3MzltTF9nNGNnbzVPa0hBQnJIQmR3WFdCMFVfU19mVjJXZk9fdHl3bVpob2JuNzloV3p1aWM3d2xPME0xSm0tbjRma1NOWF8weklDUWdQSUE0bHU2c0VWLVlDZU9ZUWktcGRnbkpKS0REN01pUGJMaGctNnkwTjhNNGVaZFg1eHZ3RElFVlJvOXdEYlRhZXZaamJqNnNRdzBwMzA4Q0VsUjlzNGMteWNYRTY2OU9HVjMzWHVqaUVnYzhHdU1VblJDbVNUUUM2QWF3S0daYk9Jd3hrY0RQaEE?oc=5\" target=\"_blank\" rel=\"noopener\">Comment l\u2019Arabie saoudite collabore avec les entreprises internationales pour r\u00e9aliser les m\u00e9gaprojets de la Vision 2030<\/a>&nbsp;&nbsp;Construction Briefing<\/li>\n<li><a href=\"https:\/\/news.google.com\/rss\/articles\/CBMiW0FVX3lxTFA0UG5xdURsb0UxeWo4Qk9ralFJR2VRRlE2YVYyVV9MWThsQmstWUZpRDlKQmoxTE1OQmlEeXE5a3p0Yl95VGwyQ1JnZW12TEFjd1pldDdkVjkweTg?oc=5\" target=\"_blank\" rel=\"noopener\">Alors que d&rsquo;autres d\u00e9battent, l&rsquo;Arabie saoudite construit et s&rsquo;adapte<\/a>&nbsp;&nbsp;Arab News FR<\/li>\n<li><a href=\"https:\/\/news.google.com\/rss\/articles\/CBMiwgFBVV95cUxOdUU5WGdySU44c0k0ZXdiYkltZklMdUNOWDdCb0dUeUVuT1kzWGNsRmNoTUgzU3RwM2FsRDdlcW9wZ185aS1YLTJzVmlZS1FRRDJLTVc0WThhZlNKancyWWxIbXVsak53eGJaSUlmV0g3NGlQX2ZXYTFzN20zaWs0MUx3dE0wYmZZd1hWMTQxQWVEaWFsWGpWck5vX1JSOEloMDlhVW9vRG1ua1BtZUpjYlRmcjhTUjlPd2dWQm5aR1V6Zw?oc=5\" target=\"_blank\" rel=\"noopener\">L\u2019Arabie saoudite investit des milliards dans sa sc\u00e8ne artistique<\/a>&nbsp;&nbsp;Le Quotidien de l&rsquo;Art<\/li>\n<\/ol>\n","protected":false},"excerpt":{"rendered":"\u00c9dition N\u00b03172 du 12 d\u00e9cembre 2025&nbsp;&nbsp;Le Quotidien de l&rsquo;Art Consultants \u00e0 tous les \u00e9tages : la sc\u00e8ne culturelle&hellip;\n","protected":false},"author":2,"featured_media":593785,"comment_status":"","ping_status":"","sticky":false,"template":"","format":"standard","meta":{"footnotes":""},"categories":[1358],"tags":[1348,1384,1385,1386,58,59,1011,27],"class_list":{"0":"post-593784","1":"post","2":"type-post","3":"status-publish","4":"format-standard","5":"has-post-thumbnail","7":"category-arts-et-design","8":"tag-arts","9":"tag-arts-and-design","10":"tag-arts-et-design","11":"tag-design","12":"tag-divertissement","13":"tag-entertainment","14":"tag-fr","15":"tag-france"},"share_on_mastodon":{"url":"https:\/\/pubeurope.com\/@fr\/115703481757286748","error":""},"_links":{"self":[{"href":"https:\/\/www.europesays.com\/fr\/wp-json\/wp\/v2\/posts\/593784","targetHints":{"allow":["GET"]}}],"collection":[{"href":"https:\/\/www.europesays.com\/fr\/wp-json\/wp\/v2\/posts"}],"about":[{"href":"https:\/\/www.europesays.com\/fr\/wp-json\/wp\/v2\/types\/post"}],"author":[{"embeddable":true,"href":"https:\/\/www.europesays.com\/fr\/wp-json\/wp\/v2\/users\/2"}],"replies":[{"embeddable":true,"href":"https:\/\/www.europesays.com\/fr\/wp-json\/wp\/v2\/comments?post=593784"}],"version-history":[{"count":0,"href":"https:\/\/www.europesays.com\/fr\/wp-json\/wp\/v2\/posts\/593784\/revisions"}],"wp:featuredmedia":[{"embeddable":true,"href":"https:\/\/www.europesays.com\/fr\/wp-json\/wp\/v2\/media\/593785"}],"wp:attachment":[{"href":"https:\/\/www.europesays.com\/fr\/wp-json\/wp\/v2\/media?parent=593784"}],"wp:term":[{"taxonomy":"category","embeddable":true,"href":"https:\/\/www.europesays.com\/fr\/wp-json\/wp\/v2\/categories?post=593784"},{"taxonomy":"post_tag","embeddable":true,"href":"https:\/\/www.europesays.com\/fr\/wp-json\/wp\/v2\/tags?post=593784"}],"curies":[{"name":"wp","href":"https:\/\/api.w.org\/{rel}","templated":true}]}}