{"id":593788,"date":"2025-12-11T23:18:23","date_gmt":"2025-12-11T23:18:23","guid":{"rendered":"https:\/\/www.europesays.com\/fr\/593788\/"},"modified":"2025-12-11T23:18:23","modified_gmt":"2025-12-11T23:18:23","slug":"on-ne-voulait-voler-personne-pourquoi-laurent-voulzy-sest-retrouve-au-coeur-dun-proces-a-cause-dun-de-ses-plus-gros-succes","status":"publish","type":"post","link":"https:\/\/www.europesays.com\/fr\/593788\/","title":{"rendered":"\u00ab\u00a0On ne voulait voler personne&#8230;\u00a0\u00bb : Pourquoi Laurent Voulzy s&rsquo;est retrouv\u00e9 au coeur d&rsquo;un proc\u00e8s \u00e0 cause d&rsquo;un de ses plus gros succ\u00e8s"},"content":{"rendered":"<p>Ce jeudi 11 d\u00e9cembre, Laurent Voulzy \u00e9tait invit\u00e9 sur le plateau de C \u00e0 vous pour promouvoir son nouvel album, intitul\u00e9 21 souvenirs. Face \u00e0 Anne-\u00c9lisabeth Lemoine, le chanteur a expliqu\u00e9 que l&rsquo;un de ses titres phares lui avait valu un proc\u00e8s lors de sa sortie.<\/p>\n<p>En 1977, la carri\u00e8re de <a href=\"https:\/\/www.programme-tv.net\/news\/people\/385114-laurent-voulzy-en-couple-il-devoile-ses-projets-avec-sa-compagne-beaucoup-plus-jeune-isaure-le-faou\/\" data-api-deeplink=\"teleloisirs:\/\/news\/385114\" target=\"_blank\" rel=\"noopener\">Laurent Voulzy <\/a>explose gr\u00e2ce \u00e0 un titre pour le moins original : Rockollection. Devenue culte, sa chanson a \u00e9t\u00e9 \u00e9crite avec <a href=\"https:\/\/www.programme-tv.net\/news\/musique\/385598-ca-fout-les-chocottes-alain-souchon-transparent-sur-un-evenement-tres-important-pour-les-artistes\/\" data-api-deeplink=\"teleloisirs:\/\/news\/385598\" target=\"_blank\" rel=\"noopener\">Alain Souchon<\/a> pour rendre hommage aux groupes des ann\u00e9es 1960, puisqu&rsquo;elle r\u00e9unit dans un seul morceau les plus grands tubes des Beattles, des Beach Boys ou encore des Bee Gees. Mais l&rsquo;initiative des deux acolytes a fini par se retourner contre eux&#8230; En effet, Laurent Voulzy a \u00e9t\u00e9 au coeur d&rsquo;un proc\u00e8s \u00e0 cause de ces reprises et des droits d&rsquo;auteur. Invit\u00e9 sur le plateau de C \u00e0 vous \u00e0 l&rsquo;occasion de la sortie de son album 21 souvenirs, l&rsquo;interpr\u00e8te de Jeanne a \u00e9voqu\u00e9 le sujet.<\/p>\n<p>Laurent Voulzy ne souhaitait pas nuire aux grands noms de la musique lorsqu&rsquo;il a improvis\u00e9, un soir de 1974, sa chanson Rockollection, m\u00e9langeant les tubes des ann\u00e9es 1960 \u00e0 des couplets en Fran\u00e7ais. Sur le plateau de C \u00e0 vous, ce jeudi 11 d\u00e9cembre, le chanteur a pourtant r\u00e9v\u00e9l\u00e9 que l&rsquo;un de ses plus gros succ\u00e8s lui avait co\u00fbt\u00e9 cher&#8230; Assis \u00e0 c\u00f4t\u00e9 de lui, <a href=\"https:\/\/www.programme-tv.net\/news\/cinema\/332640-pourris-gates-un-film-francais-qui-a-cartonne-sur-netflix-apres-son-echec-dans-les-salles\/\" data-api-deeplink=\"teleloisirs:\/\/news\/332640\" target=\"_blank\" rel=\"noopener\">Artus<\/a> a interrog\u00e9 l&rsquo;artiste sur la question des droits d&rsquo;auteur. Laurent Voulzy a expliqu\u00e9 : \u00ab\u00a0Quand on a fait la chanson avec Alain (Souchon) et que j&rsquo;ai enregistr\u00e9&#8230; On ne s&rsquo;est pas occup\u00e9 de \u00e7a !\u00a0\u00bb. Une grosse erreur pour le chanteur, qui poursuit : \u00ab\u00a0On ne voulait voler personne. Dans ma t\u00eate, je me disais : &lsquo;Chacun va toucher ses droits&rsquo;, mais \u00e7a ne s&rsquo;est pas pass\u00e9 comme \u00e7a&#8230;\u00a0\u00bb. Peu de temps apr\u00e8s la sortie de son c\u00e9l\u00e8bre titre, il a \u00e9t\u00e9 contact\u00e9 par les \u00e9diteurs fran\u00e7ais des diff\u00e9rents groupes : \u00ab\u00a0<b>Il fallait leur demander leur autorisation, parce qu&rsquo;on a tronqu\u00e9 une oeuvre (&#8230;) On a pris neuf secondes d&rsquo;une chanson<\/b>\u00ab\u00a0, avant de pr\u00e9ciser : \u00ab\u00a0Si vous reprenez un petit bout, il faut demander une autorisation, ce qui n&rsquo;a pas \u00e9t\u00e9 fait (&#8230;) On a re\u00e7u les feuilles d&rsquo;avocats, qui disaient &lsquo;Vous avez utilis\u00e9 les chansons, vous n&rsquo;aviez pas le droit parce que vous n&rsquo;avez pas demand\u00e9 l&rsquo;autorisation&rsquo;.\u00a0\u00bb.<\/p>\n<p>                        Laurent Voulzy r\u00e9v\u00e8le que les droits d&rsquo;auteur de sa chanson Rockollection ont \u00e9t\u00e9 bloqu\u00e9s pendant trois ans<\/p>\n<p>L&rsquo;erreur de ne pas demander l&rsquo;autorisation d&rsquo;utiliser des bouts de chanson aura co\u00fbt\u00e9 cher \u00e0 Laurent Voulzy&#8230; Face \u00e0 <a href=\"https:\/\/www.programme-tv.net\/news\/tv\/393334-arretez-de-faire-pleurer-ma-mere-david-hallyday-touche-par-l-emotion-de-sylvie-vartan-il-repond-a-anne-elisabeth-lemoine\/\" data-api-deeplink=\"teleloisirs:\/\/news\/393334\" target=\"_blank\" rel=\"noopener\">Anne-\u00c9lisabeth Lemoine,<\/a> il explique que les droits d&rsquo;auteur l&rsquo;ont men\u00e9 \u00e0 un proc\u00e8s : \u00ab\u00a0<b>Donc proc\u00e8s&#8230; Pendant trois ans &#8211; vous aviez raison, il y avait un probl\u00e8me &#8211; Les droits ont \u00e9t\u00e9 bloqu\u00e9s,<\/b> puis j&rsquo;ai pris un avocat et il a r\u00e9ussi \u00e0 d\u00e9patouiller l&rsquo;affaire&#8230;\u00a0\u00bb.<\/p>\n","protected":false},"excerpt":{"rendered":"Ce jeudi 11 d\u00e9cembre, Laurent Voulzy \u00e9tait invit\u00e9 sur le plateau de C \u00e0 vous pour promouvoir son&hellip;\n","protected":false},"author":2,"featured_media":593789,"comment_status":"","ping_status":"","sticky":false,"template":"","format":"standard","meta":{"footnotes":""},"categories":[1355],"tags":[36362,4470,244,58,59,1011,27,30386,1361,873,1630],"class_list":{"0":"post-593788","1":"post","2":"type-post","3":"status-publish","4":"format-standard","5":"has-post-thumbnail","7":"category-musique","8":"tag-alain-souchon","9":"tag-c-u00e0-vous","10":"tag-commentaire","11":"tag-divertissement","12":"tag-entertainment","13":"tag-fr","14":"tag-france","15":"tag-laurent-voulzy","16":"tag-music","17":"tag-musique","18":"tag-zapping"},"share_on_mastodon":{"url":"https:\/\/pubeurope.com\/@fr\/115703493823661636","error":""},"_links":{"self":[{"href":"https:\/\/www.europesays.com\/fr\/wp-json\/wp\/v2\/posts\/593788","targetHints":{"allow":["GET"]}}],"collection":[{"href":"https:\/\/www.europesays.com\/fr\/wp-json\/wp\/v2\/posts"}],"about":[{"href":"https:\/\/www.europesays.com\/fr\/wp-json\/wp\/v2\/types\/post"}],"author":[{"embeddable":true,"href":"https:\/\/www.europesays.com\/fr\/wp-json\/wp\/v2\/users\/2"}],"replies":[{"embeddable":true,"href":"https:\/\/www.europesays.com\/fr\/wp-json\/wp\/v2\/comments?post=593788"}],"version-history":[{"count":0,"href":"https:\/\/www.europesays.com\/fr\/wp-json\/wp\/v2\/posts\/593788\/revisions"}],"wp:featuredmedia":[{"embeddable":true,"href":"https:\/\/www.europesays.com\/fr\/wp-json\/wp\/v2\/media\/593789"}],"wp:attachment":[{"href":"https:\/\/www.europesays.com\/fr\/wp-json\/wp\/v2\/media?parent=593788"}],"wp:term":[{"taxonomy":"category","embeddable":true,"href":"https:\/\/www.europesays.com\/fr\/wp-json\/wp\/v2\/categories?post=593788"},{"taxonomy":"post_tag","embeddable":true,"href":"https:\/\/www.europesays.com\/fr\/wp-json\/wp\/v2\/tags?post=593788"}],"curies":[{"name":"wp","href":"https:\/\/api.w.org\/{rel}","templated":true}]}}