{"id":593790,"date":"2025-12-11T23:19:22","date_gmt":"2025-12-11T23:19:22","guid":{"rendered":"https:\/\/www.europesays.com\/fr\/593790\/"},"modified":"2025-12-11T23:19:22","modified_gmt":"2025-12-11T23:19:22","slug":"bande-annonce-completement-punk-pour-lexpedition-cosmique-de-dc","status":"publish","type":"post","link":"https:\/\/www.europesays.com\/fr\/593790\/","title":{"rendered":"bande-annonce compl\u00e8tement punk pour l&rsquo;exp\u00e9dition cosmique de DC"},"content":{"rendered":"<p><strong>L\u2019attente est termin\u00e9e. <a href=\"https:\/\/www.ecranlarge.com\/personnalite\/652864-james-gunn-ii\" data-type=\"people\" data-id=\"304984\" target=\"_blank\" rel=\"noopener\">James Gunn<\/a> vient de d\u00e9gainer l\u2019artillerie lourde avec la premi\u00e8re v\u00e9ritable bande-annonce de <a href=\"https:\/\/www.ecranlarge.com\/films\/1465788-supergirl-woman-of-tomorrow\" data-type=\"films\" data-id=\"795515\" target=\"_blank\" rel=\"noopener\">Supergirl<\/a>, et le r\u00e9sultat promet de secouer violemment le cocotier du blockbuster super-h\u00e9ro\u00efque.<\/strong><\/p>\n<p>Si <a href=\"https:\/\/www.ecranlarge.com\/films\/news\/supergirl-teaser-promesses-affiche-attente-bande-annonce\" data-type=\"link\" data-id=\"https:\/\/www.ecranlarge.com\/films\/news\/supergirl-teaser-promesses-affiche-attente-bande-annonce\" target=\"_blank\" rel=\"noopener\">le teaser de <strong>Supergirl <\/strong>nous avait mis l\u2019eau \u00e0 la bouche<\/a> avec son ambiance pop-rock d\u00e9contract\u00e9e, cette bande-annonce compl\u00e8te, tomb\u00e9e il y a quelques minutes \u00e0 peine, confirme que DC Studios ne compte pas jouer la carte de la s\u00e9curit\u00e9. Alors que l\u2019industrie dig\u00e8re encore les soubresauts corporatistes li\u00e9s aux <a href=\"https:\/\/www.ecranlarge.com\/films\/news\/warner-rachete-netflix-harry-potter-dc-game-of-thrones\" data-type=\"link\" data-id=\"https:\/\/www.ecranlarge.com\/films\/news\/warner-rachete-netflix-harry-potter-dc-game-of-thrones\" target=\"_blank\" rel=\"noopener\">intentions de rachat de Warner Bros. par Netflix<\/a>, James Gunn semble hurler avec ce trailer que le contenu reste roi. <\/p>\n<p>                    <img decoding=\"async\" alt=\"\" class=\"wp-image-518375\" style=\"object-fit:cover;width:25px;height:25px\" src=\"https:\/\/www.ecranlarge.com\/content\/uploads\/2023\/09\/arrow-right-circle.svg\"\/><\/p>\n<p>La bande-annonce ne se contente pas de montrer de zolies zimages, elle ass\u00e8ne clairement <strong>une note d\u2019intention radicale.<\/strong> L\u00e0 o\u00f9 <strong>Superman <\/strong>visait le c\u0153ur et la nostalgie bienveillante, <strong>Supergirl  <\/strong>vise les tripes, avec une direction artistique qui semble tout droit sortie d\u2019un r\u00eave fi\u00e9vreux de science-fiction des ann\u00e9es 70, dop\u00e9e aux VFX modernes.<\/p>\n<p>Supergirl : punk\u2019s not dead<\/p>\n<p>Loin des fonds verts gris\u00e2tres et des villes g\u00e9n\u00e9riques d\u00e9truites par des rayons lasers, ces nouvelles images nous plongent dans une v\u00e9ritable odyss\u00e9e spatiale. On y retrouve une Milly Alcock transfigur\u00e9e, bien loin de la Rhaenyra Targaryen de ses d\u00e9buts, incarnant <strong>une Kara Zor-El \u00e0 fleur de peau, paum\u00e9e et visiblement tr\u00e8s en col\u00e8re.<\/strong> <\/p>\n<p>Le film s\u2019annonce comme une adaptation fid\u00e8le, tant dans l\u2019esprit que dans la lettre, du comics culte de Tom King et Bilquis Evely. Et si vous pensiez avoir tout vu avec les films de super-h\u00e9ros ces quinze derni\u00e8res ann\u00e9es, ce road-trip galactique a bien l\u2019intention de vous faire revoir votre jugement.<\/p>\n<p>Et le trailer commence fort, avec Krypto, le super-chien qui a \u00e9nerv\u00e9 pas mal de monde dans Superman, qui se soulage all\u00e8grement sur la une d\u2019un journal montrant le superh\u00e9ros ayant sauv\u00e9 M\u00e9tropolis. Kara zone dans la galaxie, errant dans des bars malfam\u00e9s et<strong> ayant visiblement un sacr\u00e9 penchant pour la bouteille. <\/strong><\/p>\n<p><a href=\"https:\/\/www.ecranlarge.com\/content\/uploads\/2025\/12\/snapshot.jpg\" target=\"_blank\" rel=\"noopener\"><\/p>\n<p><img loading=\"lazy\" decoding=\"async\" alt=\"\" src=\"https:\/\/www.europesays.com\/fr\/wp-content\/uploads\/2025\/12\/snapshot-1260x544.jpg\" width=\"1260\" height=\"544\"  \/><\/p>\n<p><\/a>Perdue dans l\u2019espace<\/p>\n<p>Ce qui ne l\u2019emp\u00eache pas de coller une bonne racl\u00e9e \u00e0 une bande de mercenaires de l\u2019espace venus lui chercher des noises. On a droit \u00e9galement \u00e0 quelques sc\u00e8nes de flashbacks o\u00f9 Supergirl est encore sur Krypton, et subit, impuissante, la destruction de son monde. De quoi g\u00e9n\u00e9rer <strong>un gros PTSD des familles. <\/strong><\/p>\n<p>On ne manquera pas de souligner la pr\u00e9sence de Lobo, incarn\u00e9 par Jason Momoa tout en muscles et en cheveux gras, qu\u2019on aper\u00e7oit pendant une demi-seconde, avant que l\u2019on voie Kara Zor-El v\u00eatue de sa tenue iconique. Et le moins qu\u2019on puisse dire, c\u2019est qu\u2019elle va \u00e0 Milly Alcock comme un gant. Pas de doute, <strong>elle est instantan\u00e9ment devenue la Supergirl \u00e9tendard du c\u00f4t\u00e9 punk du DCU. <\/strong><\/p>\n<p><a href=\"https:\/\/www.ecranlarge.com\/content\/uploads\/2025\/12\/snapshot21.jpg\" target=\"_blank\" rel=\"noopener\"><\/p>\n<p><img loading=\"lazy\" decoding=\"async\" alt=\"\" src=\"https:\/\/www.europesays.com\/fr\/wp-content\/uploads\/2025\/12\/snapshot21-1260x642.jpg\" width=\"1260\" height=\"642\"  \/><\/p>\n<p><\/a>La Femme de Demain<\/p>\n<p>C\u00f4t\u00e9 histoire, on assiste \u00e0 la rencontre entre Supergirl et la jeune Ruthye Marye Knoll (Eve Ridley), dont la qu\u00eate pour retrouver le meurtrier de son p\u00e8re va devenir le moteur de l\u2019intrigue. La dynamique entre les deux personnages saute aux yeux : une guerri\u00e8re kryptonienne blas\u00e9e et cynique (\u00ab\u00a0J\u2019ai vu ma plan\u00e8te mourir, qu\u2019est-ce que j\u2019en ai \u00e0 faire de tes emmerdes ?\u00a0\u00bb) forc\u00e9e de faire \u00e9quipe avec une enfant \u00e0 la d\u00e9termination d\u2019acier. Le ton oscille entre le western cr\u00e9pusculaire et le conte de f\u00e9es cosmique qui aurait mal tourn\u00e9.<\/p>\n<p>Face \u00e0 elles, le toujours intense Matthias Schoenaerts pr\u00eate sa carrure au vilain Krem, tandis que David Krumholtz sera Zor-El et Emily Beecham sera Alura In-Ze.<\/p>\n<p>Reste maintenant \u00e0 patienter jusqu\u2019au <strong>24 juin 2026<\/strong> pour savoir si le film de Craig Gillespie (<strong>Moi, Tonya, Cruella<\/strong>) tiendra toutes ces promesses sur la dur\u00e9e, et si l\u2019univers DC a enfin retrouv\u00e9 le caract\u00e8re transgressif qui lui manquait. <\/p>\n","protected":false},"excerpt":{"rendered":"L\u2019attente est termin\u00e9e. James Gunn vient de d\u00e9gainer l\u2019artillerie lourde avec la premi\u00e8re v\u00e9ritable bande-annonce de Supergirl, et&hellip;\n","protected":false},"author":2,"featured_media":593791,"comment_status":"","ping_status":"","sticky":false,"template":"","format":"standard","meta":{"footnotes":""},"categories":[1354],"tags":[58,59,1346,1011,27,1360],"class_list":{"0":"post-593790","1":"post","2":"type-post","3":"status-publish","4":"format-standard","5":"has-post-thumbnail","7":"category-films","8":"tag-divertissement","9":"tag-entertainment","10":"tag-films","11":"tag-fr","12":"tag-france","13":"tag-movies"},"share_on_mastodon":{"url":"https:\/\/pubeurope.com\/@fr\/115703499735998492","error":""},"_links":{"self":[{"href":"https:\/\/www.europesays.com\/fr\/wp-json\/wp\/v2\/posts\/593790","targetHints":{"allow":["GET"]}}],"collection":[{"href":"https:\/\/www.europesays.com\/fr\/wp-json\/wp\/v2\/posts"}],"about":[{"href":"https:\/\/www.europesays.com\/fr\/wp-json\/wp\/v2\/types\/post"}],"author":[{"embeddable":true,"href":"https:\/\/www.europesays.com\/fr\/wp-json\/wp\/v2\/users\/2"}],"replies":[{"embeddable":true,"href":"https:\/\/www.europesays.com\/fr\/wp-json\/wp\/v2\/comments?post=593790"}],"version-history":[{"count":0,"href":"https:\/\/www.europesays.com\/fr\/wp-json\/wp\/v2\/posts\/593790\/revisions"}],"wp:featuredmedia":[{"embeddable":true,"href":"https:\/\/www.europesays.com\/fr\/wp-json\/wp\/v2\/media\/593791"}],"wp:attachment":[{"href":"https:\/\/www.europesays.com\/fr\/wp-json\/wp\/v2\/media?parent=593790"}],"wp:term":[{"taxonomy":"category","embeddable":true,"href":"https:\/\/www.europesays.com\/fr\/wp-json\/wp\/v2\/categories?post=593790"},{"taxonomy":"post_tag","embeddable":true,"href":"https:\/\/www.europesays.com\/fr\/wp-json\/wp\/v2\/tags?post=593790"}],"curies":[{"name":"wp","href":"https:\/\/api.w.org\/{rel}","templated":true}]}}