{"id":593792,"date":"2025-12-11T23:20:16","date_gmt":"2025-12-11T23:20:16","guid":{"rendered":"https:\/\/www.europesays.com\/fr\/593792\/"},"modified":"2025-12-11T23:20:16","modified_gmt":"2025-12-11T23:20:16","slug":"alcool-depression-eco-anxiete-comment-vont-les-bretons-le-telegramme","status":"publish","type":"post","link":"https:\/\/www.europesays.com\/fr\/593792\/","title":{"rendered":"Alcool, d\u00e9pression, \u00e9co-anxi\u00e9t\u00e9 : comment vont les Bretons ? &#8211; Le T\u00e9l\u00e9gramme"},"content":{"rendered":"<ol>\n<li><a href=\"https:\/\/news.google.com\/rss\/articles\/CBMipgFBVV95cUxPV1VvOXBsQnpiV0xtNVpzeFZVdlA4RTZZVzJaQ1Y1ZVZaS0ZBODViRjhiR2xDOHVFMDJzR1JfeHM0dkVtN05rREo3X29lZ0RDaDJkUlROcTZCZFlORWltRENLYjI3MF9UdkVlR3VBMjBfLWNuZUZRcGhzTlllakZ4anJJaDRKb3JoVE4xUVVKbGNGTk9IRjFnUTlOdmExSWNSZnZuOWpR?oc=5\" target=\"_blank\" rel=\"noopener\">Alcool, d\u00e9pression, \u00e9co-anxi\u00e9t\u00e9 : comment vont les Bretons ?<\/a>&nbsp;&nbsp;Le T\u00e9l\u00e9gramme<\/li>\n<li><a href=\"https:\/\/news.google.com\/rss\/articles\/CBMi3gFBVV95cUxPRy1TYm1STDNhSVJISXRXajNFWkt6b2lXZHJVdi1meEFpc2E1ZXQ4dFZxUW8zYmJMRVFZeW1YY1hxSVhtWjdBM0owWElMS2xOSUJIcWstelpKZFFENEpVbTR2Y0RRZnBXWkMzZlA2VG1rOFIycVlGSFd0RENaNENFc29YcF9ELXRNMk54YUZwUUtPUEpDNmtBVDduTXVMM3NncnB2aTg4b3drRXY5Tmw0Sl9RMWxHZ08yb1R3YW9QMXBzQ2NDcVJTTHhIbGk0QVo3NWJBNjJFYTdSWFlzT3c?oc=5\" target=\"_blank\" rel=\"noopener\">L\u2019\u00e9tat de sant\u00e9 des Fran\u00e7ais toujours tr\u00e8s marqu\u00e9 par les in\u00e9galit\u00e9s sociales<\/a>&nbsp;&nbsp;Le Monde.fr<\/li>\n<li><a href=\"https:\/\/news.google.com\/rss\/articles\/CBMimgFBVV95cUxOdU85WkRqWUpxTlNUNGNXSFNKakIwaGRTX3Jzd193RG5FQU0xcmdpVHpNRFZLcjVLT3dwWEdYNkJJWldQQkVTbk9JV2VZV29CNDZMcnFtMHQ2SzJ2cnVDSXd0UUI0SmlTd0JSS0U4OGJhUHlENGctV2VDQVpRbmlhTFMwOEpSdzUyeGpmSEtoZDBTdlRCX29DQklB?oc=5\" target=\"_blank\" rel=\"noopener\">Le Barom\u00e8tre 2024 Sant\u00e9 Publique montre les habitudes de sommeil des Fran\u00e7ais<\/a>&nbsp;&nbsp;20 Minutes<\/li>\n<li><a href=\"https:\/\/news.google.com\/rss\/articles\/CBMilAFBVV95cUxQSEJnelFkS0U2Wk1fT19JZWJyUnhmZXRhWC1XcHcwNXhUVTJYOU9mMlBzeE5Kckp6UkR4TGFMOXpnbm1JMlRJWG8zUEFUTnBONGRYOEo2b3ZLMUtReDFVU19JVk90ckx4UjFiRmJ3TzBDVV9mX3RuTmFLZHNISzRNZFhUdXVxeUJMQUoyTlpvQjRQd3VZ?oc=5\" target=\"_blank\" rel=\"noopener\">Les Fran\u00e7ais fument moins, boivent trop et d\u00e9priment plus, selon une vaste enqu\u00eate de Sant\u00e9 publique France<\/a>&nbsp;&nbsp;Yahoo Actualit\u00e9s<\/li>\n<li><a href=\"https:\/\/news.google.com\/rss\/articles\/CBMi6wFBVV95cUxPNWN1WTVkNTN4TXpZX1J6VmllSWd1bGVVVE9NZlIzNWJGSWxaZTdWWXlPWHRBcjBRcFhWX0VTci1pYmRaTDZ2TXphSEY3SXgxOWxDajBtTnFxV1R2ZGllc3VZaHo4RkptUTBWZFptcDJBZ2NJNjFsQ0s0dUJJalA1azFVOFZRSTYxd0I3VmxVemFXOWs1SjJpTkJKSmZLZWlobTBxbkZCVTY5ZjVVdXdFMEtJQV90WHhCX21iaWpTNXVpRkNqdjdEM1k2S1EtMXpFVW9sbGkzeENVTE1XSEJXWUhXWFRpc2tmd0ZN?oc=5\" target=\"_blank\" rel=\"noopener\">Alcool, sommeil, s\u00e9dentarit\u00e9, in\u00e9galit\u00e9s\u2026 Ce que nous apprend le barom\u00e8tre de la sant\u00e9 des Fran\u00e7ais<\/a>&nbsp;&nbsp;Ouest-France<\/li>\n<\/ol>\n","protected":false},"excerpt":{"rendered":"Alcool, d\u00e9pression, \u00e9co-anxi\u00e9t\u00e9 : comment vont les Bretons ?&nbsp;&nbsp;Le T\u00e9l\u00e9gramme L\u2019\u00e9tat de sant\u00e9 des Fran\u00e7ais toujours tr\u00e8s marqu\u00e9&hellip;\n","protected":false},"author":2,"featured_media":593793,"comment_status":"","ping_status":"","sticky":false,"template":"","format":"standard","meta":{"footnotes":""},"categories":[10],"tags":[11,829,2171,765,3321,1011,27,72,848,3729,71],"class_list":{"0":"post-593792","1":"post","2":"type-post","3":"status-publish","4":"format-standard","5":"has-post-thumbnail","7":"category-sante","8":"tag-actualites","9":"tag-bretagne","10":"tag-cotes-darmor","11":"tag-en-continu","12":"tag-finistere","13":"tag-fr","14":"tag-france","15":"tag-health","16":"tag-ille-et-vilaine","17":"tag-morbihan","18":"tag-sante"},"share_on_mastodon":{"url":"https:\/\/pubeurope.com\/@fr\/115703501466939101","error":""},"_links":{"self":[{"href":"https:\/\/www.europesays.com\/fr\/wp-json\/wp\/v2\/posts\/593792","targetHints":{"allow":["GET"]}}],"collection":[{"href":"https:\/\/www.europesays.com\/fr\/wp-json\/wp\/v2\/posts"}],"about":[{"href":"https:\/\/www.europesays.com\/fr\/wp-json\/wp\/v2\/types\/post"}],"author":[{"embeddable":true,"href":"https:\/\/www.europesays.com\/fr\/wp-json\/wp\/v2\/users\/2"}],"replies":[{"embeddable":true,"href":"https:\/\/www.europesays.com\/fr\/wp-json\/wp\/v2\/comments?post=593792"}],"version-history":[{"count":0,"href":"https:\/\/www.europesays.com\/fr\/wp-json\/wp\/v2\/posts\/593792\/revisions"}],"wp:featuredmedia":[{"embeddable":true,"href":"https:\/\/www.europesays.com\/fr\/wp-json\/wp\/v2\/media\/593793"}],"wp:attachment":[{"href":"https:\/\/www.europesays.com\/fr\/wp-json\/wp\/v2\/media?parent=593792"}],"wp:term":[{"taxonomy":"category","embeddable":true,"href":"https:\/\/www.europesays.com\/fr\/wp-json\/wp\/v2\/categories?post=593792"},{"taxonomy":"post_tag","embeddable":true,"href":"https:\/\/www.europesays.com\/fr\/wp-json\/wp\/v2\/tags?post=593792"}],"curies":[{"name":"wp","href":"https:\/\/api.w.org\/{rel}","templated":true}]}}