{"id":593796,"date":"2025-12-11T23:23:12","date_gmt":"2025-12-11T23:23:12","guid":{"rendered":"https:\/\/www.europesays.com\/fr\/593796\/"},"modified":"2025-12-11T23:23:12","modified_gmt":"2025-12-11T23:23:12","slug":"eurovision-nemo-rend-son-trophee-2024-pour-protester-contre-la-participation-disrael-actualites","status":"publish","type":"post","link":"https:\/\/www.europesays.com\/fr\/593796\/","title":{"rendered":"Eurovision: Nemo rend son troph\u00e9e 2024 pour protester contre la participation d&rsquo;Isra\u00ebl : Actualit\u00e9s"},"content":{"rendered":"<p class=\"lead \">L&rsquo;artiste suisse Nemo, qui a remport\u00e9 l\u2019Eurovision 2024 en Su\u00e8de, a annonc\u00e9 jeudi rendre son troph\u00e9e pour protester contre le maintien de la participation d&rsquo;Isra\u00ebl dans la comp\u00e9tition, qui a d\u00e9j\u00e0 provoqu\u00e9 le boycott de cinq pays. <\/p>\n<p class=\"lead \">\u00ab\u00a0En tant que personne et en tant qu&rsquo;artiste, aujourd&rsquo;hui, je ne pense plus que ce troph\u00e9e ait sa place sur mon \u00e9tag\u00e8re\u00a0\u00bb, a d\u00e9clar\u00e9 dans une vid\u00e9o post\u00e9e sur Instagram Nemo, qui s&rsquo;\u00e9tait d\u00e9j\u00e0 joint aux appels r\u00e9clamant l&rsquo;exclusion d&rsquo;Isra\u00ebl du plus grand \u00e9v\u00e9nement musical t\u00e9l\u00e9vis\u00e9 en direct au monde.<\/p>\n<p class=\"lead \">\u00ab\u00a0L&rsquo;Eurovision pr\u00e9tend d\u00e9fendre l&rsquo;unit\u00e9, l&rsquo;inclusion et la dignit\u00e9 de tous (&#8230;) Mais la participation continue d&rsquo;Isra\u00ebl, alors que la commission d&rsquo;enqu\u00eate internationale ind\u00e9pendante (mandat\u00e9e par) l&rsquo;ONU a conclu \u00e0 un g\u00e9nocide, d\u00e9montre un conflit \u00e9vident entre ces id\u00e9aux et les d\u00e9cisions prises par\u00a0\u00bb l&rsquo;Union europ\u00e9enne de Radio-T\u00e9l\u00e9vision (UER), a d\u00e9clar\u00e9 le chanteur de 26 ans.<\/p>\n<p class=\"lead \">\u00ab\u00a0Il ne s&rsquo;agit pas d&rsquo;individus ou d&rsquo;artistes. Il s&rsquo;agit du fait que le concours a \u00e9t\u00e9 utilis\u00e9 \u00e0 maintes reprises pour redorer l&rsquo;image d&rsquo;un \u00c9tat accus\u00e9 de graves atrocit\u00e9s\u00a0\u00bb, a ajout\u00e9 Nemo, devenu en 2024 le premier artiste non binaire \u00e0 \u00eatre sacr\u00e9 \u00e0 l&rsquo;issue d&rsquo;une \u00e9dition d\u00e9j\u00e0 marqu\u00e9e par une controverses sur la participation d&rsquo;Isra\u00ebl en pleine guerre dans la bande de Gaza.<\/p>\n<p class=\"lead \">Mercredi, la t\u00e9l\u00e9vision publique islandaise RUV a annonc\u00e9 boycotter l&rsquo;\u00e9dition 2026 de l&rsquo;Eurovision apr\u00e8s le feu vert donn\u00e9 \u00e0 la participation d&rsquo;Isra\u00ebl, devenant le cinqui\u00e8me pays \u00e0 ne pas participer au prochain concours \u00e0 Vienne.<\/p>\n<p class=\"lead \">D\u00e9but d\u00e9cembre, la majorit\u00e9 des membres de l&rsquo;UER avaient estim\u00e9 qu&rsquo;il n&rsquo;\u00e9tait pas n\u00e9cessaire de voter sur la participation d&rsquo;Isra\u00ebl avec sa t\u00e9l\u00e9vision publique KAN.<\/p>\n<p class=\"lead \">Cette d\u00e9cision a d\u00e9clench\u00e9 instantan\u00e9ment les annonces de boycott des diffuseurs de l&rsquo;Espagne, des Pays-Bas, de l&rsquo;Irlande et de la Slov\u00e9nie, sur fond de critiques de la guerre dans la bande de Gaza mais aussi d&rsquo;accusations d&rsquo;irr\u00e9gularit\u00e9s dans les votes lors des pr\u00e9c\u00e9dentes \u00e9ditions.<\/p>\n<p class=\"lead \">\u00ab\u00a0Quand des pays entiers se retirent, il est \u00e9vident que quelque chose ne va pas du tout. C&rsquo;est pourquoi j&rsquo;ai d\u00e9cid\u00e9 de renvoyer ce troph\u00e9e au si\u00e8ge de l&rsquo;UER \u00e0 Gen\u00e8ve, avec gratitude et un message clair : incarnez vos valeurs\u00a0\u00bb, a ajout\u00e9 Nemo, avant de d\u00e9poser son troph\u00e9e dans une boite.<\/p>\n<p class=\"small font-weight-bold text-gray3 \"> publi\u00e9 le 11 d\u00e9cembre \u00e0 21h53, AFP<\/p>\n<p>                             Partager<\/p>\n","protected":false},"excerpt":{"rendered":"L&rsquo;artiste suisse Nemo, qui a remport\u00e9 l\u2019Eurovision 2024 en Su\u00e8de, a annonc\u00e9 jeudi rendre son troph\u00e9e pour protester&hellip;\n","protected":false},"author":2,"featured_media":593797,"comment_status":"","ping_status":"","sticky":false,"template":"","format":"standard","meta":{"footnotes":""},"categories":[8],"tags":[2120,58,59,2399,1011,27,3819,873,3067,9556],"class_list":{"0":"post-593796","1":"post","2":"type-post","3":"status-publish","4":"format-standard","5":"has-post-thumbnail","7":"category-divertissement","8":"tag-conflit","9":"tag-divertissement","10":"tag-entertainment","11":"tag-eurovision","12":"tag-fr","13":"tag-france","14":"tag-isral","15":"tag-musique","16":"tag-suisse","17":"tag-tlvision"},"share_on_mastodon":{"url":"https:\/\/pubeurope.com\/@fr\/115703513411734305","error":""},"_links":{"self":[{"href":"https:\/\/www.europesays.com\/fr\/wp-json\/wp\/v2\/posts\/593796","targetHints":{"allow":["GET"]}}],"collection":[{"href":"https:\/\/www.europesays.com\/fr\/wp-json\/wp\/v2\/posts"}],"about":[{"href":"https:\/\/www.europesays.com\/fr\/wp-json\/wp\/v2\/types\/post"}],"author":[{"embeddable":true,"href":"https:\/\/www.europesays.com\/fr\/wp-json\/wp\/v2\/users\/2"}],"replies":[{"embeddable":true,"href":"https:\/\/www.europesays.com\/fr\/wp-json\/wp\/v2\/comments?post=593796"}],"version-history":[{"count":0,"href":"https:\/\/www.europesays.com\/fr\/wp-json\/wp\/v2\/posts\/593796\/revisions"}],"wp:featuredmedia":[{"embeddable":true,"href":"https:\/\/www.europesays.com\/fr\/wp-json\/wp\/v2\/media\/593797"}],"wp:attachment":[{"href":"https:\/\/www.europesays.com\/fr\/wp-json\/wp\/v2\/media?parent=593796"}],"wp:term":[{"taxonomy":"category","embeddable":true,"href":"https:\/\/www.europesays.com\/fr\/wp-json\/wp\/v2\/categories?post=593796"},{"taxonomy":"post_tag","embeddable":true,"href":"https:\/\/www.europesays.com\/fr\/wp-json\/wp\/v2\/tags?post=593796"}],"curies":[{"name":"wp","href":"https:\/\/api.w.org\/{rel}","templated":true}]}}