{"id":593798,"date":"2025-12-11T23:24:16","date_gmt":"2025-12-11T23:24:16","guid":{"rendered":"https:\/\/www.europesays.com\/fr\/593798\/"},"modified":"2025-12-11T23:24:16","modified_gmt":"2025-12-11T23:24:16","slug":"geminides-une-pluie-exceptionnelle-detoiles-filantes-va-traverser-le-ciel-de-lhexagone-ce-week-end-actualites","status":"publish","type":"post","link":"https:\/\/www.europesays.com\/fr\/593798\/","title":{"rendered":"G\u00e9minides : une pluie exceptionnelle d&rsquo;\u00e9toiles filantes va traverser le ciel de l\u2019hexagone ce week end : Actualit\u00e9s"},"content":{"rendered":"<p class=\"lead \"><strong>Amateurs d\u2019\u00e9toiles filantes, un ph\u00e9nom\u00e8ne appel\u00e9 G\u00e9minides va se produire dans la nuit du samedi 13 au dimanche 14 d\u00e9cembre prochain. Ce sera l\u2019occasion d\u2019admirer des centaines d&rsquo;\u00e9toiles filantes \u00e0 l&rsquo;\u0153il nu.<\/strong><\/p>\n<p class=\"lead \"> Avec, en moyenne, 150 \u00e9toiles par heure, les amateurs de cieux nocturnes et \u00e9toil\u00e9s vont \u00eatre combl\u00e9s au cours de la nuit du samedi 13 au dimanche 14 d\u00e9cembre prochain, rapporte <a href=\"https:\/\/www.rtl.fr\/actu\/sciences-tech\/la-plus-forte-pluie-d-etoiles-filantes-de-l-annee-quand-observer-le-pic-des-geninides-et-ses-150-meteores-par-heure-7900576157\" target=\"_blank\" rel=\"noopener\">RTL<\/a>. Le plus impressionnant est peut-\u00eatre que le ph\u00e9nom\u00e8ne sera visible \u00e0 l&rsquo;\u0153il nu. La pluie de m\u00e9t\u00e9ores se nomme G\u00e9minides. Si vous avez \u00e9t\u00e9 attentif, vous aurez peut-\u00eatre remarqu\u00e9 que le ph\u00e9nom\u00e8ne est d\u00e9j\u00e0 visible dans le ciel fran\u00e7ais depuis le d\u00e9but du mois de d\u00e9cembre. Cependant, son intensit\u00e9 varie selon les conditions m\u00e9t\u00e9orologiques.<\/p>\n<p class=\"lead \"> D\u2019apr\u00e8s l\u2019<a href=\"https:\/\/www.imo.net\/fr\/\" target=\"_blank\" rel=\"noopener\">International Meteor Organization<\/a> (IMO), il s&rsquo;agit du ph\u00e9nom\u00e8ne le plus intense en mati\u00e8re de pluie de m\u00e9t\u00e9ores de toute l&rsquo;ann\u00e9e. Et, en France, les conditions s&rsquo;annoncent favorables pour pouvoir appr\u00e9cier le spectacle. \u00ab\u00a0Contrairement \u00e0 2024, les conditions s\u2019av\u00e8rent bien plus favorables puisque la Lune sera relativement discr\u00e8te avec une illumination \u00e0 30 % et, surtout, un lever \u00e0 2h57\u00a0\u00bb, rapporte le site de la Cit\u00e9 de l&rsquo;Espace de Toulouse.<\/p>\n<p>                                                                                                Comment en profiter un maximum ?<\/p>\n<p class=\"lead \"> Il est d\u2019abord recommand\u00e9 aux amateurs de fuir les nuages et les lumi\u00e8res des grandes villes. De plus, pour s\u2019habituer \u00e0 l\u2019obscurit\u00e9 de la nuit, les yeux ont besoin d\u2019au moins 10 minutes. Ils per\u00e7oivent ensuite toutes les \u00e9toiles, et aucun t\u00e9lescope ou \u00e9quipement sp\u00e9cial n&rsquo;est n\u00e9cessaire.<\/p>\n<p class=\"lead \"> Pour admirer le spectacle, le lieu id\u00e9al reste le bord de mer, un point \u00e9lev\u00e9 ou un champ d\u00e9gag\u00e9. En cas de ciel nuageux, des \u00e9toiles filantes pourront \u00eatre visibles les nuits avant ou apr\u00e8s le pic d&rsquo;activit\u00e9. Les \u00e9toiles filantes seront toutefois moins nombreuses.<\/p>\n<p class=\"small font-weight-bold text-gray3 \"> publi\u00e9 le 11 d\u00e9cembre \u00e0 20h58, Myriam Bendjilali, 6medias<\/p>\n<p>                             Partager<\/p>\n","protected":false},"excerpt":{"rendered":"Amateurs d\u2019\u00e9toiles filantes, un ph\u00e9nom\u00e8ne appel\u00e9 G\u00e9minides va se produire dans la nuit du samedi 13 au dimanche&hellip;\n","protected":false},"author":2,"featured_media":593799,"comment_status":"","ping_status":"","sticky":false,"template":"","format":"standard","meta":{"footnotes":""},"categories":[7],"tags":[1011,27,43,40,41,39,42,44],"class_list":{"0":"post-593798","1":"post","2":"type-post","3":"status-publish","4":"format-standard","5":"has-post-thumbnail","7":"category-sciences-et-technologies","8":"tag-fr","9":"tag-france","10":"tag-science","11":"tag-science-and-technology","12":"tag-sciences","13":"tag-sciences-et-technologies","14":"tag-technologies","15":"tag-technology"},"share_on_mastodon":{"url":"https:\/\/pubeurope.com\/@fr\/115703517311227605","error":""},"_links":{"self":[{"href":"https:\/\/www.europesays.com\/fr\/wp-json\/wp\/v2\/posts\/593798","targetHints":{"allow":["GET"]}}],"collection":[{"href":"https:\/\/www.europesays.com\/fr\/wp-json\/wp\/v2\/posts"}],"about":[{"href":"https:\/\/www.europesays.com\/fr\/wp-json\/wp\/v2\/types\/post"}],"author":[{"embeddable":true,"href":"https:\/\/www.europesays.com\/fr\/wp-json\/wp\/v2\/users\/2"}],"replies":[{"embeddable":true,"href":"https:\/\/www.europesays.com\/fr\/wp-json\/wp\/v2\/comments?post=593798"}],"version-history":[{"count":0,"href":"https:\/\/www.europesays.com\/fr\/wp-json\/wp\/v2\/posts\/593798\/revisions"}],"wp:featuredmedia":[{"embeddable":true,"href":"https:\/\/www.europesays.com\/fr\/wp-json\/wp\/v2\/media\/593799"}],"wp:attachment":[{"href":"https:\/\/www.europesays.com\/fr\/wp-json\/wp\/v2\/media?parent=593798"}],"wp:term":[{"taxonomy":"category","embeddable":true,"href":"https:\/\/www.europesays.com\/fr\/wp-json\/wp\/v2\/categories?post=593798"},{"taxonomy":"post_tag","embeddable":true,"href":"https:\/\/www.europesays.com\/fr\/wp-json\/wp\/v2\/tags?post=593798"}],"curies":[{"name":"wp","href":"https:\/\/api.w.org\/{rel}","templated":true}]}}