{"id":59380,"date":"2025-04-28T13:53:09","date_gmt":"2025-04-28T13:53:09","guid":{"rendered":"https:\/\/www.europesays.com\/fr\/59380\/"},"modified":"2025-04-28T13:53:09","modified_gmt":"2025-04-28T13:53:09","slug":"tournee-a-montpellier-et-lattes-diffusee-sur-netflix-la-trilogie-balle-perdue-fait-mouche","status":"publish","type":"post","link":"https:\/\/www.europesays.com\/fr\/59380\/","title":{"rendered":"tourn\u00e9e \u00e0 Montpellier et Lattes, diffus\u00e9e sur Netflix, la trilogie \u00ab\u00a0Balle Perdue\u00a0\u00bb fait mouche"},"content":{"rendered":"<p>            Par<br \/>\n        <strong><br \/>\n            <a href=\"https:\/\/actu.fr\/auteur\/metropoop\" title=\"Consulter tous les articles de R\u00e9daction M\u00e9tropolitain\" target=\"_blank\" rel=\"noopener\">R\u00e9daction M\u00e9tropolitain<\/a><br \/>\n        <\/strong><\/p>\n<p>        Publi\u00e9 le<\/p>\n<p>            28 avr. 2025 \u00e0 11h29        <\/p>\n<p><strong>Montpellier<\/strong> sera de nouveau en vedette sur <strong>Netflix<\/strong> avec, diffus\u00e9 le mercredi 7 mai 2025, le troisi\u00e8me opus de la saga polici\u00e8re<strong> \u00ab\u00a0Balle Perdue\u00a0\u00bb,<\/strong> dont de nombreux \u00e9pisodes ont \u00e9t\u00e9 tourn\u00e9s ici et \u00e0 Lattes, notamment. Mais, ce troisi\u00e8me film sera pr\u00e9sent\u00e9 en ayant-premi\u00e8re ce lundi 28 avril \u00e0 18h30\u00a0au cin\u00e9ma Path\u00e9 Com\u00e9die, en pr\u00e9sence de l\u2019\u00e9quipe du film, r\u00e9alis\u00e9 par Guillaume Pierret.<\/p>\n<p class=\" wall-content\">Que de chemins parcourus et de pellicules\u00a0noircies\u00a0depuis le premier film sorti en 2020 sur Netflix, avec une audience record : \u00a0il a, en effet, \u00e9t\u00e9 <strong>visionn\u00e9 plus de 40 millions de fois<\/strong> sur la plateforme, avant une suite en 2020 ayant obtenu la premi\u00e8re place du classement mondial, puis le volet 3, une<strong> trilogie<\/strong> de teaser explosif appel\u00e9e \u00e0 s\u00e9duire de nouveau les amateurs de bons polars.<\/p>\n<p class=\" wall-content\">\n<p class=\" wall-content\">Selon l\u2019\u00e9quipe du film, le quartier d\u2019Antigone, les parcs Montcalm et de la Guirlande,\u00a0l\u2019incontournable\u00a0tramway, les berges du Lez ont servi \u00e0 tourner la plupart des sc\u00e8nes, ainsi qu\u2019\u00e0 Lattes et dans d\u2019autres villes de la r\u00e9gion.<\/p>\n<p class=\" wall-content\">Ce film a re\u00e7u le soutien logistique de la Commission du film Occitanie, de Gindou Cin\u00e9ma, de Cin\u00e9 32, du Bureau d\u2019accueil des tournages de Montpellier M\u00e9diterran\u00e9e M\u00e9tropole et d\u2019Aveyron Cin\u00e9ma.<\/p>\n<p>Le synopsis\u00a0<\/p>\n<p class=\" wall-content\">Le m\u00e9canicien de g\u00e9nie Lino -jou\u00e9 par Alban Lenoir- sort de prison, mais sa soif de justice est intacte. Toujours \u00e9paul\u00e9 par Julia -St\u00e9fi Celma- il se lance aux trousses d\u2019Areski \u2013<strong>Nicolas Duvauchelle<\/strong>\u2013 de retour en France, mais il doit faire face \u00e0 un ennemi redoutable, interpr\u00e9t\u00e9 par <strong>G\u00e9rard Lanvin<\/strong>. Une belle distribution pour cette\u00a0nouvelle saga en trois volets, avec des sc\u00e8nes spectaculaires de poursuites et de cascades. Bref, \u00ab\u00a0Balle perdue\u00a0\u00bb fait mouche.<\/p>\n<p>Vid\u00e9os : en ce moment sur Actu<\/p>\n<p class=\" wall-content\">Suivez toute l\u2019actualit\u00e9 de vos villes et m\u00e9dias favoris en vous inscrivant \u00e0 <a href=\"https:\/\/moncompte.actu.fr\" title=\"D\u00e9couvez Mon Actu\" rel=\"nofollow noopener\" data-trk=\"{&quot;cta&quot;:{&quot;action&quot;:&quot;https:\\\/\\\/moncompte.actu.fr&quot;,&quot;category&quot;:&quot;mon compte&quot;,&quot;from&quot;:&quot;article footer&quot;,&quot;name&quot;:&quot;Mon actu&quot;,&quot;type&quot;:&quot;cta&quot;}}\" target=\"_blank\">Mon Actu<\/a>.<\/p>\n","protected":false},"excerpt":{"rendered":"Par R\u00e9daction M\u00e9tropolitain Publi\u00e9 le 28 avr. 2025 \u00e0 11h29 Montpellier sera de nouveau en vedette sur Netflix&hellip;\n","protected":false},"author":2,"featured_media":59381,"comment_status":"","ping_status":"","sticky":false,"template":"","format":"standard","meta":{"footnotes":""},"categories":[9599],"tags":[1111,11,650,1777,674,11791,1011,27,2208,12,2680,1072,25],"class_list":{"0":"post-59380","1":"post","2":"type-post","3":"status-publish","4":"format-standard","5":"has-post-thumbnail","7":"category-montpellier","8":"tag-actu","9":"tag-actualites","10":"tag-cinema","11":"tag-eu","12":"tag-europe","13":"tag-film-francophone","14":"tag-fr","15":"tag-france","16":"tag-montpellier","17":"tag-news","18":"tag-occitanie","19":"tag-police","20":"tag-republique-francaise"},"share_on_mastodon":{"url":"https:\/\/pubeurope.com\/@fr\/114415927496722826","error":""},"_links":{"self":[{"href":"https:\/\/www.europesays.com\/fr\/wp-json\/wp\/v2\/posts\/59380","targetHints":{"allow":["GET"]}}],"collection":[{"href":"https:\/\/www.europesays.com\/fr\/wp-json\/wp\/v2\/posts"}],"about":[{"href":"https:\/\/www.europesays.com\/fr\/wp-json\/wp\/v2\/types\/post"}],"author":[{"embeddable":true,"href":"https:\/\/www.europesays.com\/fr\/wp-json\/wp\/v2\/users\/2"}],"replies":[{"embeddable":true,"href":"https:\/\/www.europesays.com\/fr\/wp-json\/wp\/v2\/comments?post=59380"}],"version-history":[{"count":0,"href":"https:\/\/www.europesays.com\/fr\/wp-json\/wp\/v2\/posts\/59380\/revisions"}],"wp:featuredmedia":[{"embeddable":true,"href":"https:\/\/www.europesays.com\/fr\/wp-json\/wp\/v2\/media\/59381"}],"wp:attachment":[{"href":"https:\/\/www.europesays.com\/fr\/wp-json\/wp\/v2\/media?parent=59380"}],"wp:term":[{"taxonomy":"category","embeddable":true,"href":"https:\/\/www.europesays.com\/fr\/wp-json\/wp\/v2\/categories?post=59380"},{"taxonomy":"post_tag","embeddable":true,"href":"https:\/\/www.europesays.com\/fr\/wp-json\/wp\/v2\/tags?post=59380"}],"curies":[{"name":"wp","href":"https:\/\/api.w.org\/{rel}","templated":true}]}}