{"id":593801,"date":"2025-12-11T23:26:12","date_gmt":"2025-12-11T23:26:12","guid":{"rendered":"https:\/\/www.europesays.com\/fr\/593801\/"},"modified":"2025-12-11T23:26:12","modified_gmt":"2025-12-11T23:26:12","slug":"toujours-plus-deroutant-donald-trump-lance-sa-gold-card-a-un-million-de-dollars-pour-avoir-le-droit-de-resider-aux-etats-unis","status":"publish","type":"post","link":"https:\/\/www.europesays.com\/fr\/593801\/","title":{"rendered":"Toujours plus d\u00e9routant\u00a0: Donald Trump lance sa \u00ab\u00a0gold card\u00a0\u00bb \u00e0 un million de dollars pour avoir le droit de r\u00e9sider aux \u00c9tats-Unis"},"content":{"rendered":"<p>\n                                                                    l&rsquo;essentiel<br \/>\n                                                                En lan\u00e7ant sa \u00ab\u00a0Gold Card\u00a0\u00bb vendue un million de dollars, Donald Trump transforme l\u2019acc\u00e8s \u00e0 la r\u00e9sidence am\u00e9ricaine en produit financier assum\u00e9. Un dispositif l\u00e9gal et ultra-rapide qui sid\u00e8re par sa franchise\u00a0: payer pour immigrer.\n                            <\/p>\n<p>Donald Trump n\u2019a jamais cach\u00e9 sa volont\u00e9 de r\u00e9orienter l\u2019immigration am\u00e9ricaine vers les profils les plus fortun\u00e9s. Avec la \u00ab\u00a0Gold Card\u00a0\u00bb, d\u00e9sormais op\u00e9rationnelle, le pr\u00e9sident pousse cette logique \u00e0 son point le plus spectaculaire\u00a0: une voie express vers la r\u00e9sidence permanente, ouverte \u00e0 quiconque peut verser un million de dollars au Tr\u00e9sor am\u00e9ricain. Une mesure que la Maison-Blanche pr\u00e9sente comme une r\u00e9forme \u00e9conomique \u00ab\u00a0b\u00e9n\u00e9fique pour la nation\u00a0\u00bb, mais dont le caract\u00e8re frontal laisse m\u00e9dus\u00e9s juristes et d\u00e9fenseurs des migrants.<\/p>\n<p class=\"std-elt__inline\">\n        <strong>\u00c0 lire aussi :<\/strong><br \/>\n        <a href=\"https:\/\/www.ladepeche.fr\/2025\/12\/10\/nouveau-coup-de-folie-de-ladministration-trump-les-francais-devraient-fournir-lhistorique-de-leurs-reseaux-sociaux-pour-aller-aux-etats-unis-13102562.php\" target=\"_blank\" rel=\"noopener\">Nouveau coup de folie de l\u2019administration Trump\u00a0: les Fran\u00e7ais devraient fournir l\u2019historique de leurs r\u00e9seaux sociaux pour aller aux \u00c9tats-Unis<\/a>\n    <\/p>\n<p>N\u00e9e d\u2019un d\u00e9cret sign\u00e9 en septembre, la Gold Card s\u2019adresse aux \u00ab\u00a0contributeurs \u00e0 haute valeur ajout\u00e9e\u00a0\u00bb. Le parcours commence sur Trumpcard.gov\u00a0: d\u00e9p\u00f4t des documents d\u2019identit\u00e9 et paiement de 15\u00a0000\u00a0dollars de frais de dossier, non remboursables, pour une v\u00e9rification renforc\u00e9e. Si l\u2019administration valide cette premi\u00e8re \u00e9tape, le demandeur re\u00e7oit une invitation officielle \u00e0 verser la contribution d\u00e9cisive. Un million pour un particulier, deux millions lorsqu\u2019une entreprise parraine un salari\u00e9. Dans les documents officiels, la somme est qualifi\u00e9e de \u00ab\u00a0don\u00a0\u00bb destin\u00e9 \u00e0 soutenir le commerce et l\u2019industrie am\u00e9ricains.<\/p>\n<blockquote data-class=\"twitter-tweet\">\n<p lang=\"en\" dir=\"ltr\">Trump announces the launch of the \u201cTrump Gold Card\u201d which will allow individuals to pay a $1M fee to skip ahead of other applicants for EB visas. A source at DHS says this change will not increase the amount of visas granted.<\/p>\n<p>Follow: <a href=\"https:\/\/twitter.com\/AFpost?ref_src=twsrc%5Etfw\" target=\"_blank\" rel=\"noopener\">@AFpost<\/a> <\/p>\n<p><a href=\"https:\/\/t.co\/u8q9iCQ6D9\">pic.twitter.com\/u8q9iCQ6D9<\/a><\/p>\n<p>\u2014 AF Post (@AFpost) <a href=\"https:\/\/twitter.com\/AFpost\/status\/1999209372086395379?ref_src=twsrc%5Etfw\" target=\"_blank\" rel=\"noopener\">December 11, 2025<\/a><\/p><\/blockquote>\n<p>Une fois le transfert effectu\u00e9, la machine s\u2019emballe\u00a0: instruction prioritaire du dossier, d\u00e9cision en quelques semaines pour les nationalit\u00e9s non soumises \u00e0 quota, et d\u00e9livrance d\u2019un statut \u00e9quivalent \u00e0 celui de r\u00e9sident permanent l\u00e9gal.<\/p>\n<p>Immigration \u00e0 deux vitesses<\/p>\n<p>De nombreuses analyses l\u2019assimilent \u00e0 une version acc\u00e9l\u00e9r\u00e9e des visas professionnels EB-1 ou EB-2, mais sans les exigences \u00e9conomiques classiques ni quotas stricts. L\u2019administration promet d\u00e9j\u00e0 \u00ab\u00a0des milliards\u00a0\u00bb de contributions et revendique plus de 10\u00a0000 pr\u00e9inscriptions avant m\u00eame l\u2019ouverture officielle.<\/p>\n<p class=\"std-elt__inline\">\n        <strong>\u00c0 lire aussi :<\/strong><br \/>\n        <a href=\"https:\/\/www.ladepeche.fr\/2025\/12\/10\/mauvaise-nouvelle-pour-donald-trump-les-democrates-remportent-la-mairie-de-miami-une-premiere-depuis-28-ans-13101790.php\" target=\"_blank\" rel=\"noopener\">Mauvaise nouvelle pour Donald Trump\u00a0: les D\u00e9mocrates remportent la mairie de Miami, une premi\u00e8re depuis 28 ans<\/a>\n    <\/p>\n<p>Ce visa premium tranche avec le durcissement g\u00e9n\u00e9ralis\u00e9 de la politique migratoire\u00a0: suspension d\u2019immigration depuis 19 pays frapp\u00e9s par le \u00ab\u00a0travel ban\u00a0\u00bb, gel des demandes d\u2019asile, op\u00e9rations massives de d\u00e9portation\u2026 Dans ce contexte, l\u2019apparition d\u2019une fili\u00e8re r\u00e9serv\u00e9e \u00e0 ceux qui peuvent payer nourrit les critiques d'\u00a0\u00bbimmigration \u00e0 deux vitesses\u00a0\u00bb et interroge la l\u00e9galit\u00e9 d\u2019un m\u00e9canisme cr\u00e9\u00e9 sans intervention du Congr\u00e8s.<\/p>\n<p>Trump, lui, assume pleinement cette hi\u00e9rarchie \u00e9conomique de l\u2019accueil. \u00ab\u00a0C\u2019est une green card, mais en beaucoup mieux\u00a0\u00bb, assure-t-il. Et d\u00e9j\u00e0, la Maison-Blanche pr\u00e9pare l\u2019\u00e9tape suivante\u00a0: une \u00ab\u00a0Platinum Card\u00a0\u00bb \u00e0 5\u00a0millions de dollars, assortie d\u2019avantages fiscaux et d\u2019un s\u00e9jour annuel prolong\u00e9. Une surench\u00e8re qui confirme la nouvelle doctrine migratoire du pr\u00e9sident\u00a0: fermer la porte \u00e0 la majorit\u00e9, l\u2019ouvrir en grand \u00e0 ceux qui peuvent en payer le prix.<\/p>\n<p>                                                                                                                                                                                                        <script async src=\"https:\/\/platform.twitter.com\/widgets.js\" charset=\"utf-8\"><\/script><\/p>\n","protected":false},"excerpt":{"rendered":"l&rsquo;essentiel En lan\u00e7ant sa \u00ab\u00a0Gold Card\u00a0\u00bb vendue un million de dollars, Donald Trump transforme l\u2019acc\u00e8s \u00e0 la r\u00e9sidence&hellip;\n","protected":false},"author":2,"featured_media":593802,"comment_status":"","ping_status":"","sticky":false,"template":"","format":"standard","meta":{"footnotes":""},"categories":[5],"tags":[11,75,73,1011,27,329,14,12,28],"class_list":{"0":"post-593801","1":"post","2":"type-post","3":"status-publish","4":"format-standard","5":"has-post-thumbnail","7":"category-international","8":"tag-actualites","9":"tag-donald-trump","10":"tag-etats-unis","11":"tag-fr","12":"tag-france","13":"tag-france-monde","14":"tag-international","15":"tag-news","16":"tag-world"},"share_on_mastodon":{"url":"https:\/\/pubeurope.com\/@fr\/115703525181876034","error":""},"_links":{"self":[{"href":"https:\/\/www.europesays.com\/fr\/wp-json\/wp\/v2\/posts\/593801","targetHints":{"allow":["GET"]}}],"collection":[{"href":"https:\/\/www.europesays.com\/fr\/wp-json\/wp\/v2\/posts"}],"about":[{"href":"https:\/\/www.europesays.com\/fr\/wp-json\/wp\/v2\/types\/post"}],"author":[{"embeddable":true,"href":"https:\/\/www.europesays.com\/fr\/wp-json\/wp\/v2\/users\/2"}],"replies":[{"embeddable":true,"href":"https:\/\/www.europesays.com\/fr\/wp-json\/wp\/v2\/comments?post=593801"}],"version-history":[{"count":0,"href":"https:\/\/www.europesays.com\/fr\/wp-json\/wp\/v2\/posts\/593801\/revisions"}],"wp:featuredmedia":[{"embeddable":true,"href":"https:\/\/www.europesays.com\/fr\/wp-json\/wp\/v2\/media\/593802"}],"wp:attachment":[{"href":"https:\/\/www.europesays.com\/fr\/wp-json\/wp\/v2\/media?parent=593801"}],"wp:term":[{"taxonomy":"category","embeddable":true,"href":"https:\/\/www.europesays.com\/fr\/wp-json\/wp\/v2\/categories?post=593801"},{"taxonomy":"post_tag","embeddable":true,"href":"https:\/\/www.europesays.com\/fr\/wp-json\/wp\/v2\/tags?post=593801"}],"curies":[{"name":"wp","href":"https:\/\/api.w.org\/{rel}","templated":true}]}}