{"id":593803,"date":"2025-12-11T23:27:10","date_gmt":"2025-12-11T23:27:10","guid":{"rendered":"https:\/\/www.europesays.com\/fr\/593803\/"},"modified":"2025-12-11T23:27:10","modified_gmt":"2025-12-11T23:27:10","slug":"video-dermatose-nodulaire-en-ariege-ils-sont-40-on-est-500-comment-les-gendarmes-ont-reussi-a-investir-la-ferme-apres-des-heures-de-blocage","status":"publish","type":"post","link":"https:\/\/www.europesays.com\/fr\/593803\/","title":{"rendered":"VIDEO. Dermatose nodulaire en Ari\u00e8ge\u00a0: \u00ab\u00a0Ils sont 40, on est 500&Prime;\u2026 Comment les gendarmes ont r\u00e9ussi \u00e0 investir la ferme apr\u00e8s des heures de blocage"},"content":{"rendered":"<p>\n                                                                    l&rsquo;essentiel<br \/>\n                                                                Apr\u00e8s plusieurs heures de tensions ponctu\u00e9es d\u2019affrontements, les forces de l\u2019ordre ont r\u00e9ussi \u00e0 investir l\u2019exploitation ari\u00e9geoise.\n                            <\/p>\n<p>L\u2019atmosph\u00e8re s\u2019est brutalement tendue, jeudi 11\u00a0d\u00e9cembre en d\u00e9but de soir\u00e9e, autour du Gaec de Mouriscou, situ\u00e9 aux Bordes-sur-Arize, en Ari\u00e8ge. Depuis plusieurs heures, agriculteurs mobilis\u00e9s pour soutenir Didier et son fr\u00e8re s\u2019opposent aux forces de l\u2019ordre d\u00e9p\u00each\u00e9es pour permettre l\u2019acc\u00e8s de v\u00e9t\u00e9rinaires \u00e0 l\u2019exploitation. Sur place, les \u00e9changes d\u00e9g\u00e9n\u00e8rent par moments en affrontements.<\/p>\n<p>Jets de projectiles c\u00f4t\u00e9 manifestants, gaz lacrymog\u00e8ne c\u00f4t\u00e9 gendarmes\u00a0: la sc\u00e8ne est d\u00e9sormais un face-\u00e0-face sous haute tension. \u00ab\u00a0Ils sont 40, on est 500\u00a0\u00bb, lance un manifestant tandis que plusieurs agriculteurs renvoient en cadence les grenades fumig\u00e8nes vers les forces de l\u2019ordre. Plus loin, d\u2019autres crient \u00e0 destination des gendarmes\u00a0: \u00ab\u00a0\u00c7a ne vous d\u00e9range pas de manger du poulet ukrainien bourr\u00e9 aux hormones\u00a0?\u00a0\u00bb<\/p>\n<p class=\"std-elt__inline\">\n        <strong>\u00c0 lire aussi :<\/strong><br \/>\n        <a href=\"https:\/\/www.ladepeche.fr\/2025\/12\/11\/direct-dermatose-nodulaire-les-agriculteurs-toujours-mobilises-le-cheptel-ariegeois-sera-t-il-abattu-ce-matin-a-9-heures-13104024.php\" target=\"_blank\" rel=\"noopener\">DIRECT. Dermatose Nodulaire\u00a0en Ari\u00e8ge\u00a0: les gendarmes sont arriv\u00e9s \u00e0 la ferme, les bloqueurs en passe de quitter les lieux\u00a0?<\/a>\n    <\/p>\n<p>L\u2019\u00c9tat d\u00e9nonce des violences, \u00e9voque des cocktails molotov<\/p>\n<p>Dans la soir\u00e9e, la pr\u00e9fecture de l\u2019Ari\u00e8ge a fermement condamn\u00e9 les violences visant les forces de l\u2019ordre. \u00ab\u00a0Les forces de l\u2019ordre pr\u00e9sentes sur place, engag\u00e9es depuis 13\u00a0h\u00a030 pour lib\u00e9rer l\u2019acc\u00e8s des v\u00e9t\u00e9rinaires \u00e0 l\u2019exploitation, sont la cible de jets de projectiles et cocktails molotov de la part d\u2019un groupe de manifestants dont certains \u00e9l\u00e9ments de la mouvance contestataire, d\u2019ultra-gauche. Le pr\u00e9fet de l\u2019Ari\u00e8ge appelle de nouveau \u00e0 l\u2019apaisement et demande aux manifestants de quitter la zone\u00a0\u00bb, indiquent les services de l\u2019\u00c9tat.<\/p>\n<p>Cette communication a imm\u00e9diatement attis\u00e9 la col\u00e8re des agriculteurs pr\u00e9sents, toujours d\u00e9termin\u00e9s \u00e0 emp\u00eacher les \u00e9quipes sanitaires d\u2019atteindre l\u2019exploitation familiale o\u00f9 207 vaches doivent \u00eatre euthanasi\u00e9es.<\/p>\n<p>Les agriculteurs outr\u00e9s<\/p>\n<p>Sur le terrain, les propos pr\u00e9fectoraux ont \u00e9t\u00e9 v\u00e9cus comme une provocation. \u00ab\u00a0Nous sommes outr\u00e9s d\u2019entendre \u00e7a. Il sait bien que nous sommes des agriculteurs et pas des casseurs. Peut-\u00eatre qu\u2019il y a des gens qui se sont greff\u00e9s \u00e0 la manifestation, mais nous n\u2019y sommes pour rien. Ce n\u2019est pas \u00e0 nous de g\u00e9rer la s\u00e9curit\u00e9. Nous, on g\u00e8re nos gars\u00a0\u00bb, r\u00e9agit Kevin Audouy, \u00e9leveur.<\/p>\n<p>Quant aux cocktails molotov \u00e9voqu\u00e9s par la pr\u00e9fecture, les agriculteurs d\u00e9mentent fermement. \u00ab\u00a0Des affrontements, il y en a eu quelques-uns, mais des cocktails molotov, je n\u2019en ai pas vu. Personnellement, depuis que nous sommes confront\u00e9s aux forces de l\u2019ordre, on recule mais on est surtout partis \u00e0 leur rencontre pour leur dire que nous sommes l\u00e0 et que nous ne les avons pas fait venir pour rien. Nous sommes \u00e0 50\u00a0m de la ferme, s\u2019ils arrivent dans ce p\u00e9rim\u00e8tre nous sommes pr\u00eats \u00e0 jeter l\u2019\u00e9ponge. Encore une fois, je trouve ces propos d\u00e9plac\u00e9s\u00a0\u00bb, mart\u00e8le l\u2019\u00e9leveur.<\/p>\n<p>Finalement, vers 22\u00a0h\u00a030, les gendarmes ont r\u00e9ussi \u00e0 investir l\u2019exploitation ari\u00e9geoise. Une douche froide pour la centaine d\u2019agriculteurs sur place. \u00ab\u00a0C\u2019est bon, c\u2019est fini\u00a0\u00bb, lance l\u2019un d\u2019entre eux d\u00e9pit\u00e9.<\/p>\n","protected":false},"excerpt":{"rendered":"l&rsquo;essentiel Apr\u00e8s plusieurs heures de tensions ponctu\u00e9es d\u2019affrontements, les forces de l\u2019ordre ont r\u00e9ussi \u00e0 investir l\u2019exploitation ari\u00e9geoise.&hellip;\n","protected":false},"author":2,"featured_media":593804,"comment_status":"","ping_status":"","sticky":false,"template":"","format":"standard","meta":{"footnotes":""},"categories":[4],"tags":[11,327,2720,33,1011,27,70240,12,25],"class_list":{"0":"post-593803","1":"post","2":"type-post","3":"status-publish","4":"format-standard","5":"has-post-thumbnail","7":"category-france","8":"tag-actualites","9":"tag-agriculture","10":"tag-ariege","11":"tag-economie","12":"tag-fr","13":"tag-france","14":"tag-lesbordessurarize","15":"tag-news","16":"tag-republique-francaise"},"share_on_mastodon":{"url":"https:\/\/pubeurope.com\/@fr\/115703529226015626","error":""},"_links":{"self":[{"href":"https:\/\/www.europesays.com\/fr\/wp-json\/wp\/v2\/posts\/593803","targetHints":{"allow":["GET"]}}],"collection":[{"href":"https:\/\/www.europesays.com\/fr\/wp-json\/wp\/v2\/posts"}],"about":[{"href":"https:\/\/www.europesays.com\/fr\/wp-json\/wp\/v2\/types\/post"}],"author":[{"embeddable":true,"href":"https:\/\/www.europesays.com\/fr\/wp-json\/wp\/v2\/users\/2"}],"replies":[{"embeddable":true,"href":"https:\/\/www.europesays.com\/fr\/wp-json\/wp\/v2\/comments?post=593803"}],"version-history":[{"count":0,"href":"https:\/\/www.europesays.com\/fr\/wp-json\/wp\/v2\/posts\/593803\/revisions"}],"wp:featuredmedia":[{"embeddable":true,"href":"https:\/\/www.europesays.com\/fr\/wp-json\/wp\/v2\/media\/593804"}],"wp:attachment":[{"href":"https:\/\/www.europesays.com\/fr\/wp-json\/wp\/v2\/media?parent=593803"}],"wp:term":[{"taxonomy":"category","embeddable":true,"href":"https:\/\/www.europesays.com\/fr\/wp-json\/wp\/v2\/categories?post=593803"},{"taxonomy":"post_tag","embeddable":true,"href":"https:\/\/www.europesays.com\/fr\/wp-json\/wp\/v2\/tags?post=593803"}],"curies":[{"name":"wp","href":"https:\/\/api.w.org\/{rel}","templated":true}]}}