{"id":593805,"date":"2025-12-11T23:28:19","date_gmt":"2025-12-11T23:28:19","guid":{"rendered":"https:\/\/www.europesays.com\/fr\/593805\/"},"modified":"2025-12-11T23:28:19","modified_gmt":"2025-12-11T23:28:19","slug":"une-voiture-finit-dans-la-piscine-municipale-de-la-ciotat-apres-une-fausse-manoeuvre","status":"publish","type":"post","link":"https:\/\/www.europesays.com\/fr\/593805\/","title":{"rendered":"Une voiture finit dans la piscine municipale de La Ciotat apr\u00e8s une fausse man\u0153uvre"},"content":{"rendered":"<p>La photo de cette voiture gisant au fond de la <a href=\"https:\/\/www.laprovence.com\/article\/region\/60804587844773\/on-ne-demande-que-ca-une-nouvelle-piscine-va-t-elle-sortir-de-terre-en-2025-a-la-ciotat\" target=\"_blank\" rel=\"noopener\">piscine municipale<\/a> de La Ciotat, si insolite qu\u2019elle puisse \u00eatre, pourrait pr\u00eater \u00e0 rire si une catastrophe n\u2019avait pas \u00e9t\u00e9 <strong>\u00e9vit\u00e9e de peu<\/strong>.<\/p>\n<p><img alt=\"Les polices municipales et nationales sont intervenues pour s\u00e9curiser les lieux de l\u2019accident.\" loading=\"lazy\" decoding=\"async\" data-nimg=\"fill\" class=\" TwicCore_img__i9TC1 undefined  undefined\" style=\"position:absolute;height:100%;width:100%;left:0;top:0;right:0;bottom:0;color:transparent;background-size:cover;background-position:50% 50%;background-repeat:no-repeat;background-image:url(&quot;data:image\/svg+xml;charset=utf-8,%3Csvg xmlns='http:\/\/www.w3.org\/2000\/svg' %3E%3Cfilter id='b' color-interpolation-filters='sRGB'%3E%3CfeGaussianBlur stdDeviation='20'\/%3E%3CfeColorMatrix values='1 0 0 0 0 0 1 0 0 0 0 0 1 0 0 0 0 0 100 -1' result='s'\/%3E%3CfeFlood x='0' y='0' width='100%25' height='100%25'\/%3E%3CfeComposite operator='out' in='s'\/%3E%3CfeComposite in2='SourceGraphic'\/%3E%3CfeGaussianBlur stdDeviation='20'\/%3E%3C\/filter%3E%3Cimage width='100%25' height='100%25' x='0' y='0' preserveAspectRatio='none' style='filter: url(%23b);' href='https:\/\/pictures.laprovence.com\/cdn-cgi\/image\/blur=250\/media\/melody\/2025\/12\/11\/photo-ville-de-1765490549_22c82fd73b39626c82fd73b390ac82v_.jpg'\/%3E%3C\/svg%3E&quot;)\"   src=\"https:\/\/www.europesays.com\/fr\/wp-content\/uploads\/2025\/12\/photo-ville-de-1765490549_22c82fd73b39626c82fd73b390ac82v_.jpg\"\/>Les polices municipales et nationales sont intervenues pour s\u00e9curiser les lieux de l\u2019accident. \/ Photo Ville de La Ciotat<\/p>\n<p><strong>Jeudi 11\u00a0d\u00e9cembre<\/strong>, aux alentours de 21h, un v\u00e9hicule entame une man\u0153uvre sur le parking de la piscine municipale Paul-\u00c9luard de <a href=\"https:\/\/www.laprovence.com\/bouches-du-rhone\/la-ciotat-13028\" target=\"_blank\" rel=\"noopener\">La Ciotat<\/a>. Pour une raison encore floue, le v\u00e9hicule transportant une adulte et une enfant percute alors le grillage puis la baie vitr\u00e9e de la piscine, tous deux pourtant s\u00e9par\u00e9s par plusieurs dizaines de m\u00e8tres, avant de finir sa course dans <strong>le grand bassin de 25 m\u00e8tres<\/strong>.<\/p>\n<p>Deux ma\u00eetres nageurs plongent pour porter secours<\/p>\n<p>Selon la Ville de La Ciotat, deux ma\u00eetres nageurs \u00e9taient par chance <strong>encore pr\u00e9sents<\/strong> \u00e0 la piscine \u00e0 cette heure tardive. Ces derniers, accompagn\u00e9s d\u2019une troisi\u00e8me personne, assistent alors \u00e0 l\u2019arriv\u00e9e tonitruante du v\u00e9hicule \u00e9clatant la baie vitr\u00e9e avant de traverser la quasi-totalit\u00e9 de la largeur du bassin.<\/p>\n<p><img alt=\"La baie vitr\u00e9e du b\u00e2timent a explos\u00e9 sous le choc. La Ville annonce fermer la piscine quelques jours le temps de proc\u00e9der au nettoyage des lieux.\" loading=\"lazy\" decoding=\"async\" data-nimg=\"fill\" class=\" TwicCore_img__i9TC1 undefined  undefined\" style=\"position:absolute;height:100%;width:100%;left:0;top:0;right:0;bottom:0;color:transparent;background-size:cover;background-position:50% 50%;background-repeat:no-repeat;background-image:url(&quot;data:image\/svg+xml;charset=utf-8,%3Csvg xmlns='http:\/\/www.w3.org\/2000\/svg' %3E%3Cfilter id='b' color-interpolation-filters='sRGB'%3E%3CfeGaussianBlur stdDeviation='20'\/%3E%3CfeColorMatrix values='1 0 0 0 0 0 1 0 0 0 0 0 1 0 0 0 0 0 100 -1' result='s'\/%3E%3CfeFlood x='0' y='0' width='100%25' height='100%25'\/%3E%3CfeComposite operator='out' in='s'\/%3E%3CfeComposite in2='SourceGraphic'\/%3E%3CfeGaussianBlur stdDeviation='20'\/%3E%3C\/filter%3E%3Cimage width='100%25' height='100%25' x='0' y='0' preserveAspectRatio='none' style='filter: url(%23b);' href='https:\/\/pictures.laprovence.com\/cdn-cgi\/image\/blur=250\/media\/melody\/2025\/12\/11\/photo-ville-de-la-ciotat-1765490550_dd6c2fd73b396f17c2fd73b39d57c2v_.jpg'\/%3E%3C\/svg%3E&quot;)\"   src=\"https:\/\/www.europesays.com\/fr\/wp-content\/uploads\/2025\/12\/photo-ville-de-la-ciotat-1765490550_dd6c2fd73b396f17c2fd73b39d57c2v_.jpg\"\/>La baie vitr\u00e9e du b\u00e2timent a explos\u00e9 sous le choc. La Ville annonce fermer la piscine quelques jours le temps de proc\u00e9der au nettoyage des lieux. \/ Photo Ville de La Ciotat<\/p>\n<p>Voyant le v\u00e9hicule s\u2019engouffrer dans l\u2019eau au milieu des couloirs de nage, les ma\u00eetres nageurs\u00a0\u00ab\u00a0ont directement plong\u00e9 pour porter secours \u00e0 la m\u00e8re et sa fille\u00a0\u00bb, pr\u00e9cise le Service interd\u00e9partemental d\u2019incendie et de secours (Sdis) des Bouches-du-Rh\u00f4ne. Gr\u00e2ce \u00e0 leur intervention rapide, les deux occupantes s\u2019en sont sorties <strong>sans blessures particuli\u00e8res<\/strong>, mais ont \u00e9t\u00e9 conduites \u00e0 l\u2019h\u00f4pital de La Ciotat, <strong>en \u00e9tat de choc<\/strong>.<\/p>\n<p>Une confusion entre les p\u00e9dales de frein et d\u2019acc\u00e9l\u00e9rateur<\/p>\n<p>La conductrice, <strong>une femme de 38\u00a0ans<\/strong>, aurait-elle \u00ab\u00a0confondu les p\u00e9dales de frein et d\u2019acc\u00e9l\u00e9rateur\u00a0\u00bb, comme le supposait le Sdis ce jeudi soir\u00a0? \u00ab\u00a0Les sapeurs-pompiers, ainsi que les polices nationale et municipale, sont intervenus imm\u00e9diatement pour s\u00e9curiser les lieux\u00a0\u00bb, pr\u00e9cise la mairie \u00e0 <a href=\"https:\/\/www.laprovence.com\/\" target=\"_blank\" rel=\"noopener\">La Provence<\/a>.<\/p>\n<p>La Ville va d\u00e9sormais proc\u00e9der \u00e0 <strong>l\u2019extraction du v\u00e9hicule<\/strong>. La commune annonce qu\u2019en \u00ab\u00a0raison des importants d\u00e9g\u00e2ts, la piscine restera ferm\u00e9e pour les prochains jours\u00a0\u00bb, le temps de nettoyer les lieux. Plus de peur que de mal.<\/p>\n","protected":false},"excerpt":{"rendered":"La photo de cette voiture gisant au fond de la piscine municipale de La Ciotat, si insolite qu\u2019elle&hellip;\n","protected":false},"author":2,"featured_media":593806,"comment_status":"","ping_status":"","sticky":false,"template":"","format":"standard","meta":{"footnotes":""},"categories":[2],"tags":[17,11,1102,4411,1446,274,8928,1011,27,16009,12,5922,96,4752],"class_list":{"0":"post-593805","1":"post","2":"type-post","3":"status-publish","4":"format-standard","5":"has-post-thumbnail","7":"category-actualites","8":"tag-17","9":"tag-actualites","10":"tag-breakingnews","11":"tag-ciotat","12":"tag-dans","13":"tag-faits-divers-justice","14":"tag-finit","15":"tag-fr","16":"tag-france","17":"tag-municipale","18":"tag-news","19":"tag-piscine","20":"tag-une","21":"tag-voiture"},"share_on_mastodon":{"url":"https:\/\/pubeurope.com\/@fr\/115703535027609368","error":""},"_links":{"self":[{"href":"https:\/\/www.europesays.com\/fr\/wp-json\/wp\/v2\/posts\/593805","targetHints":{"allow":["GET"]}}],"collection":[{"href":"https:\/\/www.europesays.com\/fr\/wp-json\/wp\/v2\/posts"}],"about":[{"href":"https:\/\/www.europesays.com\/fr\/wp-json\/wp\/v2\/types\/post"}],"author":[{"embeddable":true,"href":"https:\/\/www.europesays.com\/fr\/wp-json\/wp\/v2\/users\/2"}],"replies":[{"embeddable":true,"href":"https:\/\/www.europesays.com\/fr\/wp-json\/wp\/v2\/comments?post=593805"}],"version-history":[{"count":0,"href":"https:\/\/www.europesays.com\/fr\/wp-json\/wp\/v2\/posts\/593805\/revisions"}],"wp:featuredmedia":[{"embeddable":true,"href":"https:\/\/www.europesays.com\/fr\/wp-json\/wp\/v2\/media\/593806"}],"wp:attachment":[{"href":"https:\/\/www.europesays.com\/fr\/wp-json\/wp\/v2\/media?parent=593805"}],"wp:term":[{"taxonomy":"category","embeddable":true,"href":"https:\/\/www.europesays.com\/fr\/wp-json\/wp\/v2\/categories?post=593805"},{"taxonomy":"post_tag","embeddable":true,"href":"https:\/\/www.europesays.com\/fr\/wp-json\/wp\/v2\/tags?post=593805"}],"curies":[{"name":"wp","href":"https:\/\/api.w.org\/{rel}","templated":true}]}}