{"id":593807,"date":"2025-12-11T23:29:26","date_gmt":"2025-12-11T23:29:26","guid":{"rendered":"https:\/\/www.europesays.com\/fr\/593807\/"},"modified":"2025-12-11T23:29:26","modified_gmt":"2025-12-11T23:29:26","slug":"saint-etienne-le-departement-aux-petits-soins-pour-les-colleges","status":"publish","type":"post","link":"https:\/\/www.europesays.com\/fr\/593807\/","title":{"rendered":"Saint-\u00c9tienne. Le D\u00e9partement aux petits soins pour les coll\u00e8ges"},"content":{"rendered":"<p>Dans la Loire, 450\u00a0agents du D\u00e9partement travaillent dans les coll\u00e8ges, \u00e0 l\u2019accueil, la maintenance ou l\u2019entretien. Ils sont une petite dizaine au coll\u00e8ge du Portail-Rouge, au sud de Saint-\u00c9tienne, o\u00f9 ils ont vu leurs conditions de travail s\u2019am\u00e9liorer.<\/p>\n<p>C\u2019est ce que sont venus constater Georges Ziegler, le pr\u00e9sident du D\u00e9partement, Clotilde Robin, vice-pr\u00e9sidente en charge de l\u2019\u00e9ducation, et Jordan Da Silva, conseiller charg\u00e9 de la coordination des travaux dans les coll\u00e8ges.<\/p>\n<p>Une salle de repos, des&#8230;                        <\/p>\n","protected":false},"excerpt":{"rendered":"Dans la Loire, 450\u00a0agents du D\u00e9partement travaillent dans les coll\u00e8ges, \u00e0 l\u2019accueil, la maintenance ou l\u2019entretien. Ils sont&hellip;\n","protected":false},"author":2,"featured_media":593808,"comment_status":"","ping_status":"","sticky":false,"template":"","format":"standard","meta":{"footnotes":""},"categories":[9653],"tags":[1111,11,2430,3599,7539,1057,1777,674,1011,27,12,25,4001,7538],"class_list":{"0":"post-593807","1":"post","2":"type-post","3":"status-publish","4":"format-standard","5":"has-post-thumbnail","7":"category-saint-etienne","8":"tag-actu","9":"tag-actualites","10":"tag-auvergne-rhone-alpes","11":"tag-college-lycee","12":"tag-edition-loire-sud","13":"tag-education","14":"tag-eu","15":"tag-europe","16":"tag-fr","17":"tag-france","18":"tag-news","19":"tag-republique-francaise","20":"tag-saint-etienne","21":"tag-saint-etienne-ville"},"share_on_mastodon":{"url":"https:\/\/pubeurope.com\/@fr\/115703537114353684","error":""},"_links":{"self":[{"href":"https:\/\/www.europesays.com\/fr\/wp-json\/wp\/v2\/posts\/593807","targetHints":{"allow":["GET"]}}],"collection":[{"href":"https:\/\/www.europesays.com\/fr\/wp-json\/wp\/v2\/posts"}],"about":[{"href":"https:\/\/www.europesays.com\/fr\/wp-json\/wp\/v2\/types\/post"}],"author":[{"embeddable":true,"href":"https:\/\/www.europesays.com\/fr\/wp-json\/wp\/v2\/users\/2"}],"replies":[{"embeddable":true,"href":"https:\/\/www.europesays.com\/fr\/wp-json\/wp\/v2\/comments?post=593807"}],"version-history":[{"count":0,"href":"https:\/\/www.europesays.com\/fr\/wp-json\/wp\/v2\/posts\/593807\/revisions"}],"wp:featuredmedia":[{"embeddable":true,"href":"https:\/\/www.europesays.com\/fr\/wp-json\/wp\/v2\/media\/593808"}],"wp:attachment":[{"href":"https:\/\/www.europesays.com\/fr\/wp-json\/wp\/v2\/media?parent=593807"}],"wp:term":[{"taxonomy":"category","embeddable":true,"href":"https:\/\/www.europesays.com\/fr\/wp-json\/wp\/v2\/categories?post=593807"},{"taxonomy":"post_tag","embeddable":true,"href":"https:\/\/www.europesays.com\/fr\/wp-json\/wp\/v2\/tags?post=593807"}],"curies":[{"name":"wp","href":"https:\/\/api.w.org\/{rel}","templated":true}]}}