{"id":593829,"date":"2025-12-11T23:46:16","date_gmt":"2025-12-11T23:46:16","guid":{"rendered":"https:\/\/www.europesays.com\/fr\/593829\/"},"modified":"2025-12-11T23:46:16","modified_gmt":"2025-12-11T23:46:16","slug":"plus-vite-et-plus-efficace-alpha-ce-robot-rennais-vient-remplacer-les-convoyeurs-de","status":"publish","type":"post","link":"https:\/\/www.europesays.com\/fr\/593829\/","title":{"rendered":"\u00ab\u00a0Plus vite et plus efficace\u00a0\u00bb\u00a0: Alpha, ce robot rennais, vient remplacer les convoyeurs de"},"content":{"rendered":"<p>\u00a0L\u2019objectif est clair\u00a0: remplacer une partie des convoyeurs traditionnels dans les a\u00e9roports par une flotte de v\u00e9hicules autonomes capables d\u2019acheminer plus vite et plus efficacement.\u00a0<\/p>\n<p>Voici comment est d\u00e9crit le projet Alpha men\u00e9 par les entreprises <a href=\"https:\/\/rennes.maville.com\/actu\/actudet_-mordelles.-alstef-mobile-robotics-exporte-a-l-international-_7-5883999_actu.Htm\" target=\"_blank\" rel=\"noopener\">Alstef Group<\/a> et Secure-IC ainsi que les \u00e9coles ECAM Rennes et IMT Atlantique. Ce mercredi 3\u00a0d\u00e9cembre 2025, une d\u00e9monstration a \u00e9t\u00e9 pr\u00e9sent\u00e9e dans les locaux de Alstef, \u00e0 Mordelles (Ille-et-Vilaine).<\/p>\n<p>\u00ab\u00a01\u00a0200\u00a0bagages par heure\u00a0\u00bb<\/p>\n<p>Soutenu financi\u00e8rement par\u00a0la r\u00e9gion Bretagne et Rennes M\u00e9tropole, ce robot serait capable de\u00a0transporter jusqu\u2019\u00e0 1\u00a0200\u00a0bagages par heure, r\u00e9duire les d\u00e9placements inutiles gr\u00e2ce \u00e0 des algorithmes, limiter les interruptions de service tout en assurant une tra\u00e7abilit\u00e9 et une cybers\u00e9curit\u00e9 avanc\u00e9e\u00a0, liste l\u2019entreprise Alstef dans un communiqu\u00e9 \u00e0 propos de son AGV (Automatic guided vehicle, comprenez v\u00e9hicule \u00e0 guidage automatique) combinant robotique, intelligence artificielle et cybers\u00e9curit\u00e9.<\/p>\n<p>\u00a0<\/p>\n","protected":false},"excerpt":{"rendered":"\u00a0L\u2019objectif est clair\u00a0: remplacer une partie des convoyeurs traditionnels dans les a\u00e9roports par une flotte de v\u00e9hicules autonomes&hellip;\n","protected":false},"author":2,"featured_media":593830,"comment_status":"","ping_status":"","sticky":false,"template":"","format":"standard","meta":{"footnotes":""},"categories":[2821],"tags":[1111,11,35798,12872,37196,829,70653,69629,1777,674,1011,27,12,1990,13658,584,25,7566,4937,5256,29533],"class_list":{"0":"post-593829","1":"post","2":"type-post","3":"status-publish","4":"format-standard","5":"has-post-thumbnail","7":"category-rennes","8":"tag-actu","9":"tag-actualites","10":"tag-aeroports","11":"tag-alpha","12":"tag-bagages","13":"tag-bretagne","14":"tag-convoyeurs","15":"tag-efficace","16":"tag-eu","17":"tag-europe","18":"tag-fr","19":"tag-france","20":"tag-news","21":"tag-remplacer","22":"tag-rennais","23":"tag-rennes","24":"tag-republique-francaise","25":"tag-robot","26":"tag-saint-brieuc","27":"tag-vient","28":"tag-vite"},"share_on_mastodon":{"url":"https:\/\/pubeurope.com\/@fr\/115703603799388002","error":""},"_links":{"self":[{"href":"https:\/\/www.europesays.com\/fr\/wp-json\/wp\/v2\/posts\/593829","targetHints":{"allow":["GET"]}}],"collection":[{"href":"https:\/\/www.europesays.com\/fr\/wp-json\/wp\/v2\/posts"}],"about":[{"href":"https:\/\/www.europesays.com\/fr\/wp-json\/wp\/v2\/types\/post"}],"author":[{"embeddable":true,"href":"https:\/\/www.europesays.com\/fr\/wp-json\/wp\/v2\/users\/2"}],"replies":[{"embeddable":true,"href":"https:\/\/www.europesays.com\/fr\/wp-json\/wp\/v2\/comments?post=593829"}],"version-history":[{"count":0,"href":"https:\/\/www.europesays.com\/fr\/wp-json\/wp\/v2\/posts\/593829\/revisions"}],"wp:featuredmedia":[{"embeddable":true,"href":"https:\/\/www.europesays.com\/fr\/wp-json\/wp\/v2\/media\/593830"}],"wp:attachment":[{"href":"https:\/\/www.europesays.com\/fr\/wp-json\/wp\/v2\/media?parent=593829"}],"wp:term":[{"taxonomy":"category","embeddable":true,"href":"https:\/\/www.europesays.com\/fr\/wp-json\/wp\/v2\/categories?post=593829"},{"taxonomy":"post_tag","embeddable":true,"href":"https:\/\/www.europesays.com\/fr\/wp-json\/wp\/v2\/tags?post=593829"}],"curies":[{"name":"wp","href":"https:\/\/api.w.org\/{rel}","templated":true}]}}