{"id":593833,"date":"2025-12-11T23:48:30","date_gmt":"2025-12-11T23:48:30","guid":{"rendered":"https:\/\/www.europesays.com\/fr\/593833\/"},"modified":"2025-12-11T23:48:30","modified_gmt":"2025-12-11T23:48:30","slug":"les-reponses-de-la-region-et-de-la-sncf-aux-usagers","status":"publish","type":"post","link":"https:\/\/www.europesays.com\/fr\/593833\/","title":{"rendered":"les r\u00e9ponses de la R\u00e9gion et de la SNCF aux usagers"},"content":{"rendered":"<p>                            Le probl\u00e8me des trains supprim\u00e9s ou en retard<\/p>\n<p>C\u2019est logiquement le point qui suscite le plus de crispations parmi les usagers. Surtout les abonn\u00e9s qui prennent le train pour aller travailler.<\/p>\n<p>\u00ab\u00a0J\u2019ai v\u00e9cu 21 retards de 30 \u00e0 40 minutes sur l\u2019ann\u00e9e. Je ne supporte plus les notifications que je re\u00e7ois sur mon t\u00e9l\u00e9phone pour me l\u2019annoncer. Je suis sur le qui-vive tout le temps. On peut parler de traumatisme\u00a0\u00bb, est venue t\u00e9moigner avec une col\u00e8re sourde une usag\u00e8re de Goxwiller, qui prend la ligne Strasbourg &#8211; S\u00e9lestat via Molsheim, avec un train \u00e0 7\u00a0h\u00a030 pour Strasbourg et un retour \u00e0 17\u00a0h\u00a014.<\/p>\n<p>Elle \u00e9voque les \u00ab\u00a0savons\u00a0\u00bb qu\u2019elle re\u00e7oit de son patron. \u00ab\u00a0Je ne sais pas si je ne vais pas perdre mon emploi gr\u00e2ce \u00e0 la SNCF. Plusieurs personnes du village prennent du coup leur voiture pour prendre le train \u00e0 Molsheim.\u00a0\u00bb<\/p>\n<p>Les voyageurs qui vont au-del\u00e0 d\u2019Obernai subissent notamment des suppressions sur la fin de leur trajet\u00a0: pour rattraper leur retard, les trains qui devaient desservir Barr ou S\u00e9lestat&#8230;<\/p>\n","protected":false},"excerpt":{"rendered":"Le probl\u00e8me des trains supprim\u00e9s ou en retard C\u2019est logiquement le point qui suscite le plus de crispations&hellip;\n","protected":false},"author":2,"featured_media":593834,"comment_status":"","ping_status":"","sticky":false,"template":"","format":"standard","meta":{"footnotes":""},"categories":[2820],"tags":[1111,11,2649,24625,3143,1777,674,107,1011,27,775,12,30980,25862,26194,25,24624,640,2803],"class_list":{"0":"post-593833","1":"post","2":"type-post","3":"status-publish","4":"format-standard","5":"has-post-thumbnail","7":"category-strasbourg","8":"tag-actu","9":"tag-actualites","10":"tag-bas-rhin","11":"tag-edition-molsheim-obernai","12":"tag-edition-selestat-erstein","13":"tag-eu","14":"tag-europe","15":"tag-fil-info","16":"tag-fr","17":"tag-france","18":"tag-grand-est","19":"tag-news","20":"tag-obernai","21":"tag-obernai-rosheim","22":"tag-pays-de-barr","23":"tag-republique-francaise","24":"tag-secteur-de-molsheim","25":"tag-strasbourg","26":"tag-transport"},"share_on_mastodon":{"url":"https:\/\/pubeurope.com\/@fr\/115703611640352047","error":""},"_links":{"self":[{"href":"https:\/\/www.europesays.com\/fr\/wp-json\/wp\/v2\/posts\/593833","targetHints":{"allow":["GET"]}}],"collection":[{"href":"https:\/\/www.europesays.com\/fr\/wp-json\/wp\/v2\/posts"}],"about":[{"href":"https:\/\/www.europesays.com\/fr\/wp-json\/wp\/v2\/types\/post"}],"author":[{"embeddable":true,"href":"https:\/\/www.europesays.com\/fr\/wp-json\/wp\/v2\/users\/2"}],"replies":[{"embeddable":true,"href":"https:\/\/www.europesays.com\/fr\/wp-json\/wp\/v2\/comments?post=593833"}],"version-history":[{"count":0,"href":"https:\/\/www.europesays.com\/fr\/wp-json\/wp\/v2\/posts\/593833\/revisions"}],"wp:featuredmedia":[{"embeddable":true,"href":"https:\/\/www.europesays.com\/fr\/wp-json\/wp\/v2\/media\/593834"}],"wp:attachment":[{"href":"https:\/\/www.europesays.com\/fr\/wp-json\/wp\/v2\/media?parent=593833"}],"wp:term":[{"taxonomy":"category","embeddable":true,"href":"https:\/\/www.europesays.com\/fr\/wp-json\/wp\/v2\/categories?post=593833"},{"taxonomy":"post_tag","embeddable":true,"href":"https:\/\/www.europesays.com\/fr\/wp-json\/wp\/v2\/tags?post=593833"}],"curies":[{"name":"wp","href":"https:\/\/api.w.org\/{rel}","templated":true}]}}