{"id":593835,"date":"2025-12-11T23:50:30","date_gmt":"2025-12-11T23:50:30","guid":{"rendered":"https:\/\/www.europesays.com\/fr\/593835\/"},"modified":"2025-12-11T23:50:30","modified_gmt":"2025-12-11T23:50:30","slug":"ligue-conference-a-aberdeen-le-racing-club-de-strasbourg-soffre-une-qualif-cousue-de-fil-decosse","status":"publish","type":"post","link":"https:\/\/www.europesays.com\/fr\/593835\/","title":{"rendered":"Ligue Conf\u00e9rence. \u00c0 Aberdeen, le Racing Club de Strasbourg s\u2019offre une qualif\u2019 cousue de fil d\u2019\u00c9cosse\u00a0!"},"content":{"rendered":"<p>Le Racing a rempli son contrat. Il a remport\u00e9 son troisi\u00e8me succ\u00e8s en autant de d\u00e9placements, <a href=\"https:\/\/www.dna.fr\/sport\/ligue-conference\" target=\"_blank\" rel=\"noopener\">le quatri\u00e8me en cinq journ\u00e9es de la phase de ligue de la C4<\/a>, dans une ville qui n\u2019y croyait pas vraiment.<\/p>\n<p>Aberdeen n\u2019\u00e9tait gu\u00e8re optimiste quant aux chances de voir les Dons inqui\u00e9ter le <a href=\"https:\/\/www.dna.fr\/sport\/rcsa-racing-club-strasbourg\" target=\"_blank\" rel=\"noopener\">Racing<\/a>. \u00ab\u00a0Vos gars, ils vont gagner trois ou quatre \u00e0 z\u00e9ro\u00a0\u00bb. En milieu d\u2019apr\u00e8s-midi, Allan Henderson, patron de The\u00a0Silver Darling, tout au bout du pittoresque village de p\u00eacheur de Footdee, \u00e9tait cat\u00e9gorique.<\/p>\n<p>Autour de ce personnage haut en couleur \u2013 veste de costume ray\u00e9e aubergine, sourcils broussailleux et bagout de docker \u2013, la tabl\u00e9e d\u2019anciens acquiesce. L\u2019issue du match semble aussi \u00e9vidente que l\u2019horaire des mar\u00e9es ou le va-et-vient des \u00e9normes navires charg\u00e9s d\u2019extraire gaz et p\u00e9trole dans la mer du Nord.<\/p>\n<p>\u25b6 <strong>10e<\/strong>\u200a: sur une relance de Hogsberg, Paez perd la balle devant sa surface. Lazetic est en position de conclure mais son tir est contr\u00e9 par Omobamidele.<\/p>\n<p>\u25b6 <strong>14e<\/strong>\u200a: sur un corner d\u2019Armstrong c\u00f4t\u00e9 gauche,&#8230;<\/p>\n","protected":false},"excerpt":{"rendered":"Le Racing a rempli son contrat. Il a remport\u00e9 son troisi\u00e8me succ\u00e8s en autant de d\u00e9placements, le quatri\u00e8me&hellip;\n","protected":false},"author":2,"featured_media":593836,"comment_status":"","ping_status":"","sticky":false,"template":"","format":"standard","meta":{"footnotes":""},"categories":[2820],"tags":[328,1111,11,2880,1777,674,107,63,1011,27,775,43670,12,41281,25,517,640,2879],"class_list":{"0":"post-593835","1":"post","2":"type-post","3":"status-publish","4":"format-standard","5":"has-post-thumbnail","7":"category-strasbourg","8":"tag-a-la-une","9":"tag-actu","10":"tag-actualites","11":"tag-edition-strasbourg","12":"tag-eu","13":"tag-europe","14":"tag-fil-info","15":"tag-football","16":"tag-fr","17":"tag-france","18":"tag-grand-est","19":"tag-ligue-conference","20":"tag-news","21":"tag-racing-club-strasbourg-masculin","22":"tag-republique-francaise","23":"tag-sport","24":"tag-strasbourg","25":"tag-strasbourg-ville"},"share_on_mastodon":{"url":"https:\/\/pubeurope.com\/@fr\/115703619563259987","error":""},"_links":{"self":[{"href":"https:\/\/www.europesays.com\/fr\/wp-json\/wp\/v2\/posts\/593835","targetHints":{"allow":["GET"]}}],"collection":[{"href":"https:\/\/www.europesays.com\/fr\/wp-json\/wp\/v2\/posts"}],"about":[{"href":"https:\/\/www.europesays.com\/fr\/wp-json\/wp\/v2\/types\/post"}],"author":[{"embeddable":true,"href":"https:\/\/www.europesays.com\/fr\/wp-json\/wp\/v2\/users\/2"}],"replies":[{"embeddable":true,"href":"https:\/\/www.europesays.com\/fr\/wp-json\/wp\/v2\/comments?post=593835"}],"version-history":[{"count":0,"href":"https:\/\/www.europesays.com\/fr\/wp-json\/wp\/v2\/posts\/593835\/revisions"}],"wp:featuredmedia":[{"embeddable":true,"href":"https:\/\/www.europesays.com\/fr\/wp-json\/wp\/v2\/media\/593836"}],"wp:attachment":[{"href":"https:\/\/www.europesays.com\/fr\/wp-json\/wp\/v2\/media?parent=593835"}],"wp:term":[{"taxonomy":"category","embeddable":true,"href":"https:\/\/www.europesays.com\/fr\/wp-json\/wp\/v2\/categories?post=593835"},{"taxonomy":"post_tag","embeddable":true,"href":"https:\/\/www.europesays.com\/fr\/wp-json\/wp\/v2\/tags?post=593835"}],"curies":[{"name":"wp","href":"https:\/\/api.w.org\/{rel}","templated":true}]}}