{"id":593841,"date":"2025-12-11T23:53:18","date_gmt":"2025-12-11T23:53:18","guid":{"rendered":"https:\/\/www.europesays.com\/fr\/593841\/"},"modified":"2025-12-11T23:53:18","modified_gmt":"2025-12-11T23:53:18","slug":"des-policiers-offrent-des-cadeaux-aux-enfants-malades-du-chu-de-nantes","status":"publish","type":"post","link":"https:\/\/www.europesays.com\/fr\/593841\/","title":{"rendered":"Des policiers offrent des cadeaux aux enfants malades du CHU de Nantes"},"content":{"rendered":"<p>Le temps d\u2019une apr\u00e8s-midi, les enfants hospitalis\u00e9s du CHU de Nantes ont \u00e9t\u00e9 g\u00e2t\u00e9s.<\/p>\n<p>Des policiers de Loire-Atlantique et des CRS leur ont rendu visite dans le cadre de l\u2019op\u00e9ration \u00ab\u00a017\u00a0sourires\u00a0\u00bb. Cette manifestation organis\u00e9e par l\u2019association nationale d\u2019action sociale des personnels de la police nationale et du minist\u00e8re de l\u2019int\u00e9rieur (Anas) consiste \u00e0 offrir des cadeaux aux enfants malades.<\/p>\n<p>Ils ont \u00e9galement pu essayer une moto ou l\u2019\u00e9quipement port\u00e9s par les fonctionnaires de police.<\/p>\n<p>\t<img decoding=\"async\" src=\"https:\/\/www.europesays.com\/fr\/wp-content\/uploads\/2025\/12\/P35634367D7105161G_px_640_.jpg\" alt=\"photo les motos pr\u00e9sentes dans le chu ont fait leur effet.  \u00a9  photo presse oc\u00e9an-nathalie bourreau\" width=\"640\" title=\" Les motos pr\u00e9sentes dans le CHU ont fait leur effet.   Photo Presse Oc\u00e9an-Nathalie Bourreau \"\/><\/p>\n<p class=\"elmt-legende\"> Les motos pr\u00e9sentes dans le CHU ont fait leur effet.   Photo Presse Oc\u00e9an-Nathalie Bourreau <\/p>\n<p>\u00a0<\/p>\n","protected":false},"excerpt":{"rendered":"Le temps d\u2019une apr\u00e8s-midi, les enfants hospitalis\u00e9s du CHU de Nantes ont \u00e9t\u00e9 g\u00e2t\u00e9s. Des policiers de Loire-Atlantique&hellip;\n","protected":false},"author":2,"featured_media":593842,"comment_status":"","ping_status":"","sticky":false,"template":"","format":"standard","meta":{"footnotes":""},"categories":[2818],"tags":[1111,11,18807,4309,1719,1777,674,1011,27,14643,766,12,41088,2636,6890,25,6689,9693],"class_list":{"0":"post-593841","1":"post","2":"type-post","3":"status-publish","4":"format-standard","5":"has-post-thumbnail","7":"category-nantes","8":"tag-actu","9":"tag-actualites","10":"tag-cadeaux","11":"tag-chu","12":"tag-enfants","13":"tag-eu","14":"tag-europe","15":"tag-fr","16":"tag-france","17":"tag-malades","18":"tag-nantes","19":"tag-news","20":"tag-offrent","21":"tag-pays-de-la-loire","22":"tag-policiers","23":"tag-republique-francaise","24":"tag-roche","25":"tag-yon"},"share_on_mastodon":{"url":"https:\/\/pubeurope.com\/@fr\/115703632070168303","error":""},"_links":{"self":[{"href":"https:\/\/www.europesays.com\/fr\/wp-json\/wp\/v2\/posts\/593841","targetHints":{"allow":["GET"]}}],"collection":[{"href":"https:\/\/www.europesays.com\/fr\/wp-json\/wp\/v2\/posts"}],"about":[{"href":"https:\/\/www.europesays.com\/fr\/wp-json\/wp\/v2\/types\/post"}],"author":[{"embeddable":true,"href":"https:\/\/www.europesays.com\/fr\/wp-json\/wp\/v2\/users\/2"}],"replies":[{"embeddable":true,"href":"https:\/\/www.europesays.com\/fr\/wp-json\/wp\/v2\/comments?post=593841"}],"version-history":[{"count":0,"href":"https:\/\/www.europesays.com\/fr\/wp-json\/wp\/v2\/posts\/593841\/revisions"}],"wp:featuredmedia":[{"embeddable":true,"href":"https:\/\/www.europesays.com\/fr\/wp-json\/wp\/v2\/media\/593842"}],"wp:attachment":[{"href":"https:\/\/www.europesays.com\/fr\/wp-json\/wp\/v2\/media?parent=593841"}],"wp:term":[{"taxonomy":"category","embeddable":true,"href":"https:\/\/www.europesays.com\/fr\/wp-json\/wp\/v2\/categories?post=593841"},{"taxonomy":"post_tag","embeddable":true,"href":"https:\/\/www.europesays.com\/fr\/wp-json\/wp\/v2\/tags?post=593841"}],"curies":[{"name":"wp","href":"https:\/\/api.w.org\/{rel}","templated":true}]}}