{"id":593849,"date":"2025-12-11T23:57:16","date_gmt":"2025-12-11T23:57:16","guid":{"rendered":"https:\/\/www.europesays.com\/fr\/593849\/"},"modified":"2025-12-11T23:57:16","modified_gmt":"2025-12-11T23:57:16","slug":"cher-monsieur-zedek-touleco","status":"publish","type":"post","link":"https:\/\/www.europesays.com\/fr\/593849\/","title":{"rendered":"CHER MONSIEUR ZEDEK &#8211; Toul\u00c9co"},"content":{"rendered":"<p>AVIS DE CESSION<\/p>\n<p>Aux termes d\u2019un acte sous seing priv\u00e9 en date \u00e0 Toulouse du 28\u00a0novembre 2025, enregistr\u00e9 au Service D\u00e9partemental de l\u2019Enregistrement de Toulouse le 2\u00a0d\u00e9cembre 2025 Dossier 2025 00040015 r\u00e9f\u00e9rence 3104P01 2025 A 05100, la soci\u00e9t\u00e9 KEVIN &amp; LUCAS, soci\u00e9t\u00e9 \u00e0 responsabilit\u00e9 limit\u00e9e au capital de 5 000 euros, dont le si\u00e8ge social est situ\u00e9 54bis rue d\u2019Alsace Lorraine \u2013 31000 TOULOUSE, immatricul\u00e9e au Registre du Commerce et des Soci\u00e9t\u00e9s de Toulouse sous le num\u00e9ro 828 597 435, repr\u00e9sent\u00e9e par le G\u00e9rant, a vendu \u00e0 la soci\u00e9t\u00e9 CHER MONSIEUR ZEDEK, soci\u00e9t\u00e9 par actions simplifi\u00e9e au capital de 1 000 euros, dont le si\u00e8ge social est situ\u00e9 Route de Mirepoix Galerie Intermarch\u00e9 Boutique n\u00b06 \u2013 09100 PAMIERS, immatricul\u00e9e au Registre du Commerce et des Soci\u00e9t\u00e9s de Foix sous le num\u00e9ro 893 301 440, repr\u00e9sent\u00e9e par le Pr\u00e9sident, le fonds de commerce de coiffure hommes, sis et exploit\u00e9 dans des locaux situ\u00e9s 54bis rue d\u2019Alsace Lorraine \u2013 31000 TOULOUSE, identifi\u00e9 sous le num\u00e9ro SIRET 828 597 435 00019 code APE 96.02A, comprenant\u00a0:<\/p>\n<p><b>\u2013<\/b>\u00a0\tla client\u00e8le et l\u2019achalandage y attach\u00e9s,<br \/>\n<br \/><b>\u2013<\/b>\u00a0\tle droit \u00e0 la jouissance des locaux,<br \/>\n<br \/><b>\u2013<\/b>\u00a0\tle b\u00e9n\u00e9fice de l\u2019installation t\u00e9l\u00e9phonique et du num\u00e9ro d\u2019appel connu des clients,<br \/>\n<br \/><b>\u2013<\/b>\u00a0\tle mat\u00e9riel et le mobilier commercial servant \u00e0 l\u2019exploitation de ce fonds tels que d\u00e9crits dans un \u00e9tat figurant en annexe de l\u2019acte.<\/p>\n<p>Tel que ce fonds existe, avec tous ses \u00e9l\u00e9ments corporels et incorporels, sans exception ni r\u00e9serve.<\/p>\n<p>L\u2019Acqu\u00e9reur est propri\u00e9taire et \u00e0 la jouissance du fonds c\u00e9d\u00e9 \u00e0 compter du 1er\u00a0d\u00e9cembre 2025.<\/p>\n<p>La vente a \u00e9t\u00e9 consentie et accept\u00e9e moyennant le prix principal de cent-quarante-mille euros (140 000 euros) s\u2019appliquant aux \u00e9l\u00e9ments incorporels pour cent-dix-neuf-mille-trois-cent-dix euros (119 310 \u20ac) et aux \u00e9l\u00e9ments corporels pour vingt-mille-six-cent-quatre-vingt-dix euros (20 690 \u20ac).<\/p>\n<p>Les oppositions seront re\u00e7ues en la forme l\u00e9gale dans les dix jours de la derni\u00e8re en date des publicit\u00e9s l\u00e9gales, pour toutes correspondances et les oppositions, \u00e0 l\u2019Etude de Me Jean-Philippe HUC, Notaire associ\u00e9 de la SELAS ESCOBAR HUC CAVAILLON &amp; JACQUET sis 127 Avenue Antoine de St Exup\u00e9ry \u2013 31400 TOULOUSE.<\/p>\n<p>Pour insertion<\/p>\n","protected":false},"excerpt":{"rendered":"AVIS DE CESSION Aux termes d\u2019un acte sous seing priv\u00e9 en date \u00e0 Toulouse du 28\u00a0novembre 2025, enregistr\u00e9&hellip;\n","protected":false},"author":2,"featured_media":373637,"comment_status":"","ping_status":"","sticky":false,"template":"","format":"standard","meta":{"footnotes":""},"categories":[2816],"tags":[1111,11,1777,674,1011,27,12,2680,25,2312],"class_list":{"0":"post-593849","1":"post","2":"type-post","3":"status-publish","4":"format-standard","5":"has-post-thumbnail","7":"category-toulouse","8":"tag-actu","9":"tag-actualites","10":"tag-eu","11":"tag-europe","12":"tag-fr","13":"tag-france","14":"tag-news","15":"tag-occitanie","16":"tag-republique-francaise","17":"tag-toulouse"},"share_on_mastodon":{"url":"","error":""},"_links":{"self":[{"href":"https:\/\/www.europesays.com\/fr\/wp-json\/wp\/v2\/posts\/593849","targetHints":{"allow":["GET"]}}],"collection":[{"href":"https:\/\/www.europesays.com\/fr\/wp-json\/wp\/v2\/posts"}],"about":[{"href":"https:\/\/www.europesays.com\/fr\/wp-json\/wp\/v2\/types\/post"}],"author":[{"embeddable":true,"href":"https:\/\/www.europesays.com\/fr\/wp-json\/wp\/v2\/users\/2"}],"replies":[{"embeddable":true,"href":"https:\/\/www.europesays.com\/fr\/wp-json\/wp\/v2\/comments?post=593849"}],"version-history":[{"count":0,"href":"https:\/\/www.europesays.com\/fr\/wp-json\/wp\/v2\/posts\/593849\/revisions"}],"wp:featuredmedia":[{"embeddable":true,"href":"https:\/\/www.europesays.com\/fr\/wp-json\/wp\/v2\/media\/373637"}],"wp:attachment":[{"href":"https:\/\/www.europesays.com\/fr\/wp-json\/wp\/v2\/media?parent=593849"}],"wp:term":[{"taxonomy":"category","embeddable":true,"href":"https:\/\/www.europesays.com\/fr\/wp-json\/wp\/v2\/categories?post=593849"},{"taxonomy":"post_tag","embeddable":true,"href":"https:\/\/www.europesays.com\/fr\/wp-json\/wp\/v2\/tags?post=593849"}],"curies":[{"name":"wp","href":"https:\/\/api.w.org\/{rel}","templated":true}]}}