{"id":593854,"date":"2025-12-12T00:00:15","date_gmt":"2025-12-12T00:00:15","guid":{"rendered":"https:\/\/www.europesays.com\/fr\/593854\/"},"modified":"2025-12-12T00:00:15","modified_gmt":"2025-12-12T00:00:15","slug":"lyon-assure-sa-place-pour-les-barrages-lille-en-difficulte-et-nice-se-retrouve-hors-course","status":"publish","type":"post","link":"https:\/\/www.europesays.com\/fr\/593854\/","title":{"rendered":"Lyon assure sa place pour les barrages, Lille en difficult\u00e9 et Nice se retrouve hors course"},"content":{"rendered":"<p>L\u2019<a href=\"https:\/\/www.20minutes.fr\/sport\/ol\/\" target=\"_blank\" class=\"c-link c-link--is-underlined\" rel=\"noopener\">Olympique Lyonnais<\/a> a fait l\u2019essentiel jeudi soir au Groupama Stadium en dominant Go Ahead Eagles (2-1) lors de la 6e journ\u00e9e de Ligue Europa. Sans briller dans un match au rythme faible, l\u2019OL s\u2019est assur\u00e9 a minima une place en barrages et s\u2019est m\u00eame empar\u00e9 de la premi\u00e8re place du classement avec 15 points, gr\u00e2ce \u00e0 cinq victoires en six rencontres.<\/p>\n<p>Face \u00e0 un adversaire limit\u00e9, les Lyonnais ont rapidement pris le contr\u00f4le du match. Afonso Moreira a ouvert le score d\u00e8s la 4e minute sur une passe de Tyler Morton, avant une \u00e9galisation express des N\u00e9erlandais cons\u00e9cutive \u00e0 une maladresse lyonnaise. L\u2019OL a toutefois repris l\u2019avantage dans la foul\u00e9e par Pavel Sulc. Malgr\u00e9 plusieurs occasions nettes, dont un poteau de Martin Satriano et une transversale de Corentin Tolisso en toute fin de match, Lyon n\u2019a pas su se mettre \u00e0 l\u2019abri.<\/p>\n<\/p>\n<p>Soir\u00e9e compliqu\u00e9e pour Lille, Nice \u00e9limin\u00e9<\/p>\n<p>La soir\u00e9e a en revanche \u00e9t\u00e9 plus compliqu\u00e9e pour <a href=\"https:\/\/www.20minutes.fr\/sport\/losc\/\" target=\"_blank\" class=\"c-link c-link--is-underlined\" rel=\"noopener\">Lille<\/a>, battu \u00e0 Berne par les Young Boys (1-0). R\u00e9duits \u00e0 dix apr\u00e8s l\u2019expulsion d\u2019Ayyoub Bouaddi, les Dogues ont recul\u00e9 et conc\u00e9d\u00e9 un troisi\u00e8me revers en six matchs europ\u00e9ens, glissant \u00e0 la 16e place. M\u00eame constat d\u2019\u00e9chec pour <a href=\"https:\/\/www.20minutes.fr\/sport\/ogc_nice\/\" target=\"_blank\" class=\"c-link c-link--is-underlined\" rel=\"noopener\">Nice<\/a>, officiellement \u00e9limin\u00e9 apr\u00e8s une nouvelle d\u00e9faite contre Braga (0-1). Derniers avec z\u00e9ro point, les Aiglons ont encha\u00een\u00e9 une huiti\u00e8me d\u00e9faite cons\u00e9cutive toutes comp\u00e9titions confondues, dans un Allianz Riviera clairsem\u00e9 apr\u00e8s un appel au boycott.<\/p>\n<p><a href=\"https:\/\/www.20minutes.fr\/sport\/football\/\" target=\"_blank\" class=\"c-link c-btn c-btn--primary\" rel=\"noopener\">Notre dossier Football<\/a><\/p>\n<p>Autre rayon de soleil pour le football fran\u00e7ais cette semaine, <a href=\"https:\/\/www.20minutes.fr\/sport\/rc_strasbourg\/\" target=\"_blank\" class=\"c-link c-link--is-underlined\" rel=\"noopener\">Strasbourg<\/a> a poursuivi sa belle aventure europ\u00e9enne en s\u2019imposant \u00e0 Aberdeen (1-0). D\u00e9j\u00e0 qualifi\u00e9s, les Alsaciens ont valid\u00e9 la premi\u00e8re place de leur groupe en Ligue Conf\u00e9rence et leur billet direct pour les huiti\u00e8mes de finale, avant une derni\u00e8re rencontre sans enjeu \u00e0 la Meinau face \u00e0 Breidablik.<\/p>\n","protected":false},"excerpt":{"rendered":"L\u2019Olympique Lyonnais a fait l\u2019essentiel jeudi soir au Groupama Stadium en dominant Go Ahead Eagles (2-1) lors de&hellip;\n","protected":false},"author":2,"featured_media":593855,"comment_status":"","ping_status":"","sticky":false,"template":"","format":"standard","meta":{"footnotes":""},"categories":[2815],"tags":[1111,11,4680,1777,674,63,1011,27,811,5843,20708,1307,2854,12,2268,2853,4448,25,517],"class_list":{"0":"post-593854","1":"post","2":"type-post","3":"status-publish","4":"format-standard","5":"has-post-thumbnail","7":"category-lille","8":"tag-actu","9":"tag-actualites","10":"tag-corentin-tolisso","11":"tag-eu","12":"tag-europe","13":"tag-football","14":"tag-fr","15":"tag-france","16":"tag-hauts-de-france","17":"tag-ligue-europa","18":"tag-ligue-europa-conference","19":"tag-lille","20":"tag-losc-lille","21":"tag-news","22":"tag-ogc-nice","23":"tag-olympique-lyonnais-ol","24":"tag-rc-strasbourg","25":"tag-republique-francaise","26":"tag-sport"},"share_on_mastodon":{"url":"","error":""},"_links":{"self":[{"href":"https:\/\/www.europesays.com\/fr\/wp-json\/wp\/v2\/posts\/593854","targetHints":{"allow":["GET"]}}],"collection":[{"href":"https:\/\/www.europesays.com\/fr\/wp-json\/wp\/v2\/posts"}],"about":[{"href":"https:\/\/www.europesays.com\/fr\/wp-json\/wp\/v2\/types\/post"}],"author":[{"embeddable":true,"href":"https:\/\/www.europesays.com\/fr\/wp-json\/wp\/v2\/users\/2"}],"replies":[{"embeddable":true,"href":"https:\/\/www.europesays.com\/fr\/wp-json\/wp\/v2\/comments?post=593854"}],"version-history":[{"count":0,"href":"https:\/\/www.europesays.com\/fr\/wp-json\/wp\/v2\/posts\/593854\/revisions"}],"wp:featuredmedia":[{"embeddable":true,"href":"https:\/\/www.europesays.com\/fr\/wp-json\/wp\/v2\/media\/593855"}],"wp:attachment":[{"href":"https:\/\/www.europesays.com\/fr\/wp-json\/wp\/v2\/media?parent=593854"}],"wp:term":[{"taxonomy":"category","embeddable":true,"href":"https:\/\/www.europesays.com\/fr\/wp-json\/wp\/v2\/categories?post=593854"},{"taxonomy":"post_tag","embeddable":true,"href":"https:\/\/www.europesays.com\/fr\/wp-json\/wp\/v2\/tags?post=593854"}],"curies":[{"name":"wp","href":"https:\/\/api.w.org\/{rel}","templated":true}]}}