{"id":593856,"date":"2025-12-12T00:02:15","date_gmt":"2025-12-12T00:02:15","guid":{"rendered":"https:\/\/www.europesays.com\/fr\/593856\/"},"modified":"2025-12-12T00:02:15","modified_gmt":"2025-12-12T00:02:15","slug":"marseille-et-buenos-aires-sunissent-pour-accelerer-la-recherche","status":"publish","type":"post","link":"https:\/\/www.europesays.com\/fr\/593856\/","title":{"rendered":"Marseille et Buenos Aires s\u2019unissent pour acc\u00e9l\u00e9rer la recherche"},"content":{"rendered":"<p class=\"rev-margin-0 rev-text-xs-normal\">Une rencontre a \u00e9t\u00e9 organis\u00e9e ce mercredi 10 d\u00e9cembre \u00e0 Buenos Aires, en pr\u00e9sence de Romain Nadal, ambassadeur de France en Argentine (tout \u00e0 droite). Nelson Dusetti, directeur de recherche \u00e0 l\u2019Inserm et responsable du labo commun au CRCM (deuxi\u00e8me \u00e0&#8230;<\/p>\n<p class=\"rev-margin-0 rev-text-xs-bold\">\/ Photo DR<\/p>\n<p>Frapper plus fort et plus vite. Un laboratoire franco-argentin d\u00e9di\u00e9 \u00e0 la recherche contre le cancer du pancr\u00e9as vient d\u2019\u00eatre cr\u00e9\u00e9 au Centre de recherche en canc\u00e9rologie de Marseille (CRCM) par l\u2019Inserm, en partenariat avec le CEFYBO de Buenos Aires. Une nouvelle et indispensable \u00e9tape dans la coop\u00e9ration scientifique internationale pour combattre <a href=\"https:\/\/www.laprovence.com\/article\/sante\/74769891089197\/cancer-du-pancreas-bientot-le-2eme-cancer-le-plus-meurtrier\" target=\"_blank\" rel=\"noopener\">un fl\u00e9au mondial<\/a>. \u00ab\u00a0C\u2019est une priorit\u00e9 car le cancer pancr\u00e9atique est celui dont l\u2019incidence augmente le plus vite dans le monde et pour lequel les traitements ne sont pas assez efficaces, explique Nelson Dusetti qui pilote le d\u00e9ploiement op\u00e9rationnel. Avant, il touchait des gens de plus de 50\u00a0ans avec un pic \u00e0 70\u00a0ans et aujourd\u2019hui, nous avons des patients de 40-50\u00a0ans. C&rsquo;est un <a href=\"https:\/\/www.laprovence.com\/article\/sante\/66765015134321\/sante-a-marseille-un-projet-prometteur-pour-detecter-plus-tot-le-cancer-du-pancreas\" target=\"_blank\" rel=\"noopener\">enjeu de sant\u00e9 publique majeur<\/a> qui d\u00e9passe notre pays.\u00a0\u00bb<\/p>\n<p>En France, on estime \u00e0 16\u00a0000 le nombre de <a href=\"https:\/\/www.laprovence.com\/article\/sante\/14065321701215\/cancer-du-pancreas-ces-10-signes-qui-doivent-alerter\" target=\"_blank\" rel=\"noopener\">nouveaux cas de cancer du pancr\u00e9as<\/a> chaque ann\u00e9e. C\u2019est moins que les cancers du sein, de la prostate ou du colon. \u00ab\u00a0Sauf que l\u2019incidence est presque \u00e9gale \u00e0 la mortalit\u00e9, pr\u00e9cise le chercheur qui dirige au CRCM l\u2019\u00e9quipe \u00ab\u00a0Recherche translationnelle et th\u00e9rapeutique dans le cancer du pancr\u00e9as\u00a0\u00bb. Il faut l\u2019\u00e9tudier pour mieux le comprendre et le vaincre. Mais nous n\u2019avons pas suffisamment de patients pour faire progresser la recherche. Il faut donc ouvrir les fronti\u00e8res. La collaboration internationale est essentielle pour trouver de nouveaux traitements.\u00a0\u00bb<\/p>\n<p>Ce \u00ab\u00a0Joint Lab\u00a0\u00bb (label attribu\u00e9 \u00e0 des coop\u00e9rations d\u2019excellence) s\u2019inscrit dans le cadre du R\u00e9seau International de Recherche de l\u2019Inserm. Il vise \u00e0 approfondir la compr\u00e9hension mol\u00e9culaire et immunologique de l\u2019ad\u00e9nocarcinome canalaire pancr\u00e9atique et \u00e0 d\u00e9velopper de nouvelles strat\u00e9gies th\u00e9rapeutiques. Le r\u00e9sultat de plus d\u2019une d\u00e9cennie de collaborations entre Marseille et Buenos Aires, initi\u00e9e par le professeur Juan Iovanna (Inserm, CRCM) et Eduardo Chuluyan (CEFYBO, UBA\/CONICET). \u00ab\u00a0L\u2019Argentine est un pays \u00e9mergeant avec une dynamique scientifique forte, leur laboratoire est sp\u00e9cialis\u00e9 en immunologie, souligne Nelson Dusetti. L\u2019Institut Paoli-Calmettes est aussi impliqu\u00e9 comme centre de r\u00e9f\u00e9rence pour favoriser l\u2019innovation et la recherche translationnelle.\u00a0\u00bb<\/p>\n<p>Le cadre institutionnel a \u00e9t\u00e9 pos\u00e9 avant-hier \u00e0 l\u2019ambassade de France en Argentine. Une formalit\u00e9 qui marque le point de d\u00e9part de cette collaboration qui va impliquer un grand nombre de chercheurs. Rien qu\u2019\u00e0 Marseille, ils seront une quarantaine. Avec ce labo commun, deux nouveaux experts ont d\u00e9j\u00e0 \u00e9t\u00e9 accueillis au CRCM, Dr Daniel Grasso et Dr Carla Remolins. \u00ab\u00a0Ici, nous sommes le premier laboratoire au monde \u00e0 avoir identifi\u00e9 des signatures pr\u00e9dictives du <a href=\"https:\/\/www.laprovence.com\/article\/sante\/5594055939693314\/alcool-et-risque-accru-de-cancer-du-pancreas-un-lien-inquietant-etabli-par-l-oms\" target=\"_blank\" rel=\"noopener\">cancer pancr\u00e9atique<\/a>, se f\u00e9licite le biologiste mol\u00e9culaire. Cela nous permet de pr\u00e9dire la mani\u00e8re dont le patient va r\u00e9agir au traitement et de personnaliser les soins.\u00a0\u00bb<\/p>\n<p>Cette initiative a pour objectif d\u2019identifier les sous-populations tumorales multi-r\u00e9sistantes pour mieux comprendre <a href=\"https:\/\/www.laprovence.com\/article\/sante\/6242626142746614\/cancer-du-pancreas-pourquoi-est-il-si-redoute\" target=\"_blank\" rel=\"noopener\">les \u00e9checs th\u00e9rapeutiques<\/a>, de caract\u00e9riser le profil immunologique associ\u00e9 \u00e0 la progression tumorale et \u00e0 l\u2019\u00e9vasion immunitaire ainsi que de d\u00e9velopper des outils d\u2019intelligence artificielle pour pr\u00e9dire la r\u00e9ponse aux traitements et guider les th\u00e9rapies personnalis\u00e9es. \u00ab\u00a0Ce travail collaboratif est officiel et structur\u00e9 pour plus d\u2019efficacit\u00e9. C\u2019est important et \u00e7a donne de l\u2019espoir.\u00a0\u00bb<\/p>\n<p>Une d\u00e9marche qui peut s\u2019inscrire aussi dans le projet \u00ab\u00a0Fight Cancer\u00a0\u00bb, le premier b\u00e2timent enti\u00e8rement consacr\u00e9 \u00e0 <a href=\"https:\/\/www.laprovence.com\/article\/region\/1309269949854314\/a-marseille-plus-de-100-000-euros-pour-la-recherche-sur-le-cancer-du-pancreas\" target=\"_blank\" rel=\"noopener\">la recherche<\/a> sur le cancer du pancr\u00e9as adoss\u00e9 \u00e0 un h\u00f4pital en France. \u00c7a sera sur le site de l\u2019IPC courant 2026, renfor\u00e7ant la continuit\u00e9 entre la recherche et les soins pour faire de Marseille un centre de r\u00e9f\u00e9rence international dans le domaine.<\/p>\n","protected":false},"excerpt":{"rendered":"Une rencontre a \u00e9t\u00e9 organis\u00e9e ce mercredi 10 d\u00e9cembre \u00e0 Buenos Aires, en pr\u00e9sence de Romain Nadal, ambassadeur&hellip;\n","protected":false},"author":2,"featured_media":593857,"comment_status":"","ping_status":"","sticky":false,"template":"","format":"standard","meta":{"footnotes":""},"categories":[2814],"tags":[17,1111,11,47926,70654,101,1777,674,2823,1011,27,884,12,6803,882,25,70655,71],"class_list":{"0":"post-593856","1":"post","2":"type-post","3":"status-publish","4":"format-standard","5":"has-post-thumbnail","7":"category-marseille","8":"tag-17","9":"tag-actu","10":"tag-actualites","11":"tag-aires","12":"tag-buenos","13":"tag-cancer","14":"tag-eu","15":"tag-europe","16":"tag-face","17":"tag-fr","18":"tag-france","19":"tag-marseille","20":"tag-news","21":"tag-pancreas","22":"tag-provence-alpes-cote-dazur","23":"tag-republique-francaise","24":"tag-sunissent","25":"tag-sante"},"share_on_mastodon":{"url":"https:\/\/pubeurope.com\/@fr\/115703666758934110","error":""},"_links":{"self":[{"href":"https:\/\/www.europesays.com\/fr\/wp-json\/wp\/v2\/posts\/593856","targetHints":{"allow":["GET"]}}],"collection":[{"href":"https:\/\/www.europesays.com\/fr\/wp-json\/wp\/v2\/posts"}],"about":[{"href":"https:\/\/www.europesays.com\/fr\/wp-json\/wp\/v2\/types\/post"}],"author":[{"embeddable":true,"href":"https:\/\/www.europesays.com\/fr\/wp-json\/wp\/v2\/users\/2"}],"replies":[{"embeddable":true,"href":"https:\/\/www.europesays.com\/fr\/wp-json\/wp\/v2\/comments?post=593856"}],"version-history":[{"count":0,"href":"https:\/\/www.europesays.com\/fr\/wp-json\/wp\/v2\/posts\/593856\/revisions"}],"wp:featuredmedia":[{"embeddable":true,"href":"https:\/\/www.europesays.com\/fr\/wp-json\/wp\/v2\/media\/593857"}],"wp:attachment":[{"href":"https:\/\/www.europesays.com\/fr\/wp-json\/wp\/v2\/media?parent=593856"}],"wp:term":[{"taxonomy":"category","embeddable":true,"href":"https:\/\/www.europesays.com\/fr\/wp-json\/wp\/v2\/categories?post=593856"},{"taxonomy":"post_tag","embeddable":true,"href":"https:\/\/www.europesays.com\/fr\/wp-json\/wp\/v2\/tags?post=593856"}],"curies":[{"name":"wp","href":"https:\/\/api.w.org\/{rel}","templated":true}]}}