{"id":593860,"date":"2025-12-12T00:04:13","date_gmt":"2025-12-12T00:04:13","guid":{"rendered":"https:\/\/www.europesays.com\/fr\/593860\/"},"modified":"2025-12-12T00:04:13","modified_gmt":"2025-12-12T00:04:13","slug":"un-recours-de-lenseignement-catholique-contre-la-metropole","status":"publish","type":"post","link":"https:\/\/www.europesays.com\/fr\/593860\/","title":{"rendered":"un recours de l\u2019enseignement catholique contre la M\u00e9tropole"},"content":{"rendered":"<p>2,6\u00a0millions manquants dans les budgets des coll\u00e8ges priv\u00e9s\u00a0du fait de la M\u00e9tropole\u00a0: c\u2019est ce que d\u00e9nonce l\u2019Uniogec, qui repr\u00e9sente les organismes de gestion de l\u2019enseignement catholique.\u00a0La d\u00e9cision a \u00e9t\u00e9 act\u00e9e par les \u00e9lus en commission permanente le 13\u00a0octobre. \u00ab\u00a0\u00c7a va concerner le b\u00e2ti, les personnels non enseignants, la restauration, le mat\u00e9riel, l\u2019entretien\u2026 Tout ce qui permet de faire fonctionner un \u00e9tablissement\u00a0\u00bb, d\u00e9taille&#8230;<\/p>\n","protected":false},"excerpt":{"rendered":"2,6\u00a0millions manquants dans les budgets des coll\u00e8ges priv\u00e9s\u00a0du fait de la M\u00e9tropole\u00a0: c\u2019est ce que d\u00e9nonce l\u2019Uniogec, qui&hellip;\n","protected":false},"author":2,"featured_media":593861,"comment_status":"","ping_status":"","sticky":false,"template":"","format":"standard","meta":{"footnotes":""},"categories":[1889],"tags":[1111,11,2430,3599,2757,1057,1777,674,107,1011,27,2428,2756,12,25,2429,104],"class_list":{"0":"post-593860","1":"post","2":"type-post","3":"status-publish","4":"format-standard","5":"has-post-thumbnail","7":"category-lyon","8":"tag-actu","9":"tag-actualites","10":"tag-auvergne-rhone-alpes","11":"tag-college-lycee","12":"tag-edition-lyon-villeurbanne","13":"tag-education","14":"tag-eu","15":"tag-europe","16":"tag-fil-info","17":"tag-fr","18":"tag-france","19":"tag-lyon","20":"tag-lyon-bassin","21":"tag-news","22":"tag-republique-francaise","23":"tag-rhone","24":"tag-societe"},"share_on_mastodon":{"url":"https:\/\/pubeurope.com\/@fr\/115703674657257388","error":""},"_links":{"self":[{"href":"https:\/\/www.europesays.com\/fr\/wp-json\/wp\/v2\/posts\/593860","targetHints":{"allow":["GET"]}}],"collection":[{"href":"https:\/\/www.europesays.com\/fr\/wp-json\/wp\/v2\/posts"}],"about":[{"href":"https:\/\/www.europesays.com\/fr\/wp-json\/wp\/v2\/types\/post"}],"author":[{"embeddable":true,"href":"https:\/\/www.europesays.com\/fr\/wp-json\/wp\/v2\/users\/2"}],"replies":[{"embeddable":true,"href":"https:\/\/www.europesays.com\/fr\/wp-json\/wp\/v2\/comments?post=593860"}],"version-history":[{"count":0,"href":"https:\/\/www.europesays.com\/fr\/wp-json\/wp\/v2\/posts\/593860\/revisions"}],"wp:featuredmedia":[{"embeddable":true,"href":"https:\/\/www.europesays.com\/fr\/wp-json\/wp\/v2\/media\/593861"}],"wp:attachment":[{"href":"https:\/\/www.europesays.com\/fr\/wp-json\/wp\/v2\/media?parent=593860"}],"wp:term":[{"taxonomy":"category","embeddable":true,"href":"https:\/\/www.europesays.com\/fr\/wp-json\/wp\/v2\/categories?post=593860"},{"taxonomy":"post_tag","embeddable":true,"href":"https:\/\/www.europesays.com\/fr\/wp-json\/wp\/v2\/tags?post=593860"}],"curies":[{"name":"wp","href":"https:\/\/api.w.org\/{rel}","templated":true}]}}