{"id":593862,"date":"2025-12-12T00:05:15","date_gmt":"2025-12-12T00:05:15","guid":{"rendered":"https:\/\/www.europesays.com\/fr\/593862\/"},"modified":"2025-12-12T00:05:15","modified_gmt":"2025-12-12T00:05:15","slug":"lyon-garde-sa-premiere-place-nice-au-fond-du-trou-lille-gache-une-belle-occasion-le-classement-complet-de-la-ligue-europa","status":"publish","type":"post","link":"https:\/\/www.europesays.com\/fr\/593862\/","title":{"rendered":"Lyon garde sa premi\u00e8re place, Nice au fond du trou, Lille g\u00e2che une belle occasion&#8230; Le classement complet de la Ligue Europa"},"content":{"rendered":"<p>\n    L\u2019OL est le seul club fran\u00e7ais \u00e0 s\u2019\u00eatre impos\u00e9 ce jeudi lors de la 6e journ\u00e9e de Ligue Europa et garde sa premi\u00e8re place. Le classement complet.<\/p>\n<p class=\"fig-paragraph\">Lyon garde ses hauteurs. Seul vainqueur sur les trois clubs fran\u00e7ais \u00e0 jouer lors de\u00a0<a href=\"https:\/\/www.lefigaro.fr\/sports\/football\/ligue-europa\/calendrier-resultats?journee=6\" target=\"_blank\" rel=\"sponsored noopener\" data-gtm-custom-categorie=\"navigation\" data-gtm-custom-action=\"crossclick\" data-gtm-custom-label=\"Contextuel\" data-gtm-event=\"customEventSPE\">la 6e journ\u00e9e de Ligue Europa<\/a>, l\u2019Olympique Lyonnais garde sa premi\u00e8re place au classement (1er, 15 points) gr\u00e2ce \u00e0 sa victoire \u00e0 domicile\u00a0<a href=\"http:\/\/www.lefigaro.fr\/sports\/football\/ligue-europa\/ligue-europa-l-olympique-lyonnais-s-impose-et-garde-la-tete-du-classement-20251211\" target=\"_blank\" data-fig-type=\"NewsFlash\" rel=\"noopener\" data-gtm-custom-categorie=\"navigation\" data-gtm-custom-action=\"crossclick\" data-gtm-custom-label=\"Contextuel\" data-gtm-event=\"customEventSPE\" data-fig-domain=\"LEFIGARO\">face aux Hollandais de Go Ahead Eagles (2-1)<\/a>\u00a0et assure sa qualification\u00a0<a href=\"http:\/\/www.lefigaro.fr\/sports\/football\/ligue-europa\/ligue-europa-en-plus-de-lyon-aston-villa-et-midtjylland-s-assurent-les-barrages-20251211\" target=\"_blank\" data-fig-type=\"NewsFlash\" rel=\"noopener\" data-gtm-custom-categorie=\"navigation\" data-gtm-custom-action=\"crossclick\" data-gtm-custom-label=\"Contextuel\" data-gtm-event=\"customEventSPE\" data-fig-domain=\"LEFIGARO\">pour les barrages<\/a>.<\/p>\n<p class=\"fig-paragraph\">Pas la m\u00eame satisfaction pour Nice, qui ne compte toujours pas le moindre point en Ligue Europa. Avec une nouvelle d\u00e9faite ce jeudi\u00a0<a href=\"http:\/\/www.lefigaro.fr\/sports\/football\/ligue-europa\/ligue-europa-l-ogc-nice-s-enlise-un-peu-plus-dans-la-crise-le-losc-s-incline-face-au-young-boys-berne-20251211\" target=\"_blank\" data-fig-type=\"NewsFlash\" rel=\"noopener\" data-gtm-custom-categorie=\"navigation\" data-gtm-custom-action=\"crossclick\" data-gtm-custom-label=\"Contextuel\" data-gtm-event=\"customEventSPE\" data-fig-domain=\"LEFIGARO\">face \u00e0 Braga (0-1)<\/a>, les Ni\u00e7ois sont bons derniers (36e, 0 point) et d\u2019ores et d\u00e9j\u00e0 \u00e9limin\u00e9s de la comp\u00e9tition. Pour les Lillois, cette d\u00e9faite face aux Young Boys Berne (1-0) les emp\u00eache de s\u2019ins\u00e9rer dans le Top 8 (20e, 9 points).<\/p>\n<p>                                            <a class=\"fig-a11y-skip\" href=\"#fig-a11y-skip-main-inarticle\" data-module=\"a11y-skip\" data-context=\"was @visible\"><br \/>\n    Passer la publicit\u00e9<br \/>\n<\/a>            <\/p>\n<p class=\"fig-paragraph\">Le classement est\u00a0<a href=\"https:\/\/www.lefigaro.fr\/sports\/football\/ligue-europa\/classement\" target=\"_blank\" rel=\"sponsored noopener\" data-gtm-custom-categorie=\"navigation\" data-gtm-custom-action=\"crossclick\" data-gtm-custom-label=\"Contextuel\" data-gtm-event=\"customEventSPE\">\u00e0 retrouver ici<\/a>.<\/p>\n<p class=\"fig-paragraph\">\u00c0 noter la bonne op\u00e9ration pour les Strasbourgeois en Ligue Europa Conf\u00e9rence. En s\u2019imposant\u00a0<a href=\"http:\/\/www.lefigaro.fr\/sports\/football\/ligue-europa\/ligue-europa-conference-strasbourg-prend-le-dessus-sur-aberdeen-et-grimpe-a-la-premiere-place-du-classement-20251211\" target=\"_blank\" data-fig-type=\"NewsFlash\" rel=\"noopener\" data-gtm-custom-categorie=\"navigation\" data-gtm-custom-action=\"crossclick\" data-gtm-custom-label=\"Contextuel\" data-gtm-event=\"customEventSPE\" data-fig-domain=\"LEFIGARO\">sur la pelouse d\u2019Aberdeen (0-1)<\/a>, les hommes de Liam Rosenior grimpent \u00e0 la premi\u00e8re place (1er, 13 points).<\/p>\n","protected":false},"excerpt":{"rendered":"L\u2019OL est le seul club fran\u00e7ais \u00e0 s\u2019\u00eatre impos\u00e9 ce jeudi lors de la 6e journ\u00e9e de Ligue&hellip;\n","protected":false},"author":2,"featured_media":593863,"comment_status":"","ping_status":"","sticky":false,"template":"","format":"standard","meta":{"footnotes":""},"categories":[1889],"tags":[1111,11,2430,1777,674,1011,27,20708,2267,2428,12,2268,978,4448,25],"class_list":{"0":"post-593862","1":"post","2":"type-post","3":"status-publish","4":"format-standard","5":"has-post-thumbnail","7":"category-lyon","8":"tag-actu","9":"tag-actualites","10":"tag-auvergne-rhone-alpes","11":"tag-eu","12":"tag-europe","13":"tag-fr","14":"tag-france","15":"tag-ligue-europa-conference","16":"tag-losc","17":"tag-lyon","18":"tag-news","19":"tag-ogc-nice","20":"tag-olympique-lyonnais","21":"tag-rc-strasbourg","22":"tag-republique-francaise"},"share_on_mastodon":{"url":"https:\/\/pubeurope.com\/@fr\/115703678460762257","error":""},"_links":{"self":[{"href":"https:\/\/www.europesays.com\/fr\/wp-json\/wp\/v2\/posts\/593862","targetHints":{"allow":["GET"]}}],"collection":[{"href":"https:\/\/www.europesays.com\/fr\/wp-json\/wp\/v2\/posts"}],"about":[{"href":"https:\/\/www.europesays.com\/fr\/wp-json\/wp\/v2\/types\/post"}],"author":[{"embeddable":true,"href":"https:\/\/www.europesays.com\/fr\/wp-json\/wp\/v2\/users\/2"}],"replies":[{"embeddable":true,"href":"https:\/\/www.europesays.com\/fr\/wp-json\/wp\/v2\/comments?post=593862"}],"version-history":[{"count":0,"href":"https:\/\/www.europesays.com\/fr\/wp-json\/wp\/v2\/posts\/593862\/revisions"}],"wp:featuredmedia":[{"embeddable":true,"href":"https:\/\/www.europesays.com\/fr\/wp-json\/wp\/v2\/media\/593863"}],"wp:attachment":[{"href":"https:\/\/www.europesays.com\/fr\/wp-json\/wp\/v2\/media?parent=593862"}],"wp:term":[{"taxonomy":"category","embeddable":true,"href":"https:\/\/www.europesays.com\/fr\/wp-json\/wp\/v2\/categories?post=593862"},{"taxonomy":"post_tag","embeddable":true,"href":"https:\/\/www.europesays.com\/fr\/wp-json\/wp\/v2\/tags?post=593862"}],"curies":[{"name":"wp","href":"https:\/\/api.w.org\/{rel}","templated":true}]}}