{"id":593864,"date":"2025-12-12T00:07:34","date_gmt":"2025-12-12T00:07:34","guid":{"rendered":"https:\/\/www.europesays.com\/fr\/593864\/"},"modified":"2025-12-12T00:07:34","modified_gmt":"2025-12-12T00:07:34","slug":"pres-de-250-salaries-licencies-en-ile-de-france","status":"publish","type":"post","link":"https:\/\/www.europesays.com\/fr\/593864\/","title":{"rendered":"pr\u00e8s de 250 salari\u00e9s licenci\u00e9s en \u00cele-de-France"},"content":{"rendered":"<p class=\"article__intro\">700 emplois sont supprim\u00e9s dans l&rsquo;Hexagone dont 250 en \u00cele-de-France avec la liquidation judiciaire du fabricant d&rsquo;\u00e9lectrom\u00e9nagers Brandt. Si les usines sont en Centre-Val de Loire, l&rsquo;entreprise poss\u00e8de un centre de service apr\u00e8s-vente et son si\u00e8ge social en r\u00e9gion parisienne.<\/p>\n<p>\n      L\u2019actu des r\u00e9gions\n    <\/p>\n<p>\n      Chaque jour, un tour d\u2019horizon des principales infos de toutes les r\u00e9gions.\n    <\/p>\n<p>    France T\u00e9l\u00e9visions utilise votre adresse e-mail afin de vous envoyer la newsletter \u00ab\u00a0L\u2019actu des r\u00e9gions\u00a0\u00bb. Vous pouvez vous d\u00e9sinscrire \u00e0 tout moment via le lien en bas de cette newsletter. <a target=\"_blank\" href=\"https:\/\/www.francetelevisions.fr\/groupe\/confidentialite\/politique-de-confidentialite\/politique-de-confidentialite-de-france-televisions-6503\" rel=\"noopener\">Notre politique de confidentialit\u00e9<\/a><\/p>\n<p>L&rsquo;annonce est particuli\u00e8rement dure pour l&rsquo;ensemble des salari\u00e9s du fabricant d&rsquo;\u00e9lectrom\u00e9nagers Brandt : 700 emplois disparaissent \u00e0 la veille de No\u00ebl, dont 250 en \u00cele-de-France. Les salaires ne seront plus vers\u00e9s apr\u00e8s le 15 d\u00e9cembre.<\/p>\n<p>Avec cette d\u00e9cision, le fabricant des produits Brandt dispara\u00eet, tout comme les trois autres marques fran\u00e7aises d&rsquo;\u00e9lectrom\u00e9nager Vedette, Sauter et De Dietrich.<\/p>\n<p>Outre ses deux usines en France, en Centre-Val de Loire, Brandt poss\u00e8de un centre de service apr\u00e8s-vente en r\u00e9gion parisienne, \u00e0 Saint-Ouen-L&rsquo;Aum\u00f4ne (Val-d&rsquo;Oise). Son si\u00e8ge social est situ\u00e9 \u00e0 Rueil-Malmaison (Hauts-de-Seine).<\/p>\n<p>\u00ab\u00a0La R\u00e9gion \u00cele-de-France reste pleinement mobilis\u00e9e dans la phase de liquidation et s\u2019engage \u00e0 d\u00e9ployer tous ses efforts pour accompagner une reprise du site offrant des opportunit\u00e9s de reclassement aux salari\u00e9s et assurant un devenir industriel au site\u00a0\u00bb, indique la R\u00e9gion par communiqu\u00e9.<\/p>\n<p>Face au risque d&rsquo;une mise en liquidation, particuli\u00e8rement redout\u00e9, un projet de Scop (soci\u00e9t\u00e9 coop\u00e9rative et participative), soutenu par le groupe Revive, devait pourtant permettre de sauver au moins 370 emplois.<\/p>\n<p>Cette offre, pr\u00e9sent\u00e9e comme celle de la derni\u00e8re chance, avait pourtant re\u00e7u ces derniers jours un large soutien des pouvoirs publics et d&rsquo;une majorit\u00e9 de salari\u00e9s.<\/p>\n<p>Mais la t\u00e2che s&rsquo;annon\u00e7ait difficile : entre 20 et 25 millions d&rsquo;euros \u00e9taient n\u00e9cessaires pour relancer l&rsquo;activit\u00e9 de Brandt.<\/p>\n<p>Les pouvoirs publics avaient annonc\u00e9 des soutiens en cascade : le gouvernement avait promis une aide de l&rsquo;Etat \u00e0 hauteur de 5 millions d&rsquo;euros, suivi par la r\u00e9gion Centre-Val de Loire et la m\u00e9tropole d&rsquo;Orl\u00e9ans pour une somme atteignant au moins 20 millions d&rsquo;euros.<\/p>\n<p>La R\u00e9gion \u00cele-de-France regrette ainsi \u00ab\u00a0que l\u2019offre de reprise de Brandt qu\u2019elle soutenait n\u2019ait pas \u00e9t\u00e9 retenue\u00a0\u00bb et avoir \u00ab\u00a0pr\u00e9sent\u00e9 au tribunal un soutien d\u2019un million d\u2019euros pour s\u00e9curiser la continuit\u00e9 de l\u2019activit\u00e9\u00a0\u00bb.<\/p>\n<p>Le Conseil r\u00e9gional va mandater \u00ab\u00a0la SEM investissements et territoires pour rassembler autour d\u2019elle un pool de partenaires engag\u00e9s autour de la reprise du foncier et de l\u2019immobilier\u00a0\u00bb.<\/p>\n<p>Devant une des usines du groupe, \u00e0 Vend\u00f4me, qui emploie 93 salari\u00e9s dans le Loir-et-Cher, une soixantaine de salari\u00e9s ont fait part de leur col\u00e8re.<\/p>\n<p>\u00ab\u00a0C&rsquo;est de la rage, de la col\u00e8re, de l&rsquo;incompr\u00e9hension. On se sera battus jusqu&rsquo;au bout\u00a0\u00bb, a abond\u00e9 le secr\u00e9taire CGT Melkonyan Khachatur \u00e9voquant avec aperture \u00ab\u00a0un beau cadeau de No\u00ebl\u00a0\u00bb.<\/p>\n<p>Brandt, propri\u00e9t\u00e9 depuis 2014 du groupe alg\u00e9rien Cevital, r\u00e9alise 260 millions d&rsquo;euros de chiffre d&rsquo;affaires. L&rsquo;entreprise subit notamment les cons\u00e9quences des temps difficiles v\u00e9cus par le secteur du gros \u00e9lectrom\u00e9nager, li\u00e9 au ralentissement du march\u00e9 immobilier.<\/p>\n<p>Le minist\u00e8re de l&rsquo;\u00c9conomie, a, de son c\u00f4t\u00e9, exprim\u00e9 sa \u00ab\u00a0profonde tristesse\u00a0\u00bb apr\u00e8s la liquidation d&rsquo;un \u00ab\u00a0fleuron fran\u00e7ais\u00a0\u00bb.<\/p>\n","protected":false},"excerpt":{"rendered":"700 emplois sont supprim\u00e9s dans l&rsquo;Hexagone dont 250 en \u00cele-de-France avec la liquidation judiciaire du fabricant d&rsquo;\u00e9lectrom\u00e9nagers Brandt.&hellip;\n","protected":false},"author":2,"featured_media":593865,"comment_status":"","ping_status":"","sticky":false,"template":"","format":"standard","meta":{"footnotes":""},"categories":[1592],"tags":[1111,11,1777,674,1011,27,662,12,626,25],"class_list":{"0":"post-593864","1":"post","2":"type-post","3":"status-publish","4":"format-standard","5":"has-post-thumbnail","7":"category-ile-de-france","8":"tag-actu","9":"tag-actualites","10":"tag-eu","11":"tag-europe","12":"tag-fr","13":"tag-france","14":"tag-ile-de-france","15":"tag-news","16":"tag-paris","17":"tag-republique-francaise"},"share_on_mastodon":{"url":"https:\/\/pubeurope.com\/@fr\/115703686306822690","error":""},"_links":{"self":[{"href":"https:\/\/www.europesays.com\/fr\/wp-json\/wp\/v2\/posts\/593864","targetHints":{"allow":["GET"]}}],"collection":[{"href":"https:\/\/www.europesays.com\/fr\/wp-json\/wp\/v2\/posts"}],"about":[{"href":"https:\/\/www.europesays.com\/fr\/wp-json\/wp\/v2\/types\/post"}],"author":[{"embeddable":true,"href":"https:\/\/www.europesays.com\/fr\/wp-json\/wp\/v2\/users\/2"}],"replies":[{"embeddable":true,"href":"https:\/\/www.europesays.com\/fr\/wp-json\/wp\/v2\/comments?post=593864"}],"version-history":[{"count":0,"href":"https:\/\/www.europesays.com\/fr\/wp-json\/wp\/v2\/posts\/593864\/revisions"}],"wp:featuredmedia":[{"embeddable":true,"href":"https:\/\/www.europesays.com\/fr\/wp-json\/wp\/v2\/media\/593865"}],"wp:attachment":[{"href":"https:\/\/www.europesays.com\/fr\/wp-json\/wp\/v2\/media?parent=593864"}],"wp:term":[{"taxonomy":"category","embeddable":true,"href":"https:\/\/www.europesays.com\/fr\/wp-json\/wp\/v2\/categories?post=593864"},{"taxonomy":"post_tag","embeddable":true,"href":"https:\/\/www.europesays.com\/fr\/wp-json\/wp\/v2\/tags?post=593864"}],"curies":[{"name":"wp","href":"https:\/\/api.w.org\/{rel}","templated":true}]}}