{"id":593870,"date":"2025-12-12T00:11:13","date_gmt":"2025-12-12T00:11:13","guid":{"rendered":"https:\/\/www.europesays.com\/fr\/593870\/"},"modified":"2025-12-12T00:11:13","modified_gmt":"2025-12-12T00:11:13","slug":"un-voisin-fou-furieux-suspecte","status":"publish","type":"post","link":"https:\/\/www.europesays.com\/fr\/593870\/","title":{"rendered":"un voisin \u00ab\u00a0fou furieux\u00a0\u00bb suspect\u00e9"},"content":{"rendered":"<p>                    Par<br \/>\n        <strong><br \/>\n            <a href=\"https:\/\/actu.fr\/auteur\/antoine-blanchet\" title=\"Consulter tous les articles de Antoine Blanchet\" target=\"_blank\" rel=\"noopener\">Antoine Blanchet<\/a><br \/>\n                    <\/strong><\/p>\n<p>        Publi\u00e9 le<\/p>\n<p>            11 d\u00e9c. 2025 \u00e0 19h06        <\/p>\n<p>Cr\u00e2ne d\u00e9garni, regard dans le vague\u2026 L\u2019apparition de Patrice F. dans le box ne passe pas inaper\u00e7ue \u00e0 la <strong>23\u1d49 chambre<\/strong> du tribunal de <a href=\"https:\/\/actu.fr\/paris\/\" target=\"_blank\" rel=\"noopener\">Paris<\/a>. Un flot de murmures accompagne l\u2019entr\u00e9e en sc\u00e8ne de cet homme de 49\u00a0ans. Il faut dire que la salle est pleine \u00e0 craquer ce jeudi 11\u00a0d\u00e9cembre 2025. Les habitants du 52\/62 rue de Bercy s\u2019entassent sur les bancs. Le pr\u00e9venu est poursuivi pour avoir, le 13\u00a0ao\u00fbt dernier, <strong>incendi\u00e9 deux voitures dans le parking de la r\u00e9sidence<\/strong>. Les cons\u00e9quences\u2009? L\u2019enti\u00e8ret\u00e9 des habitants est priv\u00e9e de logement depuis. Des ann\u00e9es avant, le quadrag\u00e9naire aurait sem\u00e9 la terreur dans cet immeuble. On le soup\u00e7onne d\u2019avoir agi par vengeance. L\u2019audience a finalement \u00e9t\u00e9 renvoy\u00e9e \u00e0 l\u2019instruction.<\/p>\n<p>L\u2019immeuble \u00e9vacu\u00e9<\/p>\n<p class=\" wall-content\">Le 13\u00a0ao\u00fbt 2025, vers quatre heures du matin, les r\u00e9sidents sont brutalement tir\u00e9s des bras de Morph\u00e9e. \u00ab\u2009Les pompiers ont tambourin\u00e9 \u00e0 ma porte. Ils m\u2019ont dit qu\u2019il y avait le feu, que l\u2019on devait \u00e9vacuer\u2009\u00bb, nous raconte Nadine*. La cause de cette exfiltration\u2009: un <a href=\"https:\/\/actu.fr\/tag\/incendie\" target=\"_blank\" rel=\"noopener\">incendie<\/a> s\u2019est d\u00e9clar\u00e9 dans le parking. Deux voitures se sont embras\u00e9es.<\/p>\n<p class=\" wall-content\">Quatre mois plus tard, c\u2019est toujours l\u2019attente et la gal\u00e8re pour les 300 r\u00e9sidents. Depuis le sinistre,<strong> impossible pour eux de regagner leurs appartements<\/strong>. En cause, la pr\u00e9sence d\u2019amiante dans le b\u00e2timent. \u00ab\u2009On ne pourra pas retrouver le logement avant minimum fin janvier\u00a02026\u2009\u00bb, soupire l\u2019un des propri\u00e9taires. Tous doivent trouver des solutions provisoires de logement. Certains chez des proches, d\u2019autres \u00e0 l\u2019h\u00f4tel. Le bon vouloir des assurances n\u2019est pas le m\u00eame pour tous. \u00ab\u2009Je paie plus de 5\u2009000\u00a0euros d\u2019h\u00e9bergement par mois pour 1\u2009400\u00a0euros de retraite. Je pense vendre en viager\u2009\u00bb, alerte une habitante.<\/p>\n<p>Un acte de vengeance\u2009?<\/p>\n<p class=\" wall-content\">Tr\u00e8s vite apr\u00e8s les faits, les constatations rel\u00e8vent que l\u2019incendie n\u2019est pas accidentel. De l\u2019essence aurait \u00e9t\u00e9 vers\u00e9e sur les deux voitures. Les investigations s\u2019orientent alors vers Patrice F.. Habitant dans le Nord de la France, il serait venu dans la capitale la nuit des faits. Interpell\u00e9 au mois de septembre, il a depuis \u00e9t\u00e9 <strong>plac\u00e9 en d\u00e9tention provisoire<\/strong>. Des \u00e9l\u00e9ments inqui\u00e9tants ont \u00e9t\u00e9 retrouv\u00e9s \u00e0 son domicile\u2009: un guide de maniement des armes et une vid\u00e9o \u00e0 caract\u00e8re zoophile.<\/p>\n<p class=\" wall-content\">L\u2019int\u00e9ress\u00e9, lui, clame son innocence. En garde \u00e0 vue, il garde le silence et refuse de donner les codes de son t\u00e9l\u00e9phone. \u00ab\u2009J\u2019ai \u00e9t\u00e9 un mois et demi dans le Sud apr\u00e8s les faits. J\u2019aurais pu incendier des voitures et je ne l\u2019ai pas fait\u2009\u00bb, vocif\u00e8re-t-il depuis le box avant d\u2019\u00eatre rappel\u00e9 \u00e0 l\u2019ordre par le pr\u00e9sident. De son c\u00f4t\u00e9, son avocat, Me Fabrice Decrock, \u00e9voque une \u00ab\u2009chronologie pas parfaitement \u00e9tablie\u2009\u00bb par les enqu\u00eateurs, sans en dire plus.<\/p>\n<p>Croix gamm\u00e9es et colle dans la serrure<\/p>\n<p class=\" wall-content\">Il faut dire que le pass\u00e9 de Patrice F. au sein de la r\u00e9sidence peut donner des soup\u00e7ons. Le quadrag\u00e9naire a v\u00e9cu au cinqui\u00e8me \u00e9tage <strong>entre\u00a02003 et\u00a02017<\/strong>. Quatorze ann\u00e9es de terreur, affirment ses anciens voisins. \u00ab\u2009Il taguait des croix gamm\u00e9es dans les parties communes. Il mettait aussi de la colle dans les serrures et crevait les pneus des v\u00e9hicules\u2009\u00bb, liste un r\u00e9sident. Le pr\u00e9venu, qui ne s\u2019est jamais fait prendre, aurait aussi agress\u00e9 le gardien de l\u2019immeuble. \u00ab\u2009Il a fait d\u00e9m\u00e9nager deux propri\u00e9taires\u2009\u00bb, se rem\u00e9more un voisin. \u00ab\u2009C\u2019est un fou furieux\u2009\u00bb, glisse une autre habitante. Finalement, le r\u00e9sident est expuls\u00e9 pour loyers impay\u00e9s en octobre\u00a02017. \u00ab\u2009Il continue \u00e0 faire des d\u00e9gradations l\u00e0 o\u00f9 il vit actuellement\u2009\u00bb, affirme une avocate des parties civiles.<\/p>\n<p>L\u2019affaire renvoy\u00e9e \u00e0 l\u2019instruction<\/p>\n<p class=\" wall-content\">L\u2019ancienne terreur du voisinage serait-elle revenue pour une ultime vengeance\u2009? La question reste en suspens ce jeudi. Plusieurs avocats de partie civile demandent que le dossier soit renvoy\u00e9 \u00e0 l\u2019instruction, car trop complexe pour passer en comparution imm\u00e9diate. \u00ab\u2009Il fut un temps, on n\u2019aurait jamais renvoy\u00e9 un dossier pareil dans une proc\u00e9dure d\u2019urgence\u2009\u00bb, pointe du doigt l\u2019une des p\u00e9nalistes, qui repr\u00e9sente <strong>17 parties civiles.<\/strong><\/p>\n<p>Votre r\u00e9gion, votre actu !<\/p>\n<p>Recevez chaque jour les infos qui comptent pour vous.<\/p>\n<p>\t<a href=\"https:\/\/actu.fr\/newsletter\" class=\"ac-btn ac-btn--corner ac-btn--medium ac-btn--blue800\" target=\"_blank\" rel=\"noopener\">S&rsquo;incrire<\/a><\/p>\n<p class=\" wall-content\">Autre \u00e9l\u00e9ment soulev\u00e9 par l\u2019un des conseils\u2009: la mort d\u2019un des r\u00e9sidents d\u2019un arr\u00eat cardiaque <strong>six semaines apr\u00e8s les faits<\/strong>. Un d\u00e9c\u00e8s qui interroge, car l\u2019homme de 61\u00a0ans n\u2019avait pas d\u2019ant\u00e9c\u00e9dents m\u00e9dicaux. \u00ab\u2009Il a \u00e9t\u00e9 confin\u00e9 avec sa femme dans leur appartement du deuxi\u00e8me \u00e9tage et ils ont \u00e9t\u00e9 expos\u00e9s aux fum\u00e9es toxiques. Il a d\u00e9velopp\u00e9 une fatigue anormale peu apr\u00e8s\u2009\u00bb, souligne l\u2019avocat de la famille.<\/p>\n<p>Angoisse et col\u00e8re<\/p>\n<p class=\" wall-content\">Le tribunal tranche vite\u2009: l\u2019affaire doit \u00eatre renvoy\u00e9e au procureur afin de saisir un juge d\u2019instruction pour davantage d\u2019investigations. La prochaine question en suspens\u2009: le maintien de la d\u00e9tention provisoire de Patrice F.. Lors de sa comparution ce jeudi, il a d\u00e9nonc\u00e9 les conditions indignes de son incarc\u00e9ration. Un <strong>juge des libert\u00e9s et de la d\u00e9tention<\/strong> doit statuer sur son sort en fin de journ\u00e9e.<\/p>\n<p class=\" wall-content\">Du c\u00f4t\u00e9 des r\u00e9sidents, on quitte la salle avec encore beaucoup d\u2019interrogations, mais aussi la crainte d\u2019une remise en libert\u00e9 du pr\u00e9venu. \u00ab\u2009J\u2019ai une angoisse terrible qu\u2019il revienne dans l\u2019immeuble une fois sorti\u2009\u00bb, s\u2019\u00e9meut une voisine.<\/p>\n<p class=\" wall-content\">Personnalisez votre actualit\u00e9 en ajoutant vos villes et m\u00e9dias en favori avec <a href=\"https:\/\/moncompte.actu.fr\" title=\"D\u00e9couvez Mon Actu\" rel=\"nofollow noopener\" data-trk=\"{&quot;cta&quot;:{&quot;action&quot;:&quot;https:\\\/\\\/moncompte.actu.fr&quot;,&quot;category&quot;:&quot;mon compte&quot;,&quot;from&quot;:&quot;article footer&quot;,&quot;name&quot;:&quot;Mon actu&quot;,&quot;type&quot;:&quot;cta&quot;}}\" target=\"_blank\">Mon Actu<\/a>.<\/p>\n","protected":false},"excerpt":{"rendered":"Par Antoine Blanchet Publi\u00e9 le 11 d\u00e9c. 2025 \u00e0 19h06 Cr\u00e2ne d\u00e9garni, regard dans le vague\u2026 L\u2019apparition de&hellip;\n","protected":false},"author":2,"featured_media":593871,"comment_status":"","ping_status":"","sticky":false,"template":"","format":"standard","meta":{"footnotes":""},"categories":[1888],"tags":[11,14846,1777,674,118,1011,27,1310,303,12,626,25],"class_list":{"0":"post-593870","1":"post","2":"type-post","3":"status-publish","4":"format-standard","5":"has-post-thumbnail","7":"category-paris","8":"tag-actualites","9":"tag-bercy","10":"tag-eu","11":"tag-europe","12":"tag-faits-divers","13":"tag-fr","14":"tag-france","15":"tag-incendie","16":"tag-justice","17":"tag-news","18":"tag-paris","19":"tag-republique-francaise"},"share_on_mastodon":{"url":"https:\/\/pubeurope.com\/@fr\/115703702102535115","error":""},"_links":{"self":[{"href":"https:\/\/www.europesays.com\/fr\/wp-json\/wp\/v2\/posts\/593870","targetHints":{"allow":["GET"]}}],"collection":[{"href":"https:\/\/www.europesays.com\/fr\/wp-json\/wp\/v2\/posts"}],"about":[{"href":"https:\/\/www.europesays.com\/fr\/wp-json\/wp\/v2\/types\/post"}],"author":[{"embeddable":true,"href":"https:\/\/www.europesays.com\/fr\/wp-json\/wp\/v2\/users\/2"}],"replies":[{"embeddable":true,"href":"https:\/\/www.europesays.com\/fr\/wp-json\/wp\/v2\/comments?post=593870"}],"version-history":[{"count":0,"href":"https:\/\/www.europesays.com\/fr\/wp-json\/wp\/v2\/posts\/593870\/revisions"}],"wp:featuredmedia":[{"embeddable":true,"href":"https:\/\/www.europesays.com\/fr\/wp-json\/wp\/v2\/media\/593871"}],"wp:attachment":[{"href":"https:\/\/www.europesays.com\/fr\/wp-json\/wp\/v2\/media?parent=593870"}],"wp:term":[{"taxonomy":"category","embeddable":true,"href":"https:\/\/www.europesays.com\/fr\/wp-json\/wp\/v2\/categories?post=593870"},{"taxonomy":"post_tag","embeddable":true,"href":"https:\/\/www.europesays.com\/fr\/wp-json\/wp\/v2\/tags?post=593870"}],"curies":[{"name":"wp","href":"https:\/\/api.w.org\/{rel}","templated":true}]}}