{"id":593874,"date":"2025-12-12T00:13:16","date_gmt":"2025-12-12T00:13:16","guid":{"rendered":"https:\/\/www.europesays.com\/fr\/593874\/"},"modified":"2025-12-12T00:13:16","modified_gmt":"2025-12-12T00:13:16","slug":"ukraine-une-meteo-des-drones-sur-telegram-nouvel-outil-pour-prevenir-la-population-dattaques-ciblees-reportage-international","status":"publish","type":"post","link":"https:\/\/www.europesays.com\/fr\/593874\/","title":{"rendered":"Ukraine: une \u00abm\u00e9t\u00e9o des drones\u00bb sur Telegram, nouvel outil pour pr\u00e9venir la population d&rsquo;attaques cibl\u00e9es &#8211; Reportage international"},"content":{"rendered":"<p>\n                                                L\u2019Ukraine sous pression russe alors que les n\u00e9gociations se poursuivent. Sur le front, l\u2019arm\u00e9e ukrainienne recule franchement. Le mois dernier, les troupes russes ont avanc\u00e9 de plus de 300 km\u00b2. Soit le double d\u2019octobre. \u00c0 l\u2019arri\u00e8re, la Russie fait pleuvoir chaque jour des centaines de missiles et de drones. Des frappes devenues le quotidien des Ukrainiens qui se sont adapt\u00e9s et ont mis en place une \u00ab m\u00e9t\u00e9o des drones \u00bb sur la messagerie mobile Telegram.                    <\/p>\n<p>De notre correspondant \u00e0 Odessa,\u00a0<\/p>\n<p>Dans le sud de l\u2019<strong><a target=\"_self\" href=\"https:\/\/www.rfi.fr\/fr\/tag\/ukraine\/\" rel=\"noopener\">Ukraine<\/a><\/strong>, une alerte a\u00e9rienne retentit dans toute la r\u00e9gion d&rsquo;<strong><a target=\"_self\" href=\"https:\/\/www.rfi.fr\/fr\/europe\/20251204-guerre-en-ukraine-comment-odessa-se-d\u00e9fend-face-aux-attaques-russes\" rel=\"noopener\">Odessa<\/a><\/strong>. Mais pas de mouvement de foule vers les abris. Les gens regardent leur t\u00e9l\u00e9phone. Sur l\u2019\u00e9cran, des fils t\u00e9l\u00e9gramme indiquent en temps r\u00e9el la nature de la menace\u00a0: \u00a0si c\u2019est un drone ou un missile et o\u00f9 vont les projectiles. En clair, s\u2019il faut se mettre \u00e0 l\u2019abri ou non : \u00ab\u00a0Moi d\u2019habitude, explique une jeune femme, je surveille trois ou quatre canaux en m\u00eame temps pour v\u00e9rifier l\u2019information. \u00c7a permet d\u2019avoir quelque chose d\u2019\u00e0 peu pr\u00e8s exact.\u00a0\u00bb<\/p>\n<p>Ces canaux Telegram ne sont pas tenus par des institutions, mais des b\u00e9n\u00e9voles. Dans un caf\u00e9 au sud d&rsquo;Odessa, nous rencontrons Nikita, 23 ans. C\u2019est un pseudo qu\u2019il s\u2019est donn\u00e9. Son canal est suivi jour et nuit par 170 000 internautes dans la r\u00e9gion. C\u2019est devenu le monsieur m\u00e9t\u00e9o des drones\u00a0: \u00ab D\u2019o\u00f9 vient l\u2019information\u00a0? Qui me l\u2019a donn\u00e9e\u00a0? Comment et pourquoi\u00a0? Je ne peux pas vous le dire. Pour avoir ces donn\u00e9es, il faut un certain niveau d\u2019acc\u00e8s. Des militaires y ont acc\u00e8s parce qu\u2019ils sont impliqu\u00e9s, connect\u00e9s \u00e0 certains syst\u00e8mes. C\u2019est de l\u00e0 que proviennent ces informations et moi je les re\u00e7ois d\u2019une certaine mani\u00e8re.\u00a0\u00bb<\/p>\n<p>Comment vous organisez-vous ? Quand les alertes arrivent le matin, l\u2019apr\u00e8s-midi ou la nuit, quand dormez-vous\u00a0? \u00ab\u00a0Mon organisation du temps est un peu chaotique. Comme vous l\u2019avez dit, une alerte peut survenir \u00e0 n\u2019importe quel moment : la nuit, le matin, le midi. J\u2019ai un job en t\u00e9l\u00e9travail. Souvent, les attaques surviennent en soir\u00e9e ou la nuit. Parfois, je dois me faire remplacer, mais j\u2019essaie de maintenir le rythme. G\u00e9n\u00e9ralement, je m\u2019endors vers six heures du matin.\u00a0\u00bb<\/p>\n<p>Des fils Telegram qui peuvent faire des erreurs. Le mieux c\u2019est de se mettre \u00e0 l\u2019abri d\u00e8s qu\u2019il y a une alerte. Mais, apr\u00e8s quatre ans d\u2019une guerre usante, aucun Ukrainien ne suit r\u00e9ellement ces consignes.<\/p>\n<p class=\"a-read-more\">\u00c0 lire aussi<a target=\"_self\" href=\"https:\/\/www.rfi.fr\/fr\/europe\/20251201-ukraine-odessa-la-cit\u00e9-des-bords-de-la-mer-noire-frapp\u00e9e-au-quotidien-par-la-russie\" class=\"a-read-more__link\" rel=\"noopener\">Ukraine: Odessa, la cit\u00e9 des bords de la mer Noire, frapp\u00e9e au quotidien par la Russie<\/a><\/p>\n","protected":false},"excerpt":{"rendered":"L\u2019Ukraine sous pression russe alors que les n\u00e9gociations se poursuivent. Sur le front, l\u2019arm\u00e9e ukrainienne recule franchement. Le&hellip;\n","protected":false},"author":2,"featured_media":593875,"comment_status":"","ping_status":"","sticky":false,"template":"","format":"standard","meta":{"footnotes":""},"categories":[1591],"tags":[11,674,1887,12,2436,1885,1886,132,220],"class_list":{"0":"post-593874","1":"post","2":"type-post","3":"status-publish","4":"format-standard","5":"has-post-thumbnail","7":"category-russie","8":"tag-actualites","9":"tag-europe","10":"tag-federation-de-russie","11":"tag-news","12":"tag-reportage-international","13":"tag-russia","14":"tag-russian-federation","15":"tag-russie","16":"tag-ukraine"},"share_on_mastodon":{"url":"https:\/\/pubeurope.com\/@fr\/115703710266053082","error":""},"_links":{"self":[{"href":"https:\/\/www.europesays.com\/fr\/wp-json\/wp\/v2\/posts\/593874","targetHints":{"allow":["GET"]}}],"collection":[{"href":"https:\/\/www.europesays.com\/fr\/wp-json\/wp\/v2\/posts"}],"about":[{"href":"https:\/\/www.europesays.com\/fr\/wp-json\/wp\/v2\/types\/post"}],"author":[{"embeddable":true,"href":"https:\/\/www.europesays.com\/fr\/wp-json\/wp\/v2\/users\/2"}],"replies":[{"embeddable":true,"href":"https:\/\/www.europesays.com\/fr\/wp-json\/wp\/v2\/comments?post=593874"}],"version-history":[{"count":0,"href":"https:\/\/www.europesays.com\/fr\/wp-json\/wp\/v2\/posts\/593874\/revisions"}],"wp:featuredmedia":[{"embeddable":true,"href":"https:\/\/www.europesays.com\/fr\/wp-json\/wp\/v2\/media\/593875"}],"wp:attachment":[{"href":"https:\/\/www.europesays.com\/fr\/wp-json\/wp\/v2\/media?parent=593874"}],"wp:term":[{"taxonomy":"category","embeddable":true,"href":"https:\/\/www.europesays.com\/fr\/wp-json\/wp\/v2\/categories?post=593874"},{"taxonomy":"post_tag","embeddable":true,"href":"https:\/\/www.europesays.com\/fr\/wp-json\/wp\/v2\/tags?post=593874"}],"curies":[{"name":"wp","href":"https:\/\/api.w.org\/{rel}","templated":true}]}}