{"id":59388,"date":"2025-04-28T13:57:25","date_gmt":"2025-04-28T13:57:25","guid":{"rendered":"https:\/\/www.europesays.com\/fr\/59388\/"},"modified":"2025-04-28T13:57:25","modified_gmt":"2025-04-28T13:57:25","slug":"deux-hommes-interpelles-en-isere","status":"publish","type":"post","link":"https:\/\/www.europesays.com\/fr\/59388\/","title":{"rendered":"deux hommes interpell\u00e9s en Is\u00e8re"},"content":{"rendered":"<p>  L&rsquo;un des deux suspects est \u00e2g\u00e9 de 17 ans<\/p>\n<p>L\u2019un des deux suspects aurait \u00e9t\u00e9 interpell\u00e9 dans l\u2019agglom\u00e9ration grenobloise ce matin, tandis que le second, un mineur, aurait \u00e9t\u00e9 extrait de sa cellule. D\u2019apr\u00e8s les informations de nos confr\u00e8res, il s\u2019agit du mineur de 17 ans plac\u00e9 sous mandat de d\u00e9p\u00f4t la semaine derni\u00e8re pour non-respect de son contr\u00f4le judiciaire, puisqu\u2019il avait \u00e9t\u00e9 contr\u00f4l\u00e9 dans un v\u00e9hicule pr\u00e8s de la maison d\u2019arr\u00eat de Varces en pleine nuit, alors qu\u2019il avait interdiction de sortir entre 20\u00a0et 7\u00a0heures du matin.<\/p>\n<p>Ces deux hommes vont donc \u00eatre interrog\u00e9s dans le cadre des enqu\u00eates de flagrance men\u00e9es sous l\u2019autorit\u00e9 du Parquet national antiterroriste (Pnat).<\/p>\n<p>Des dizaines de fonctionnaires de police ont \u00e9t\u00e9 mobilis\u00e9es partout en France ce lundi matin pour proc\u00e9der \u00e0 l\u2019interpellation de 25 personnes, le Pnat \u00e9tant saisi de 15 faits, qui ont eu lieu entre le 13 et le 21\u00a0avril.<\/p>\n","protected":false},"excerpt":{"rendered":"L&rsquo;un des deux suspects est \u00e2g\u00e9 de 17 ans L\u2019un des deux suspects aurait \u00e9t\u00e9 interpell\u00e9 dans l\u2019agglom\u00e9ration&hellip;\n","protected":false},"author":2,"featured_media":59389,"comment_status":"","ping_status":"","sticky":false,"template":"","format":"standard","meta":{"footnotes":""},"categories":[9566],"tags":[1111,11,2430,112,1777,674,274,107,1011,27,2731,2732,108,12,25],"class_list":{"0":"post-59388","1":"post","2":"type-post","3":"status-publish","4":"format-standard","5":"has-post-thumbnail","7":"category-grenoble","8":"tag-actu","9":"tag-actualites","10":"tag-auvergne-rhone-alpes","11":"tag-edition-grenoble-agglomeration","12":"tag-eu","13":"tag-europe","14":"tag-faits-divers-justice","15":"tag-fil-info","16":"tag-fr","17":"tag-france","18":"tag-grenoble","19":"tag-grenoble-bassin","20":"tag-isere","21":"tag-news","22":"tag-republique-francaise"},"share_on_mastodon":{"url":"https:\/\/pubeurope.com\/@fr\/114415943277043372","error":""},"_links":{"self":[{"href":"https:\/\/www.europesays.com\/fr\/wp-json\/wp\/v2\/posts\/59388","targetHints":{"allow":["GET"]}}],"collection":[{"href":"https:\/\/www.europesays.com\/fr\/wp-json\/wp\/v2\/posts"}],"about":[{"href":"https:\/\/www.europesays.com\/fr\/wp-json\/wp\/v2\/types\/post"}],"author":[{"embeddable":true,"href":"https:\/\/www.europesays.com\/fr\/wp-json\/wp\/v2\/users\/2"}],"replies":[{"embeddable":true,"href":"https:\/\/www.europesays.com\/fr\/wp-json\/wp\/v2\/comments?post=59388"}],"version-history":[{"count":0,"href":"https:\/\/www.europesays.com\/fr\/wp-json\/wp\/v2\/posts\/59388\/revisions"}],"wp:featuredmedia":[{"embeddable":true,"href":"https:\/\/www.europesays.com\/fr\/wp-json\/wp\/v2\/media\/59389"}],"wp:attachment":[{"href":"https:\/\/www.europesays.com\/fr\/wp-json\/wp\/v2\/media?parent=59388"}],"wp:term":[{"taxonomy":"category","embeddable":true,"href":"https:\/\/www.europesays.com\/fr\/wp-json\/wp\/v2\/categories?post=59388"},{"taxonomy":"post_tag","embeddable":true,"href":"https:\/\/www.europesays.com\/fr\/wp-json\/wp\/v2\/tags?post=59388"}],"curies":[{"name":"wp","href":"https:\/\/api.w.org\/{rel}","templated":true}]}}