{"id":593884,"date":"2025-12-12T00:18:27","date_gmt":"2025-12-12T00:18:27","guid":{"rendered":"https:\/\/www.europesays.com\/fr\/593884\/"},"modified":"2025-12-12T00:18:27","modified_gmt":"2025-12-12T00:18:27","slug":"depuis-magne-le-groupe-thebault-inonde-leurope-avec-ses-panneaux-contreplaques-et-vise-le-monde","status":"publish","type":"post","link":"https:\/\/www.europesays.com\/fr\/593884\/","title":{"rendered":"Depuis Magn\u00e9, le groupe Thebault inonde l\u2019Europe avec ses panneaux contreplaqu\u00e9s et vise le monde"},"content":{"rendered":"<p>D\u2019abord le peuplier, ensuite l\u2019okoum\u00e9 puis le pin maritime avant le petit dernier, le sapin d\u2019Auvergne\u00a0: le <a title=\"Lien vers le site internet du groupe Thebault\" target=\"_blank\" href=\"https:\/\/www.groupe-thebault.com\/\" rel=\"noopener\">groupe Thebault<\/a> transforme d\u00e9sormais ces quatre essences de bois apr\u00e8s avoir commenc\u00e9 en 1953, moins de douze mois apr\u00e8s une temp\u00eate dont les rafales \u00e0 180\u00a0km\/h avaient fait se coucher les arbres sur les voies d\u2019eau du Marais poitevin. Aujourd\u2019hui, Antoine Thebault ne peut que le constater, lui qui a pris les r\u00eanes de l\u2019entreprise familiale en 2022 dans la continuit\u00e9 de son grand-p\u00e8re, Jean, puis de son p\u00e8re, Jean-Charles, et de son oncle, Benoit, rejoints plus tard par son autre oncle, Henri-Jean\u00a0: \u00e0 l\u2019\u00e9poque, \u00ab\u00a0nous ne savions pas que nous allions pouvoir raconter cette belle histoire\u00a0!\u00a0\u00bb Plus de soixante-dix ans apr\u00e8s, le groupe dont le si\u00e8ge social se situe \u00e0 Magn\u00e9 (Deux-S\u00e8vres) dispose de six usines, notamment une \u00e0 Sauz\u00e9-Vaussais, d\u2019o\u00f9 est originaire la famille, et une autre au Gabon, mais aussi d\u2019une exploitation foresti\u00e8re partag\u00e9e avec Archimbault \u00e0 Secondign\u00e9-sur-Belle.<\/p>\n<p><img alt=\"L\u2019usine de Magn\u00e9 du groupe Thebault compte 100 salari\u00e9s, sans compter quinze autres pour le seul si\u00e8ge social au m\u00eame endroit. L\u2019autre usine deux-s\u00e9vrienne de l\u2019entreprise est implant\u00e9e \u00e0 Sauz\u00e9-Vaussais, berceau de la famille.\" loading=\"lazy\" width=\"980\" height=\"573\" decoding=\"async\" data-nimg=\"1\" class=\"img-responsive spinner-show \" style=\"color:transparent;background-size:cover;background-position:50% 50%;background-repeat:no-repeat;background-image:url(&quot;data:image\/svg+xml;charset=utf-8,%3Csvg xmlns='http:\/\/www.w3.org\/2000\/svg' viewBox='0 0 980 573'%3E%3Cfilter id='b' color-interpolation-filters='sRGB'%3E%3CfeGaussianBlur stdDeviation='20'\/%3E%3CfeColorMatrix values='1 0 0 0 0 0 1 0 0 0 0 0 1 0 0 0 0 0 100 -1' result='s'\/%3E%3CfeFlood x='0' y='0' width='100%25' height='100%25'\/%3E%3CfeComposite operator='out' in='s'\/%3E%3CfeComposite in2='SourceGraphic'\/%3E%3CfeGaussianBlur stdDeviation='20'\/%3E%3C\/filter%3E%3Cimage width='100%25' height='100%25' x='0' y='0' preserveAspectRatio='none' style='filter: url(%23b);' href='https:\/\/images.lanouvellerepublique.fr\/image\/upload\/t_88w\/f_auto\/693afb3f1ccb01d9328b45dc.jpg'\/%3E%3C\/svg%3E&quot;)\"   src=\"https:\/\/www.europesays.com\/fr\/wp-content\/uploads\/2025\/12\/693afb3f1ccb01d9328b45dc.jpg\"\/><\/p>\n<p style=\"background-color:#F2F2F2;padding:5px;margin-top:0px;margin-bottom:10px\">L\u2019usine de Magn\u00e9 du groupe Thebault compte 100 salari\u00e9s, sans compter quinze autres pour le seul si\u00e8ge social au m\u00eame endroit. L\u2019autre usine deux-s\u00e9vrienne de l\u2019entreprise est implant\u00e9e \u00e0 Sauz\u00e9-Vaussais, berceau de la famille.<br \/> \u00a9 (Photo NR, Jean-Andr\u00e9 Boutier)<\/p>\n<p>Leader national et n\u00b05 en Europe dans son domaine, <a target=\"_self\" href=\"https:\/\/www.lanouvellerepublique.fr\/deux-sevres\/commune\/magne-79\/top-des-entreprises-deux-sevres-a-niort-le-groupe-thebault-face-au-monde-entier\" rel=\"noopener\">Thebault<\/a> exporte 70\u00a0% de ses 125.000\u00a0m3 de panneaux contreplaqu\u00e9s produits chaque ann\u00e9e et ce, \u00e0 travers vingt pays du Vieux continent\u00a0: arrivent en t\u00eate les Pays-Bas, le partenaire historique, l\u2019Allemagne et la Grande-Bretagne. Avec son unit\u00e9 de Haute-Loire mise en service il y a quelques semaines, le taux d\u2019exportation devrait m\u00eame atteindre 80\u00a0%. Sorti de terre apr\u00e8s un investissement de 100\u00a0millions d\u2019euros, ce site est d\u00e9di\u00e9 au LVL, pour Laminated Veneer Lamber, ce qui en fait le premier en Europe du Sud-Ouest\u00a0: il emploiera 85 salari\u00e9s quand il tournera \u00e0 plein r\u00e9gime.<\/p>\n<p>D\u00e8s 2026, avec ce mat\u00e9riau d\u2019ing\u00e9nierie bois destin\u00e9 aux structures des b\u00e2timents, \u00ab\u00a0nous allons nous \u00e9tendre en Afrique du Sud, en Australie, aux \u00c9tats-Unis, au Japon et au Moyen Orient\u00a0\u00bb, \u00e9num\u00e8re Antoine Thebault. De quoi viser, en 2028, une augmentation du chiffre d\u2019affaires de 70\u00a0millions d\u2019euros. D\u2019ici cinq ans, la production annuelle de la seule usine de LVL, ou Lamibois, est cens\u00e9e atteindre 100.000\u00a0m3.<\/p>\n<p>\u00ab\u00a0On peut nous consid\u00e9rer comme des kamikazes\u00a0!\u00a0\u00bb<\/p>\n<p>\u00ab\u00a0Il s\u2019agit d\u2019un gros projet, on peut nous consid\u00e9rer comme des kamikazes\u00a0!\u00a0\u00bb, sourit le dirigeant de 46\u00a0ans, qui loue l\u2019implication de sa \u00ab\u00a0belle \u00e9quipe\u00a0\u00bb, notamment compos\u00e9e par dix salari\u00e9s et sept agents pour sa partie commerciale. Car malgr\u00e9 \u00ab\u00a0la terrible instabilit\u00e9 \u00e9conomique et politique qui freine l\u2019activit\u00e9 et l\u2019investissement, nous nous sommes confi\u00e9 une mission dont nous sommes fiers\u00a0: produire toujours plus en France et industrialiser notre pays pour qu\u2019il retrouve une certaine souverainet\u00e9. Parce qu\u2019un pays qui ne produit pas est un pays mort\u00a0\u00bb.<\/p>\n<p><img alt=\"De gauche \u00e0 droite\u00a0: Aur\u00e9lien Guyomar (responsable commercial France), Herv\u00e9 Richard (directeur commercial), V\u00e9ronique Clergeaud (r\u00e9f\u00e9rente logistique), H\u00e9l\u00e8ne Nivard (assistante commerciale), Antoine Thebault (P-DG), Erika Lambrecht (assistante export), Val\u00e9rie Lucas (assistante export) et Carine Souvestre (assistante export).\" loading=\"lazy\" width=\"980\" height=\"573\" decoding=\"async\" data-nimg=\"1\" class=\"img-responsive spinner-show \" style=\"color:transparent;background-size:cover;background-position:50% 50%;background-repeat:no-repeat;background-image:url(&quot;data:image\/svg+xml;charset=utf-8,%3Csvg xmlns='http:\/\/www.w3.org\/2000\/svg' viewBox='0 0 980 573'%3E%3Cfilter id='b' color-interpolation-filters='sRGB'%3E%3CfeGaussianBlur stdDeviation='20'\/%3E%3CfeColorMatrix values='1 0 0 0 0 0 1 0 0 0 0 0 1 0 0 0 0 0 100 -1' result='s'\/%3E%3CfeFlood x='0' y='0' width='100%25' height='100%25'\/%3E%3CfeComposite operator='out' in='s'\/%3E%3CfeComposite in2='SourceGraphic'\/%3E%3CfeGaussianBlur stdDeviation='20'\/%3E%3C\/filter%3E%3Cimage width='100%25' height='100%25' x='0' y='0' preserveAspectRatio='none' style='filter: url(%23b);' href='https:\/\/images.lanouvellerepublique.fr\/image\/upload\/t_88w\/f_auto\/693afb3f44fd1d4e588b45c0.jpg'\/%3E%3C\/svg%3E&quot;)\"   src=\"https:\/\/www.europesays.com\/fr\/wp-content\/uploads\/2025\/12\/693afb3f44fd1d4e588b45c0.jpg\"\/><\/p>\n<p style=\"background-color:#F2F2F2;padding:5px;margin-top:0px;margin-bottom:10px\">De gauche \u00e0 droite\u00a0: Aur\u00e9lien Guyomar (responsable commercial France), Herv\u00e9 Richard (directeur commercial), V\u00e9ronique Clergeaud (r\u00e9f\u00e9rente logistique), H\u00e9l\u00e8ne Nivard (assistante commerciale), Antoine Thebault (P-DG), Erika Lambrecht (assistante export), Val\u00e9rie Lucas (assistante export) et Carine Souvestre (assistante export).<br \/> \u00a9 (Photo NR, Jean-Andr\u00e9 Boutier)<\/p>\n<p>Depuis les Deux-S\u00e8vres, le <a target=\"_self\" href=\"https:\/\/www.lanouvellerepublique.fr\/deux-sevres\/commune\/magne-79\/a-magne-le-groupe-thebault-poursuit-ses-investissements\" rel=\"noopener\">groupe Thebault<\/a> tire son \u00e9pingle du jeu face\u00a0\u00e0\u00a0l\u2019Am\u00e9rique du Sud, une Afrique de l\u2019Ouest o\u00f9 \u0153uvrent Chinois et Indiens, et toute l\u2019Asie. \u00ab C&rsquo;est une concurrence f\u00e9roce, parfois d\u00e9loyale voire ill\u00e9gale. On se bat avec nos armes. Nous ne sommes pas les meilleurs parleurs mais, dans les actes, nous prenons des risques tous les jours. Nous faisons ce que nous disons\u00a0\u00bb, affirme le chef d&rsquo;entreprise. Et les projets en cours ne manquent pas, le PDG citant le relooking de ses usines, le renforcement des syst\u00e8mes de lutte contre les incendies sur ces m\u00eames sites ou la modernisation des outils de travail\u00a0: \u00ab\u00a0Nous sommes une entreprise qui va bien jusqu\u2019\u00e0 aujourd\u2019hui et qui veut d\u00e9carboner notre monde. Mais tout est toujours fragile.\u00a0\u00bb<\/p>\n<p>Rep\u00e8res<\/p>\n<p>Groupe Thebault<\/p>\n<p>47, rue des Fontenelles, 79460 Magn\u00e9.\u00a0<\/p>\n<p>groupe-thebault.com<\/p>\n<p>&gt;\u00a0CA 2024\u00a0: 100\u00a0M\u20ac.<\/p>\n<p>&gt;\u00a0Effectif\u00a0: 420 salari\u00e9s, dont 200 dans les Deux-S\u00e8vres, \u00e0 Magn\u00e9 et \u00e0 Sauz\u00e9-Vaussais.<\/p>\n<p>&gt;\u00a0Dirigeant\u00a0: Antoine Thebault, PDG.<\/p>\n","protected":false},"excerpt":{"rendered":"D\u2019abord le peuplier, ensuite l\u2019okoum\u00e9 puis le pin maritime avant le petit dernier, le sapin d\u2019Auvergne\u00a0: le groupe&hellip;\n","protected":false},"author":2,"featured_media":593885,"comment_status":"","ping_status":"","sticky":false,"template":"","format":"standard","meta":{"footnotes":""},"categories":[1586],"tags":[1392,11,2545,33,313,1777,674,1011,27,39886,12,25,21931,70657,70656,70658,70660,70659],"class_list":{"0":"post-593884","1":"post","2":"type-post","3":"status-publish","4":"format-standard","5":"has-post-thumbnail","7":"category-europe","8":"tag-a-la-une-local","9":"tag-actualites","10":"tag-deux-sevres","11":"tag-economie","12":"tag-entreprises","13":"tag-eu","14":"tag-europe","15":"tag-fr","16":"tag-france","17":"tag-magne-79","18":"tag-news","19":"tag-republique-francaise","20":"tag-sauze-entre-bois","21":"tag-sauze-vaussais","22":"tag-secondigne-sur-belle","23":"tag-top-des-entreprises","24":"tag-top-des-entreprises-deux-sevres-laureats","25":"tag-top-deux-sevres"},"share_on_mastodon":{"url":"https:\/\/pubeurope.com\/@fr\/115703730671859128","error":""},"_links":{"self":[{"href":"https:\/\/www.europesays.com\/fr\/wp-json\/wp\/v2\/posts\/593884","targetHints":{"allow":["GET"]}}],"collection":[{"href":"https:\/\/www.europesays.com\/fr\/wp-json\/wp\/v2\/posts"}],"about":[{"href":"https:\/\/www.europesays.com\/fr\/wp-json\/wp\/v2\/types\/post"}],"author":[{"embeddable":true,"href":"https:\/\/www.europesays.com\/fr\/wp-json\/wp\/v2\/users\/2"}],"replies":[{"embeddable":true,"href":"https:\/\/www.europesays.com\/fr\/wp-json\/wp\/v2\/comments?post=593884"}],"version-history":[{"count":0,"href":"https:\/\/www.europesays.com\/fr\/wp-json\/wp\/v2\/posts\/593884\/revisions"}],"wp:featuredmedia":[{"embeddable":true,"href":"https:\/\/www.europesays.com\/fr\/wp-json\/wp\/v2\/media\/593885"}],"wp:attachment":[{"href":"https:\/\/www.europesays.com\/fr\/wp-json\/wp\/v2\/media?parent=593884"}],"wp:term":[{"taxonomy":"category","embeddable":true,"href":"https:\/\/www.europesays.com\/fr\/wp-json\/wp\/v2\/categories?post=593884"},{"taxonomy":"post_tag","embeddable":true,"href":"https:\/\/www.europesays.com\/fr\/wp-json\/wp\/v2\/tags?post=593884"}],"curies":[{"name":"wp","href":"https:\/\/api.w.org\/{rel}","templated":true}]}}