{"id":593886,"date":"2025-12-12T00:19:18","date_gmt":"2025-12-12T00:19:18","guid":{"rendered":"https:\/\/www.europesays.com\/fr\/593886\/"},"modified":"2025-12-12T00:19:18","modified_gmt":"2025-12-12T00:19:18","slug":"therese-johaug-enceinte-au-coeur-du-chaos-jai-eu-tellement-peur-sports-infos-ski","status":"publish","type":"post","link":"https:\/\/www.europesays.com\/fr\/593886\/","title":{"rendered":"Therese Johaug, enceinte, au c\u0153ur du chaos : \u00ab\u00a0J\u2019ai eu tellement peur !\u00a0\u00bb &#8211; Sports Infos &#8211; Ski"},"content":{"rendered":"<p><strong>Therese Johaug,<\/strong> enceinte et ancienne star incontest\u00e9e du ski de fond norv\u00e9gien, se trouvait au centre commercial Storo \u00e0 Oslo lundi dernier, au moment o\u00f9 un jeune homme de 19 ans a ouvert le feu.<\/p>\n<p>Dans le dernier \u00e9pisode de son podcast \u00ab Johaug et Gukild \u00bb, publi\u00e9 jeudi, la multiple championne olympique revient sur cet \u00e9pisode traumatisant.<\/p>\n<p>Elle participait \u00e0 un tournage publicitaire dans le Storo Storsenter quand l&rsquo;incident a \u00e9clat\u00e9.<\/p>\n<p>\u00ab J\u2019ai gar\u00e9 la voiture et je suis entr\u00e9e. Soudain, c\u2019\u00e9tait le chaos total : des voitures de police partout, les gens extr\u00eamement stress\u00e9s \u00bb, raconte-t-elle.<\/p>\n<p>Assise dans la salle d&rsquo;attente d&rsquo;une boutique pour changer les semelles de ses chaussures, Johaug a v\u00e9cu des moments d&rsquo;angoisse intense.<\/p>\n<p>\u00ab J\u2019\u00e9tais assise l\u00e0, presque en larmes, et j\u2019\u00e9tais morte de peur. \u00bb<\/p>\n<p>La clinique a \u00e9t\u00e9 ferm\u00e9e, et tout le centre \u00e9vacu\u00e9. \u00ab C&rsquo;\u00e9tait le chaos total. Au bout d&rsquo;un moment, quelqu&rsquo;un a eu la gentillesse de me raccompagner \u00e0 la voiture, car j&rsquo;\u00e9tais terrifi\u00e9e \u00bb, confie-t-elle.<\/p>\n<p>L&rsquo;exp\u00e9rience l&rsquo;a profond\u00e9ment marqu\u00e9e : \u00ab On se retrouve au lit, et on ne sait plus comment r\u00e9agir. On repense \u00e0 tout \u00e7a, \u00e0 Ut\u00f8ya (77 morts en 2021). Ce sont les pires pens\u00e9es qui nous traversent l\u2019esprit. \u00bb<\/p>\n<p>Le suspect, un homme de 19 ans, a \u00e9t\u00e9 arr\u00eat\u00e9 apr\u00e8s avoir tir\u00e9 un coup de feu au plafond. Personne n&rsquo;a \u00e9t\u00e9 bless\u00e9.\u00a0<\/p>\n<p><a href=\"https:\/\/qaa.ultrapremiumdirect.com\/?P4FCFD4851A2691\" target=\"_blank\" rel=\"noopener sponsored\"><img decoding=\"async\" src=\"https:\/\/www.europesays.com\/fr\/wp-content\/uploads\/2025\/12\/1765498758_738_\" border=\"0\" alt=\"\"\/><\/a><\/p>\n","protected":false},"excerpt":{"rendered":"Therese Johaug, enceinte et ancienne star incontest\u00e9e du ski de fond norv\u00e9gien, se trouvait au centre commercial Storo&hellip;\n","protected":false},"author":2,"featured_media":593887,"comment_status":"","ping_status":"","sticky":false,"template":"","format":"standard","meta":{"footnotes":""},"categories":[1586],"tags":[11,19697,854,1869,1777,674,1779,20820,1011,27,4027,70662,13878,70663,12,16909,12819,378,25,42593,5572,70661,1778,364],"class_list":{"0":"post-593886","1":"post","2":"type-post","3":"status-publish","4":"format-standard","5":"has-post-thumbnail","7":"category-europe","8":"tag-actualites","9":"tag-connu","10":"tag-coups","11":"tag-debut","12":"tag-eu","13":"tag-europe","14":"tag-european-union","15":"tag-fond","16":"tag-fr","17":"tag-france","18":"tag-grande","19":"tag-johaug","20":"tag-legende","21":"tag-lorsque","22":"tag-news","23":"tag-oslo","24":"tag-peur","25":"tag-plus","26":"tag-republique-francaise","27":"tag-retentit","28":"tag-semaine","29":"tag-therese","30":"tag-ue","31":"tag-union-europeenne"},"share_on_mastodon":{"url":"https:\/\/pubeurope.com\/@fr\/115703733757545633","error":""},"_links":{"self":[{"href":"https:\/\/www.europesays.com\/fr\/wp-json\/wp\/v2\/posts\/593886","targetHints":{"allow":["GET"]}}],"collection":[{"href":"https:\/\/www.europesays.com\/fr\/wp-json\/wp\/v2\/posts"}],"about":[{"href":"https:\/\/www.europesays.com\/fr\/wp-json\/wp\/v2\/types\/post"}],"author":[{"embeddable":true,"href":"https:\/\/www.europesays.com\/fr\/wp-json\/wp\/v2\/users\/2"}],"replies":[{"embeddable":true,"href":"https:\/\/www.europesays.com\/fr\/wp-json\/wp\/v2\/comments?post=593886"}],"version-history":[{"count":0,"href":"https:\/\/www.europesays.com\/fr\/wp-json\/wp\/v2\/posts\/593886\/revisions"}],"wp:featuredmedia":[{"embeddable":true,"href":"https:\/\/www.europesays.com\/fr\/wp-json\/wp\/v2\/media\/593887"}],"wp:attachment":[{"href":"https:\/\/www.europesays.com\/fr\/wp-json\/wp\/v2\/media?parent=593886"}],"wp:term":[{"taxonomy":"category","embeddable":true,"href":"https:\/\/www.europesays.com\/fr\/wp-json\/wp\/v2\/categories?post=593886"},{"taxonomy":"post_tag","embeddable":true,"href":"https:\/\/www.europesays.com\/fr\/wp-json\/wp\/v2\/tags?post=593886"}],"curies":[{"name":"wp","href":"https:\/\/api.w.org\/{rel}","templated":true}]}}