{"id":593890,"date":"2025-12-12T00:21:13","date_gmt":"2025-12-12T00:21:13","guid":{"rendered":"https:\/\/www.europesays.com\/fr\/593890\/"},"modified":"2025-12-12T00:21:13","modified_gmt":"2025-12-12T00:21:13","slug":"pro-d2-grace-a-un-drop-monumental-de-glenat-soyaux-angouleme-renverse-agen-dans-un-match-sous-tension","status":"publish","type":"post","link":"https:\/\/www.europesays.com\/fr\/593890\/","title":{"rendered":"Pro D2 \u2013 Gr\u00e2ce \u00e0 un drop monumental de Glenat, Soyaux Angoul\u00eame renverse Agen dans un match sous tension"},"content":{"rendered":"<p>\n                En ouverture de la 14e journ\u00e9e, au stade Chanzy, Soyaux Angoul\u00eame a encha\u00een\u00e9 la passe de deux en s\u2019offrant Agen (22-20). R\u00e9duits en inf\u00e9riorit\u00e9 num\u00e9rique \u00e0 la suite du coup de sang de\u00a0Fa\u2019amausili, les Charentais s\u2019en sont remis \u00e0 la botte de Glenat pour faire tomber le SUA. La bande \u00e0 Reggiardo doit se contenter du d\u00e9fensif.\n            <\/p>\n<p>Battue par Aurillac (15-20), le 28\u00a0novembre dernier, la bande \u00e0 Saubusse avait subi le courroux d\u2019Alexandre Ruiz devant les micros de Canal +. Un coup de gueule m\u00e9morable qui avait permis une r\u00e9action \u00e0 B\u00e9ziers (15-20). En qu\u00eate d\u00e9sormais d\u2019un rachat \u00e0 Chanzy, le SA XV voulait s\u2019offrir Agen pour regarder enfin\u00a0vers le haut. Les Lot-et-Garonnais avaient, quant \u00e0 eux, mis aussi fin \u00e0 une p\u00e9riode difficile face \u00e0 Provence Rugby (27-23), la semaine pass\u00e9e. Un premier succ\u00e8s depuis le 31\u00a0octobre dernier qu\u2019il\u00a0fallait confirmer pour s\u2019ouvrir la porte des six premi\u00e8res places.<\/p>\n<p><strong><a href=\"https:\/\/www.rugbyrama.fr\/2025\/12\/11\/direct-pro-d2-soyaux-angouleme-agen-le-sa-xv-doit-se-racheter-a-chanzy-suivez-le-match-de-la-14e-journee-13105041.php\" target=\"_self\" rel=\"noopener\">Dans ce match entre revanchards, Soyaux Angoul\u00eame a fini par faire craquer Agen, en fin de partie, gr\u00e2ce \u00e0 un drop ph\u00e9nom\u00e9nal de Glenat (22-20). <\/a><\/strong>Tout cela en inf\u00e9riorit\u00e9 num\u00e9rique. En effet, Fa\u2019amausili a laiss\u00e9 les siens \u00e0 14 \u00e9l\u00e9ments apr\u00e8s avoir plac\u00e9 un m\u00e9chant coup de poing dans la t\u00eate de Jouvin.<\/p>\n<p>En attendant les r\u00e9sultats de demain, le SA XV\u00a0remonte \u00e0 la 9e place (30 points) et n\u2019est plus qu\u2019\u00e0 quatre longueurs de son adversaire du soir (6e, 34 points).<\/p>\n<p>De si co\u00fbteux avertissements<\/p>\n<p>Dans une premi\u00e8re p\u00e9riode longtemps insipide, il a fallu s\u2019armer de patience pour voir les premiers mouvements d\u2019envergure. Durant la premi\u00e8re demi-heure, Willis (8e) et Glenat (11e et 31e) ont livr\u00e9 un duel de buteurs (3-6).<\/p>\n<p>Face au vent et en inf\u00e9riorit\u00e9 num\u00e9rique apr\u00e8s le carton re\u00e7u par\u00a0Tailhades (27e), symbolisant les difficult\u00e9s en m\u00eal\u00e9e des siens (quatre p\u00e9nalit\u00e9s conc\u00e9d\u00e9es dans le premier acte), les Charentais ont fini par l\u00e2cher sur un mod\u00e8le de contre-attaque.\u00a0Depuis ses 22 m\u00e8tres, Jean a entrepris une relance avec Etcheverry. L\u2019ailier a bien navigu\u00e9. \u00c0 la suite d\u2019un une-deux avec Tomkinson, l\u2019ancien joueur de Bordeaux-B\u00e8gles, toujours lui, a poursuivi sa folle chevauch\u00e9e. Dans la zone de marque, il a jou\u00e9 parfaitement un deux contre un en retrouvant Ramoka \u00e0 son int\u00e9rieur (6-10, 36e).<\/p>\n<p>Les partenaires de Saubusse ont relev\u00e9 la t\u00eate juste avant la pause.\u00a0Gayraud, sur une nouvelle faute dans le jeu au sol, a pay\u00e9 pour l\u2019\u0153uvre collective (39e). Le SUA a \u00e9t\u00e9 p\u00e9nalis\u00e9 \u00e0 huit reprises durant les quarante premi\u00e8res minutes. Sur la p\u00e9naltouche, au terme d\u2019un travail majuscule des avants, Dubecq, servi sur un plateau par Brosset, a marqu\u00e9 sans opposition en bout d\u2019aile (13-10, 40e +\u00a03)<\/p>\n<p>Glenat a mis sa cape de sauveur<\/p>\n<p>Au retour des vestiaires, le bras de fer s\u2019est poursuivi. Glenat a cru avoir r\u00e9alis\u00e9 le break (19-10, 42e et 44e). Mais, Agen n\u2019a rien l\u00e2ch\u00e9. Tout juste revenu sur le terrain apr\u00e8s avoir purg\u00e9 son avertissement, Gayraud s\u2019est retrouv\u00e9 \u00e0 la finition d\u2019un maul port\u00e9 r\u00e9alis\u00e9 dans le jeu courant (19-17, 50e).<\/p>\n<p>Dans un gros temps fort, le SUA a insist\u00e9 sur le secteur fort de la soir\u00e9e\u00a0: la m\u00eal\u00e9e. Vex\u00e9 de subir autant dans cette \u00e9preuve de force, Fa\u2019amausili a craqu\u00e9 et a donn\u00e9 un coup de poing \u00e0 Jouvin (66e). Willis a profit\u00e9 de l\u2019aubaine pour remettre les siens devant (19-20, 67e).<\/p>\n<p>Dans ce mano a mano entre les num\u00e9ros\u00a010, Glenat a eu le dernier mot avec un coup de canon de pr\u00e8s de 50 m\u00e8tres (22-20, 76e).\u00a0Dans huit jours, Soyaux Angoul\u00eame se d\u00e9placera du c\u00f4t\u00e9 de Carcassonne. Dans le m\u00eame temps, Agen recevra Aurillac.<\/p>\n","protected":false},"excerpt":{"rendered":"En ouverture de la 14e journ\u00e9e, au stade Chanzy, Soyaux Angoul\u00eame a encha\u00een\u00e9 la passe de deux en&hellip;\n","protected":false},"author":2,"featured_media":593891,"comment_status":"","ping_status":"","sticky":false,"template":"","format":"standard","meta":{"footnotes":""},"categories":[2],"tags":[11,1011,27,12,2308,25,68796],"class_list":{"0":"post-593890","1":"post","2":"type-post","3":"status-publish","4":"format-standard","5":"has-post-thumbnail","7":"category-actualites","8":"tag-actualites","9":"tag-fr","10":"tag-france","11":"tag-news","12":"tag-pro-d2","13":"tag-republique-francaise","14":"tag-rugby-u00e0-xv"},"share_on_mastodon":{"url":"https:\/\/pubeurope.com\/@fr\/115703741529798294","error":""},"_links":{"self":[{"href":"https:\/\/www.europesays.com\/fr\/wp-json\/wp\/v2\/posts\/593890","targetHints":{"allow":["GET"]}}],"collection":[{"href":"https:\/\/www.europesays.com\/fr\/wp-json\/wp\/v2\/posts"}],"about":[{"href":"https:\/\/www.europesays.com\/fr\/wp-json\/wp\/v2\/types\/post"}],"author":[{"embeddable":true,"href":"https:\/\/www.europesays.com\/fr\/wp-json\/wp\/v2\/users\/2"}],"replies":[{"embeddable":true,"href":"https:\/\/www.europesays.com\/fr\/wp-json\/wp\/v2\/comments?post=593890"}],"version-history":[{"count":0,"href":"https:\/\/www.europesays.com\/fr\/wp-json\/wp\/v2\/posts\/593890\/revisions"}],"wp:featuredmedia":[{"embeddable":true,"href":"https:\/\/www.europesays.com\/fr\/wp-json\/wp\/v2\/media\/593891"}],"wp:attachment":[{"href":"https:\/\/www.europesays.com\/fr\/wp-json\/wp\/v2\/media?parent=593890"}],"wp:term":[{"taxonomy":"category","embeddable":true,"href":"https:\/\/www.europesays.com\/fr\/wp-json\/wp\/v2\/categories?post=593890"},{"taxonomy":"post_tag","embeddable":true,"href":"https:\/\/www.europesays.com\/fr\/wp-json\/wp\/v2\/tags?post=593890"}],"curies":[{"name":"wp","href":"https:\/\/api.w.org\/{rel}","templated":true}]}}