{"id":593903,"date":"2025-12-12T00:33:12","date_gmt":"2025-12-12T00:33:12","guid":{"rendered":"https:\/\/www.europesays.com\/fr\/593903\/"},"modified":"2025-12-12T00:33:12","modified_gmt":"2025-12-12T00:33:12","slug":"exclu-bernard-montiel-proche-dalain-delon-je-nai-tue-personne-lacteur-lui-en-a-fait-voir","status":"publish","type":"post","link":"https:\/\/www.europesays.com\/fr\/593903\/","title":{"rendered":"EXCLU. Bernard Montiel proche d&rsquo;Alain Delon : \u00ab\u00a0Je n&rsquo;ai tu\u00e9 personne&#8230;\u00a0\u00bb, l&rsquo;acteur lui en a fait voir"},"content":{"rendered":"<p>L\u2019heure est \u00e0 la confidence pour <strong>Bernard<br \/>\nMontiel.<\/strong> Dans une interview accord\u00e9e au magazine<br \/>\nCloser, dont le dernier num\u00e9ro sera disponible ce vendredi<br \/>\n12 d\u00e9cembre, l\u2019animateur a accept\u00e9 de revenir sur certaines<br \/>\np\u00e9riodes charni\u00e8res de sa vie. Il a notamment \u00e9voqu\u00e9 son enfance<br \/>\nmarqu\u00e9e par l\u2019absence de son p\u00e8re, mais aussi la perte difficile de<br \/>\nson premier animal de compagnie, ou encore <strong>son amiti\u00e9 avec<br \/>\nl\u2019acteur Alain Delon.<\/strong><\/p>\n<p>En exclusivit\u00e9 dans les colonnes de Closer, celui qui<br \/>\nest aussi com\u00e9dien r\u00e9v\u00e8le avoir parfois accueilli le Samoura\u00ef chez<br \/>\nlui, dans sa somptueuse r\u00e9sidence du Pyla-sur-Mer. \u00c0 l\u2019\u00e9poque,<br \/>\nl\u2019acteur y trouvait une paix qui n\u2019existait nulle part ailleurs,<br \/>\nmais faisait parfois tourner son ami en bourrique. \u00ab\u00a0Il \u00e9tait en<br \/>\nvacances chez moi \u00e0 Pyla. Pour se cacher, plaisantait-il. Mais<br \/>\nquand on est Alain Delon, cela dure trois jours. <strong>Il veut<br \/>\nabsolument se rendre dans le restaurant le plus fr\u00e9quent\u00e9\u00a0:<br \/>\n\u2018T\u2019es gentil, me disait-il, mais apr\u00e8s tout je n\u2019ai tu\u00e9<br \/>\npersonne.\u00a0\u00bb<\/strong><\/p>\n<p>\u00ab\u00a0Il \u00e9tait tr\u00e8s dr\u00f4le\u2026 quand il le voulait\u00a0\u00bb<\/p>\n<p>Bernard Montiel garde notamment le souvenir d\u2019<strong>un homme<br \/>\nrieur<\/strong>, qui aimait faire des blagues. Lors d\u2019un passage \u00e0<br \/>\nPyla-sur-Mer, il avait m\u00eame appel\u00e9 la m\u00e8re de l\u2019animateur en se<br \/>\nfaisant passer pour son majordome. \u00ab\u00a0Je n\u2019ai jamais eu de<br \/>\nmajordome (rires), confie Bernard Montiel \u00e0 Closer. (\u2026)<br \/>\nAlain avait pris l\u2019accent hispanique parce qu\u2019il savait qu\u2019elle<br \/>\n\u00e9tait d\u2019origine espagnole. <strong>Ils ont rigol\u00e9 pendant une<br \/>\ndemi-heure. Et moi qui attendais \u00e0 c\u00f4t\u00e9\u00a0! Il \u00e9tait tr\u00e8s dr\u00f4le\u2026<br \/>\nquand il le voulait.\u00a0\u00bb<\/strong><\/p>\n<p>\u00ab\u00a0Quand il voulait\u00a0\u00bb, oui, parce qu\u2019Alain Delon avait<br \/>\naussi un c\u00f4t\u00e9 sombre. En f\u00e9vrier 2024, peu avant <a href=\"https:\/\/www.closermag.fr\/people\/mort-dalain-delon-ses-fils-anthony-et-alain-fabien-reunis-et-en-famille-pour-rendre-hommage-a-leur-pere-3492747\" target=\"_blank\" rel=\"noopener\"><br \/>\nla mort de l&rsquo;acteur<\/a>, Bernard Montiel avait fait des r\u00e9v\u00e9lations<br \/>\nsur l\u2019acteur, \u00e0 l\u2019occasion d\u2019un passage sur le plateau de <a href=\"https:\/\/www.closermag.fr\/tv_tele_realite\/tpmp-cest-termine-annonce-coup-de-tonnerre-de-cyril-hanouna-3543052\" target=\"_blank\" rel=\"noopener\"><br \/>\nTouche pas \u00e0 mon poste ! sur C8<\/a>.<\/p>\n<p>Le c\u00f4t\u00e9 plus sombre d\u2019Alain Delon<\/p>\n<p>\u201cCe dont on a peur c\u2019est qu\u2019il se suicide. C\u2019est horrible \u00e0<br \/>\ndire mais cela dit c\u2019est quelque chose qui le hante depuis<br \/>\ntoujours. <strong>La mort l\u2019a toujours hant\u00e9, et notamment et le<br \/>\nsuicide\u201d<\/strong><strong>,<\/strong> avait-il confi\u00e9. Il avait<br \/>\nalors racont\u00e9 avoir d\u00e9j\u00e0 vu l\u2019acteur \u00ab\u00a0ouvrir un tiroir de son<br \/>\nbureau et en sortir un flingue\u00a0\u00bb. Cela l\u2019amusait beaucoup.<br \/>\n<strong>Il m\u2019a dit \u2018tu vois un jour, je finirais comme<br \/>\n\u00e7a\u2019.\u00a0\u00bb<\/strong><\/p>\n<p><strong>COMMENT ACHETER CLOSER ? Votre magazine est en vente \u00e0<br \/>\npartir du vendredi 12 d\u00e9cembre 2025 chez votre marchand de<br \/>\njournaux, sur Android, iPad et sur KiosqueMag.<\/strong><\/p>\n","protected":false},"excerpt":{"rendered":"L\u2019heure est \u00e0 la confidence pour Bernard Montiel. Dans une interview accord\u00e9e au magazine Closer, dont le dernier&hellip;\n","protected":false},"author":2,"featured_media":593904,"comment_status":"","ping_status":"","sticky":false,"template":"","format":"standard","meta":{"footnotes":""},"categories":[1359],"tags":[3720,21303,58,59,1011,27,70426,973],"class_list":{"0":"post-593903","1":"post","2":"type-post","3":"status-publish","4":"format-standard","5":"has-post-thumbnail","7":"category-people","8":"tag-bernard-montiel","9":"tag-buzz_nonli","10":"tag-divertissement","11":"tag-entertainment","12":"tag-fr","13":"tag-france","14":"tag-marfeel_news","15":"tag-people"},"share_on_mastodon":{"url":"https:\/\/pubeurope.com\/@fr\/115703788662477884","error":""},"_links":{"self":[{"href":"https:\/\/www.europesays.com\/fr\/wp-json\/wp\/v2\/posts\/593903","targetHints":{"allow":["GET"]}}],"collection":[{"href":"https:\/\/www.europesays.com\/fr\/wp-json\/wp\/v2\/posts"}],"about":[{"href":"https:\/\/www.europesays.com\/fr\/wp-json\/wp\/v2\/types\/post"}],"author":[{"embeddable":true,"href":"https:\/\/www.europesays.com\/fr\/wp-json\/wp\/v2\/users\/2"}],"replies":[{"embeddable":true,"href":"https:\/\/www.europesays.com\/fr\/wp-json\/wp\/v2\/comments?post=593903"}],"version-history":[{"count":0,"href":"https:\/\/www.europesays.com\/fr\/wp-json\/wp\/v2\/posts\/593903\/revisions"}],"wp:featuredmedia":[{"embeddable":true,"href":"https:\/\/www.europesays.com\/fr\/wp-json\/wp\/v2\/media\/593904"}],"wp:attachment":[{"href":"https:\/\/www.europesays.com\/fr\/wp-json\/wp\/v2\/media?parent=593903"}],"wp:term":[{"taxonomy":"category","embeddable":true,"href":"https:\/\/www.europesays.com\/fr\/wp-json\/wp\/v2\/categories?post=593903"},{"taxonomy":"post_tag","embeddable":true,"href":"https:\/\/www.europesays.com\/fr\/wp-json\/wp\/v2\/tags?post=593903"}],"curies":[{"name":"wp","href":"https:\/\/api.w.org\/{rel}","templated":true}]}}