{"id":593905,"date":"2025-12-12T00:34:14","date_gmt":"2025-12-12T00:34:14","guid":{"rendered":"https:\/\/www.europesays.com\/fr\/593905\/"},"modified":"2025-12-12T00:34:14","modified_gmt":"2025-12-12T00:34:14","slug":"fondateur-de-la-metisse-dargile-le-galeriste-olivier-marquet-est-decede","status":"publish","type":"post","link":"https:\/\/www.europesays.com\/fr\/593905\/","title":{"rendered":"fondateur de la M\u00e9tisse d\u2019argile, le galeriste Olivier Marquet est d\u00e9c\u00e9d\u00e9"},"content":{"rendered":"<p>Voil\u00e0 trente ans, il avait os\u00e9 ouvrir <a target=\"_self\" href=\"https:\/\/www.lanouvellerepublique.fr\/indre-et-loire\/commune\/saint-hippolyte\/la-fin-d-une-galerie-d-art-hors-des-sentiers-battus\" rel=\"noopener\">cette galerie d\u2019art unique<\/a>. Une petite maison nich\u00e9e dans le bourg du village de Saint-Hippolyte. La M\u00e9tisse d\u2019Argile, c\u2019\u00e9tait l\u2019\u0153uvre de la vie d\u2019Olivier Marquet. Le galeriste s\u2019est \u00e9teint, \u00e0 l\u2019\u00e2ge de 60\u00a0ans, des suites d\u2019une longue &#8230; <\/p>\n<p>    Cet article a \u00e9t\u00e9 tronqu\u00e9. Abonnez-vous pour lire l&rsquo;article complet sur notre site.<\/p>\n<p style=\"margin: 0 !important; padding: 0 !important; font-size: 12px !important;\">Cet article a \u00e9t\u00e9 tronqu\u00e9. Abonnez-vous pour lire l&rsquo;article complet.<\/p>\n<p>    <a href=\"https:\/\/www.lanouvellerepublique.fr\/abonnements\" style=\"display: inline-block; margin-top: 5px !important; padding: 6px 12px !important; background: #cb1c27; color: white; text-decoration: none; border-radius: 4px; font-size: 12px !important;\" target=\"_blank\" rel=\"noopener\"><br \/>\n      S&rsquo;abonner<br \/>\n    <\/a><\/p>\n","protected":false},"excerpt":{"rendered":"Voil\u00e0 trente ans, il avait os\u00e9 ouvrir cette galerie d\u2019art unique. Une petite maison nich\u00e9e dans le bourg&hellip;\n","protected":false},"author":2,"featured_media":593906,"comment_status":"","ping_status":"","sticky":false,"template":"","format":"standard","meta":{"footnotes":""},"categories":[1358],"tags":[1392,1348,1384,1385,1674,1386,58,59,1011,27,1391,70664],"class_list":{"0":"post-593905","1":"post","2":"type-post","3":"status-publish","4":"format-standard","5":"has-post-thumbnail","7":"category-arts-et-design","8":"tag-a-la-une-local","9":"tag-arts","10":"tag-arts-and-design","11":"tag-arts-et-design","12":"tag-communes","13":"tag-design","14":"tag-divertissement","15":"tag-entertainment","16":"tag-fr","17":"tag-france","18":"tag-necrologie","19":"tag-saint-hippolyte"},"share_on_mastodon":{"url":"https:\/\/pubeurope.com\/@fr\/115703792483393444","error":""},"_links":{"self":[{"href":"https:\/\/www.europesays.com\/fr\/wp-json\/wp\/v2\/posts\/593905","targetHints":{"allow":["GET"]}}],"collection":[{"href":"https:\/\/www.europesays.com\/fr\/wp-json\/wp\/v2\/posts"}],"about":[{"href":"https:\/\/www.europesays.com\/fr\/wp-json\/wp\/v2\/types\/post"}],"author":[{"embeddable":true,"href":"https:\/\/www.europesays.com\/fr\/wp-json\/wp\/v2\/users\/2"}],"replies":[{"embeddable":true,"href":"https:\/\/www.europesays.com\/fr\/wp-json\/wp\/v2\/comments?post=593905"}],"version-history":[{"count":0,"href":"https:\/\/www.europesays.com\/fr\/wp-json\/wp\/v2\/posts\/593905\/revisions"}],"wp:featuredmedia":[{"embeddable":true,"href":"https:\/\/www.europesays.com\/fr\/wp-json\/wp\/v2\/media\/593906"}],"wp:attachment":[{"href":"https:\/\/www.europesays.com\/fr\/wp-json\/wp\/v2\/media?parent=593905"}],"wp:term":[{"taxonomy":"category","embeddable":true,"href":"https:\/\/www.europesays.com\/fr\/wp-json\/wp\/v2\/categories?post=593905"},{"taxonomy":"post_tag","embeddable":true,"href":"https:\/\/www.europesays.com\/fr\/wp-json\/wp\/v2\/tags?post=593905"}],"curies":[{"name":"wp","href":"https:\/\/api.w.org\/{rel}","templated":true}]}}