{"id":593917,"date":"2025-12-12T00:42:12","date_gmt":"2025-12-12T00:42:12","guid":{"rendered":"https:\/\/www.europesays.com\/fr\/593917\/"},"modified":"2025-12-12T00:42:12","modified_gmt":"2025-12-12T00:42:12","slug":"le-traumatisme-est-intact-laury-thilleman-reagit-au-baiser-force-en-direct-dary-abittan","status":"publish","type":"post","link":"https:\/\/www.europesays.com\/fr\/593917\/","title":{"rendered":"\u00ab\u00a0Le traumatisme est intact\u00a0\u00bb\u2026 Laury Thilleman r\u00e9agit au baiser forc\u00e9 en direct d\u2019Ary Abittan"},"content":{"rendered":"<p><a href=\"https:\/\/www.20minutes.fr\/dossier\/laury_thilleman\" target=\"_blank\" class=\"c-link c-link--is-underlined\" rel=\"noopener\">Laury Thilleman<\/a> a pris la parole sur <a href=\"https:\/\/www.instagram.com\/stories\/laurythilleman\/3785296771254408467\/\" rel=\"nofollow noopener\" target=\"_blank\" class=\"c-link c-link--is-underlined\">Instagram<\/a> apr\u00e8s avoir red\u00e9couvert des images d\u2019un baiser impos\u00e9 par Ary Abittan lors d\u2019une \u00e9mission diffus\u00e9e en direct il y a quatorze ans. Son t\u00e9moignage intervient dans un contexte tendu autour de l\u2019humoriste, relanc\u00e9 samedi soir par des r\u00e9actions de militantes f\u00e9ministes et par des propos publics de <a href=\"https:\/\/www.20minutes.fr\/politique\/brigitte-macron\/\" target=\"_blank\" class=\"c-link c-link--is-underlined\" rel=\"noopener\">Brigitte Macron<\/a>, qui ont raviv\u00e9 le d\u00e9bat sur les violences sexuelles et la place accord\u00e9e \u00e0 la parole des femmes.<\/p>\n<p>Ag\u00e9e de 20 ans au moment des faits, l\u2019ancienne <a href=\"https:\/\/www.20minutes.fr\/arts-stars\/television\/miss_france\/\" target=\"_blank\" class=\"c-link c-link--is-underlined\" rel=\"noopener\">Miss France<\/a> explique aujourd\u2019hui que \u00ab\u00a0le traumatisme est intact\u00a0\u00bb. Elle \u00e9voque un \u00e9pisode v\u00e9cu dans \u00ab\u00a0la honte\u00a0\u00bb et \u00ab\u00a0l\u2019humiliation\u00a0\u00bb, racontant avoir tent\u00e9 d\u2019en rire pour s\u2019adapter \u00e0 l\u2019ambiance du plateau.<\/p>\n<\/p>\n<p>Silencieuse \u00e0 l\u2019\u00e9poque \u00ab\u00a0par peur, par honte\u00a0\u00bb<\/p>\n<p>\u00ab\u00a0Mais je ne consens pas\u00a0\u00bb, insiste-t-elle, pr\u00e9cisant \u00eatre rest\u00e9e silencieuse \u00e0 l\u2019\u00e9poque \u00ab\u00a0par peur, par honte\u00a0\u00bb, \u00e0 une p\u00e9riode o\u00f9, selon elle, \u00ab\u00a0le consentement il y a 14 ans on n\u2019en parlait pas\u00a0\u00bb.<\/p>\n<p class=\"mb-m@xs text-l@xs\">En cliquant sur\u00ab J\u2019accepte \u00bb, vous acceptez le d\u00e9p\u00f4t de cookies par des services externes et aurez ainsi acc\u00e8s aux contenus de nos partenaires.<\/p>\n<p class=\"mb-xl@xs text-s@xs\">Plus d\u2019informations sur la page<a href=\"https:\/\/www.20minutes.fr\/gestion-cookies\" class=\"mx-xxs@xs color-ultramarine\" target=\"_blank\" rel=\"noopener\">Politique de gestion des cookies<\/a><\/p>\n<p>J\u2019accepte<\/p>\n<p>Laury Thilleman affirme ne \u00ab\u00a0souhaiter \u00e0 personne ce qui est arriv\u00e9\u00a0\u00bb et va au-del\u00e0 de sa propre exp\u00e9rience. \u00ab\u00a0Au nom de toutes celles qui n\u2019ont pas pu faire entendre leurs voix, je souhaite faire entendre la mienne\u00a0\u00bb, conclut-elle.<\/p>\n<p><script async src=\"\/\/www.instagram.com\/embed.js\"><\/script><\/p>\n","protected":false},"excerpt":{"rendered":"Laury Thilleman a pris la parole sur Instagram apr\u00e8s avoir red\u00e9couvert des images d\u2019un baiser impos\u00e9 par Ary&hellip;\n","protected":false},"author":2,"featured_media":593918,"comment_status":"","ping_status":"","sticky":false,"template":"","format":"standard","meta":{"footnotes":""},"categories":[8],"tags":[47,1267,986,58,59,1011,27,2440,35154,5686,3034,973,104,252],"class_list":{"0":"post-593917","1":"post","2":"type-post","3":"status-publish","4":"format-standard","5":"has-post-thumbnail","7":"category-divertissement","8":"tag-actualite","9":"tag-agression-sexuelle","10":"tag-brigitte-macron","11":"tag-divertissement","12":"tag-entertainment","13":"tag-fr","14":"tag-france","15":"tag-instagram","16":"tag-laury-thilleman","17":"tag-metoo","18":"tag-miss-france","19":"tag-people","20":"tag-societe","21":"tag-television"},"share_on_mastodon":{"url":"https:\/\/pubeurope.com\/@fr\/115703824252513873","error":""},"_links":{"self":[{"href":"https:\/\/www.europesays.com\/fr\/wp-json\/wp\/v2\/posts\/593917","targetHints":{"allow":["GET"]}}],"collection":[{"href":"https:\/\/www.europesays.com\/fr\/wp-json\/wp\/v2\/posts"}],"about":[{"href":"https:\/\/www.europesays.com\/fr\/wp-json\/wp\/v2\/types\/post"}],"author":[{"embeddable":true,"href":"https:\/\/www.europesays.com\/fr\/wp-json\/wp\/v2\/users\/2"}],"replies":[{"embeddable":true,"href":"https:\/\/www.europesays.com\/fr\/wp-json\/wp\/v2\/comments?post=593917"}],"version-history":[{"count":0,"href":"https:\/\/www.europesays.com\/fr\/wp-json\/wp\/v2\/posts\/593917\/revisions"}],"wp:featuredmedia":[{"embeddable":true,"href":"https:\/\/www.europesays.com\/fr\/wp-json\/wp\/v2\/media\/593918"}],"wp:attachment":[{"href":"https:\/\/www.europesays.com\/fr\/wp-json\/wp\/v2\/media?parent=593917"}],"wp:term":[{"taxonomy":"category","embeddable":true,"href":"https:\/\/www.europesays.com\/fr\/wp-json\/wp\/v2\/categories?post=593917"},{"taxonomy":"post_tag","embeddable":true,"href":"https:\/\/www.europesays.com\/fr\/wp-json\/wp\/v2\/tags?post=593917"}],"curies":[{"name":"wp","href":"https:\/\/api.w.org\/{rel}","templated":true}]}}