{"id":59392,"date":"2025-04-28T13:59:13","date_gmt":"2025-04-28T13:59:13","guid":{"rendered":"https:\/\/www.europesays.com\/fr\/59392\/"},"modified":"2025-04-28T13:59:13","modified_gmt":"2025-04-28T13:59:13","slug":"un-ancien-champion-de-boxe-condamne-pour-violences-conjugales","status":"publish","type":"post","link":"https:\/\/www.europesays.com\/fr\/59392\/","title":{"rendered":"un ancien champion de boxe condamn\u00e9 pour violences conjugales"},"content":{"rendered":"<p>            Par<br \/>\n        <strong><br \/>\n            <a href=\"https:\/\/actu.fr\/auteur\/redaction-jv\" title=\"Consulter tous les articles de R\u00e9daction Vitr\u00e9\" target=\"_blank\" rel=\"noopener\">R\u00e9daction Vitr\u00e9<\/a><br \/>\n        <\/strong><\/p>\n<p>        Publi\u00e9 le<\/p>\n<p>            28 avr. 2025 \u00e0 12h59        <\/p>\n<p>Le tribunal correctionnel de Rennes a condamn\u00e9 \u00e0 <b>quatre mois de prison ferme<\/b>, ce <b>mercredi 23\u00a0avril <\/b>2025, un habitant d\u2019Ille-et-Vilaine qui avait \u00e9trangl\u00e9 sa compagne, pendant que sa fille vivait un calvaire \u00e0 leur domicile.<\/p>\n<p class=\" wall-content\">Les gendarmes \u00e9taient intervenus le <b>12\u00a0d\u00e9cembre 2024<\/b>\u2009: une femme venait d\u2019\u00eatre \u00ab\u2009\u00e9trangl\u00e9e\u2009\u00bb par son compagnon et sa fille de 15\u00a0ans avait d\u00fb intervenir en giflant son beau-p\u00e8re pour \u00e9viter que les choses n\u2019aillent plus loin, car sa m\u00e8re ne pouvait \u00ab\u2009plus respirer\u2009\u00bb.<\/p>\n<p>Une soir\u00e9e alcoolis\u00e9e d\u00e9g\u00e9n\u00e8re<\/p>\n<p class=\" wall-content\">Ce couple avait en effet consomm\u00e9 de la vodka, jouant m\u00eame au \u00ab\u2009beer pong\u2009\u00bb avec un ami\u2009: le \u00ab\u2009jeu\u2009\u00bb consiste \u00e0 lancer des balles de tennis de table dans des verres d\u2019alcool pour faire consommer l\u2019\u00e9quipe adverse.<\/p>\n<p class=\" wall-content\">Les deux hommes avaient par la suite entam\u00e9 une discussion sur \u00ab\u2009les voitures\u2009\u00bb\u2009: le pr\u00e9venu avait alors \u00e9t\u00e9 \u00ab\u2009agac\u00e9\u2009\u00bb que sa compagne se \u00ab\u2009m\u00eale\u2009\u00bb \u00e0 leurs \u00e9changes alors qu\u2019elle \u00ab\u2009ne comprend rien au sujet\u2009\u00bb. Il avait alors commenc\u00e9 \u00e0 \u00ab\u2009l\u2019insulter, la rabaisser\u2009\u00bb.<\/p>\n<p class=\" wall-content\">Lass\u00e9e, la m\u00e8re de famille \u2013 elle aussi alcoolis\u00e9e, donc \u2013 avait demand\u00e9 \u00e0 son compagnon de \u00ab\u2009prendre ses affaires\u2009\u00bb. Les choses avaient d\u00e9g\u00e9n\u00e9r\u00e9\u2009: elle avait \u00ab\u2009fait valser la table\u2009\u00bb et s\u2019\u00e9tait faite empoigner \u00ab\u2009par la gorge\u2009\u00bb contre la baie vitr\u00e9e.<\/p>\n<p class=\" wall-content\">Elle expliquera par la suite avoir \u00ab\u2009interdiction de sortir\u2009\u00bb \u2013 m\u00eame pour \u00ab\u2009voir sa m\u00e8re\u2009\u00bb.<\/p>\n<p>Il avait \u00e9t\u00e9 retrouv\u00e9 \u00ab\u2009cach\u00e9 sous un lit\u2009\u00bb<\/p>\n<p class=\" wall-content\">La fille de sa compagne \u2013 habitu\u00e9e \u00e0 g\u00e9rer sa m\u00e8re et son beau-p\u00e8re, au point m\u00eame que le juge des enfants soulignera une \u00ab\u2009parentification\u2009\u00bb de cette adolescente de 15\u00a0ans \u2013 avait inflig\u00e9 une claque \u00e0 son beau-p\u00e8re alors que sa m\u00e8re n\u2019arrivait \u00ab\u2009plus \u00e0 respirer\u2009\u00bb.<\/p>\n<p class=\" wall-content\">L\u2019adolescente avait d\u00e9j\u00e0 fait l\u2019objet d\u2019une d\u00e9cision de placement par les services sociaux, mais cela n\u2019avait pas pu se concr\u00e9tiser \u00ab\u2009faute de moyens\u2009\u00bb, a d\u00e9plor\u00e9 son avocat.<\/p>\n<p class=\" wall-content\">Sa m\u00e8re, elle, ne s\u2019est pas constitu\u00e9e partie civile et n\u2019a pas fait le d\u00e9placement \u00e0 l\u2019audience. Avant l\u2019audience, son compagnon avait m\u00eame \u00e9t\u00e9 retrouv\u00e9 \u00ab\u2009cach\u00e9 sous son lit\u2009\u00bb alors qu\u2019il avait pourtant \u00ab\u2009interdiction\u2009\u00bb d\u2019entrer en contact avec cette m\u00e8re de famille.<\/p>\n<p class=\" wall-content\">Dans tout cela, il y a donc une adolescente \u00ab\u2009t\u00e9moin directe\u2009\u00bb des faits, qui a grandi \u00ab\u2009dans l\u2019hyper-vigilance\u2009\u00bb, \u00e0 \u00ab\u2009l\u2019aff\u00fbt des tensions\u2009\u00bb, alors que les sc\u00e8nes de violences connaissaient \u00ab\u2009une croissance exponentielle\u2009\u00bb, a soulign\u00e9 l\u2019avocat.<\/p>\n<p>Un an de prison, dont huit mois avec sursis<\/p>\n<p class=\" wall-content\">\u00ab\u2009Du jour au lendemain, tout a bascul\u00e9\u2009\u00bb, avait d\u2019ailleurs \u00e9crit la jeune fille, \u00e0 propos de l\u2019arriv\u00e9e du beau-p\u00e8re dans leur vie. Ancien champion de boxe, il buvait, au moment des faits, \u00ab\u2009un litre de vodka par jour\u2009\u00bb, \u00ab\u2009d\u00e8s le r\u00e9veil\u2009\u00bb.<\/p>\n<p class=\" wall-content\">L\u2019homme est d\u00e9sormais \u00ab\u2009sans emploi\u2009\u00bb et \u00ab\u2009sans domicile fixe\u2009\u00bb. H\u00e9berg\u00e9 chez un proche, il n\u2019a pas eu les \u00ab\u2009moyens\u2009\u00bb de faire le d\u00e9placement \u00e0 son proc\u00e8s, comme l\u2019a expliqu\u00e9 son avocat.<\/p>\n<p class=\" wall-content\">Au final, il a donc \u00e9t\u00e9 condamn\u00e9 \u00e0 <b>un an de prison, dont huit mois avec sursis probatoire<\/b>\u2009: \u00e0 sa sortie de prison, il aura donc obligation de fixer sa r\u00e9sidence, suivre des soins, et interdiction d\u2019entrer en contact et de para\u00eetre aux domiciles de la m\u00e8re et sa fille, d\u00e9sormais plac\u00e9e en famille d\u2019accueil.<\/p>\n<p class=\" wall-content\"><b>CB (PressPepper)<\/b><\/p>\n<p class=\" wall-content\">Suivez toute l\u2019actualit\u00e9 de vos villes et m\u00e9dias favoris en vous inscrivant \u00e0 <a href=\"https:\/\/moncompte.actu.fr\" title=\"D\u00e9couvez Mon Actu\" rel=\"nofollow noopener\" data-trk=\"{&quot;cta&quot;:{&quot;action&quot;:&quot;https:\\\/\\\/moncompte.actu.fr&quot;,&quot;category&quot;:&quot;mon compte&quot;,&quot;from&quot;:&quot;article footer&quot;,&quot;name&quot;:&quot;Mon actu&quot;,&quot;type&quot;:&quot;cta&quot;}}\" target=\"_blank\">Mon Actu<\/a>.<\/p>\n<ul class=\"ac-article-tag wall-content\">\n<li><a href=\"https:\/\/actu.fr\/tag\/justice\" data-trk=\"{&quot;cta&quot;:{&quot;action&quot;:&quot;Justice&quot;,&quot;category&quot;:&quot;tag&quot;,&quot;from&quot;:&quot;article footer&quot;,&quot;name&quot;:&quot;Justice&quot;,&quot;type&quot;:&quot;cta&quot;}}\" target=\"_blank\" rel=\"noopener\">#Justice<\/a><\/li>\n<li><a href=\"https:\/\/actu.fr\/tag\/violences-conjugales\" data-trk=\"{&quot;cta&quot;:{&quot;action&quot;:&quot;Violences conjugales&quot;,&quot;category&quot;:&quot;tag&quot;,&quot;from&quot;:&quot;article footer&quot;,&quot;name&quot;:&quot;Violences conjugales&quot;,&quot;type&quot;:&quot;cta&quot;}}\" target=\"_blank\" rel=\"noopener\">#Violences conjugales<\/a><\/li>\n<\/ul>\n","protected":false},"excerpt":{"rendered":"Par R\u00e9daction Vitr\u00e9 Publi\u00e9 le 28 avr. 2025 \u00e0 12h59 Le tribunal correctionnel de Rennes a condamn\u00e9 \u00e0&hellip;\n","protected":false},"author":2,"featured_media":59393,"comment_status":"","ping_status":"","sticky":false,"template":"","format":"standard","meta":{"footnotes":""},"categories":[2821],"tags":[1111,11,829,1777,674,118,1011,27,303,12,584,25,798],"class_list":{"0":"post-59392","1":"post","2":"type-post","3":"status-publish","4":"format-standard","5":"has-post-thumbnail","7":"category-rennes","8":"tag-actu","9":"tag-actualites","10":"tag-bretagne","11":"tag-eu","12":"tag-europe","13":"tag-faits-divers","14":"tag-fr","15":"tag-france","16":"tag-justice","17":"tag-news","18":"tag-rennes","19":"tag-republique-francaise","20":"tag-violences-conjugales"},"share_on_mastodon":{"url":"https:\/\/pubeurope.com\/@fr\/114415951234886188","error":""},"_links":{"self":[{"href":"https:\/\/www.europesays.com\/fr\/wp-json\/wp\/v2\/posts\/59392","targetHints":{"allow":["GET"]}}],"collection":[{"href":"https:\/\/www.europesays.com\/fr\/wp-json\/wp\/v2\/posts"}],"about":[{"href":"https:\/\/www.europesays.com\/fr\/wp-json\/wp\/v2\/types\/post"}],"author":[{"embeddable":true,"href":"https:\/\/www.europesays.com\/fr\/wp-json\/wp\/v2\/users\/2"}],"replies":[{"embeddable":true,"href":"https:\/\/www.europesays.com\/fr\/wp-json\/wp\/v2\/comments?post=59392"}],"version-history":[{"count":0,"href":"https:\/\/www.europesays.com\/fr\/wp-json\/wp\/v2\/posts\/59392\/revisions"}],"wp:featuredmedia":[{"embeddable":true,"href":"https:\/\/www.europesays.com\/fr\/wp-json\/wp\/v2\/media\/59393"}],"wp:attachment":[{"href":"https:\/\/www.europesays.com\/fr\/wp-json\/wp\/v2\/media?parent=59392"}],"wp:term":[{"taxonomy":"category","embeddable":true,"href":"https:\/\/www.europesays.com\/fr\/wp-json\/wp\/v2\/categories?post=59392"},{"taxonomy":"post_tag","embeddable":true,"href":"https:\/\/www.europesays.com\/fr\/wp-json\/wp\/v2\/tags?post=59392"}],"curies":[{"name":"wp","href":"https:\/\/api.w.org\/{rel}","templated":true}]}}