{"id":593921,"date":"2025-12-12T00:44:14","date_gmt":"2025-12-12T00:44:14","guid":{"rendered":"https:\/\/www.europesays.com\/fr\/593921\/"},"modified":"2025-12-12T00:44:14","modified_gmt":"2025-12-12T00:44:14","slug":"audi-vend-le-legendaire-studio-italdesign-aux-americains","status":"publish","type":"post","link":"https:\/\/www.europesays.com\/fr\/593921\/","title":{"rendered":"Audi vend le l\u00e9gendaire studio Italdesign aux Am\u00e9ricains"},"content":{"rendered":"<p itemprop=\"description\">On pensait Italdesign indissociable de la<br \/>\nrigueur allemande d&rsquo;Audi depuis son rachat en 2015. Erreur. Le<br \/>\nstudio qui a dessin\u00e9 la toute premi\u00e8re Golf change de patron.<\/p>\n<p>C\u00a0\u00bbest un s\u00e9isme dans le monde du design automobile. Audi c\u00e8de le<br \/>\ncontr\u00f4le de la l\u00e9gendaire maison Italdesign. Apr\u00e8s quinze ann\u00e9es<br \/>\nsous giron allemand, le studio fond\u00e9 par Giorgetto Giugiaro passe<br \/>\naux mains d&rsquo;UST, une entreprise technologique californienne<br \/>\nm\u00e9connue du grand public.<\/p>\n<p>La tech s&rsquo;offre un mythe italien<\/p>\n<p>L&rsquo;annonce a pris tout le monde de court. <strong>Italdesign<br \/>\nn&rsquo;est plus une filiale \u00e0 part enti\u00e8re d&rsquo;<\/strong><a href=\"https:\/\/www.autoplus.fr\/marque\/audi\" target=\"_blank\" rel=\"noopener\"><strong>Audi<\/strong><\/a>. Le<br \/>\nconstructeur allemand a d\u00e9cid\u00e9 de vendre sa part majoritaire.<br \/>\nL&rsquo;acheteur ? Pas un autre constructeur automobile, ni un fonds<br \/>\nd&rsquo;investissement, mais UST. Ce nom ne vous dit probablement rien,<br \/>\net c&rsquo;est normal. UST est une entreprise bas\u00e9e en Californie,<br \/>\nsp\u00e9cialis\u00e9e dans l&rsquo;intelligence artificielle, la cybers\u00e9curit\u00e9 et<br \/>\nl&rsquo;analyse de donn\u00e9es. Fond\u00e9e en 1999, elle emploie 30 000 personnes<br \/>\ndans le monde.<\/p>\n<p>Audi avait mis la main sur le bijou italien en deux temps (2010<br \/>\npuis 2015), sauvant l&rsquo;entreprise et l&rsquo;int\u00e9grant au puissant groupe<br \/>\n<a href=\"https:\/\/www.autoplus.fr\/actualite\/volkswagen-serre-la-ceinture-et-se-replie-sur-ses-terres-1412986.html\" target=\"_blank\" rel=\"noopener\"><br \/>\nVolkswagen<\/a>. Cette \u00e9poque est finie. <strong>La marque aux<br \/>\nanneaux pr\u00e9cise toutefois qu&rsquo;elle ne coupe pas totalement les<br \/>\nponts.<\/strong> Elle conservera bien une participation<br \/>\nsignificative \u00e0 travers sa filiale Lamborghini. Mais ne nous y<br \/>\ntrompons pas, c&rsquo;est bien UST qui prend la responsabilit\u00e9<br \/>\nop\u00e9rationnelle. L&rsquo;objectif affich\u00e9 est de cr\u00e9er une synergie entre<br \/>\nl&rsquo;ing\u00e9nierie traditionnelle d&rsquo;Italdesign et l&rsquo;expertise num\u00e9rique<br \/>\nd&rsquo;UST.<\/p>\n<p>Golf, BMW M1, Scirocco\u2026<\/p>\n<p>Pour les puristes, c&rsquo;est un pincement au c\u0153ur. Italdesign, c&rsquo;est<br \/>\nl&rsquo;\u0153uvre d&rsquo;une vie, celle du maestro Giorgetto Giugiaro. C&rsquo;est dans<br \/>\nses bureaux de Moncalieri qu&rsquo;ont \u00e9t\u00e9 cr\u00e9\u00e9es des ic\u00f4nes absolues.<br \/>\n<strong>La preuve, sans Italdesign, pas de<\/strong> <a href=\"https:\/\/www.autoplus.fr\/marque\/golf\" target=\"_blank\" rel=\"noopener\"><strong>Volkswagen<br \/>\nGolf<\/strong><\/a> <strong>(la premi\u00e8re du nom), pas de Scirocco et<br \/>\npas de Passat non plus<\/strong>. C&rsquo;est ce studio qui a donn\u00e9 son<br \/>\nvisage \u00e0 l&rsquo;automobile europ\u00e9enne des ann\u00e9es 70 et 80.<\/p>\n<p>Voir ce patrimoine passer sous contr\u00f4le am\u00e9ricain marque<br \/>\nclairement la fin d&rsquo;un cycle. Le dernier projet d&rsquo;Italdesign sous<br \/>\nl&rsquo;\u00e8re Audi avait d&rsquo;ailleurs un go\u00fbt \u00e9trange, presque proph\u00e9tique.<br \/>\nIl s&rsquo;agissait du concept EVX, un coup\u00e9 \u00e9lectrique pr\u00e9sent\u00e9 non pas<br \/>\ncomme une vraie voiture, mais comme&#8230; un hologramme, lors du salon<br \/>\nde Munich. Comme si la mati\u00e8re elle-m\u00eame commen\u00e7ait d\u00e9j\u00e0 \u00e0<br \/>\ns&rsquo;effacer au profit du virtuel. Heureusement, l&rsquo;esprit Giugiaro<br \/>\nsurvit ailleurs. Le fondateur, aujourd&rsquo;hui \u00e2g\u00e9 de 87 ans et<br \/>\ntoujours bon pied bon \u0153il, a quitt\u00e9 le navire il y a longtemps pour<br \/>\nfonder <a href=\"https:\/\/www.giorgettofabriziogiugiaro.it\/\" target=\"_blank\" rel=\"noopener\">GFG<br \/>\nStyle<\/a> avec son fils Fabrizio.<\/p>\n","protected":false},"excerpt":{"rendered":"On pensait Italdesign indissociable de la rigueur allemande d&rsquo;Audi depuis son rachat en 2015. Erreur. Le studio qui&hellip;\n","protected":false},"author":2,"featured_media":593922,"comment_status":"","ping_status":"","sticky":false,"template":"","format":"standard","meta":{"footnotes":""},"categories":[6],"tags":[35,33,34,1011,27,1638],"class_list":{"0":"post-593921","1":"post","2":"type-post","3":"status-publish","4":"format-standard","5":"has-post-thumbnail","7":"category-economie","8":"tag-business","9":"tag-economie","10":"tag-economy","11":"tag-fr","12":"tag-france","13":"tag-has_diapo"},"share_on_mastodon":{"url":"https:\/\/pubeurope.com\/@fr\/115703831911091021","error":""},"_links":{"self":[{"href":"https:\/\/www.europesays.com\/fr\/wp-json\/wp\/v2\/posts\/593921","targetHints":{"allow":["GET"]}}],"collection":[{"href":"https:\/\/www.europesays.com\/fr\/wp-json\/wp\/v2\/posts"}],"about":[{"href":"https:\/\/www.europesays.com\/fr\/wp-json\/wp\/v2\/types\/post"}],"author":[{"embeddable":true,"href":"https:\/\/www.europesays.com\/fr\/wp-json\/wp\/v2\/users\/2"}],"replies":[{"embeddable":true,"href":"https:\/\/www.europesays.com\/fr\/wp-json\/wp\/v2\/comments?post=593921"}],"version-history":[{"count":0,"href":"https:\/\/www.europesays.com\/fr\/wp-json\/wp\/v2\/posts\/593921\/revisions"}],"wp:featuredmedia":[{"embeddable":true,"href":"https:\/\/www.europesays.com\/fr\/wp-json\/wp\/v2\/media\/593922"}],"wp:attachment":[{"href":"https:\/\/www.europesays.com\/fr\/wp-json\/wp\/v2\/media?parent=593921"}],"wp:term":[{"taxonomy":"category","embeddable":true,"href":"https:\/\/www.europesays.com\/fr\/wp-json\/wp\/v2\/categories?post=593921"},{"taxonomy":"post_tag","embeddable":true,"href":"https:\/\/www.europesays.com\/fr\/wp-json\/wp\/v2\/tags?post=593921"}],"curies":[{"name":"wp","href":"https:\/\/api.w.org\/{rel}","templated":true}]}}