{"id":593923,"date":"2025-12-12T00:45:21","date_gmt":"2025-12-12T00:45:21","guid":{"rendered":"https:\/\/www.europesays.com\/fr\/593923\/"},"modified":"2025-12-12T00:45:21","modified_gmt":"2025-12-12T00:45:21","slug":"la-marine-britannique-a-traque-un-sous-marin-russe-trois-jours-dans-la-manche-liberation","status":"publish","type":"post","link":"https:\/\/www.europesays.com\/fr\/593923\/","title":{"rendered":"La marine britannique a traqu\u00e9 un sous-marin russe trois jours dans la Manche \u2013 Lib\u00e9ration"},"content":{"rendered":"<p class=\"sc-cPiKLX AiZTS text-element\">La Royal Navy a traqu\u00e9 pendant trois jours un sous-marin russe qui naviguait dans la Manche, a-t-elle annonc\u00e9 ce jeudi 11 d\u00e9cembre, au moment o\u00f9 le Royaume-Uni \u0153uvre \u00e0 renforcer sa lutte contre cette menace. Un navire ravitailleur de la marine britannique, avec un h\u00e9licopt\u00e8re embarqu\u00e9, a \u00e9t\u00e9 d\u00e9ploy\u00e9 pour suivre le sous-marin de classe Kilo Krasnodar, tr\u00e8s furtif, et le remorqueur Altay.<\/p>\n<p class=\"sc-cPiKLX AiZTS text-element\">Ces navires russes sont arriv\u00e9s par la mer du Nord et sont pass\u00e9s par le d\u00e9troit du Pas-de-Calais pour entrer dans la Manche. La Royal Navy, qui ne pr\u00e9cise pas quand la traque a eu lieu, a indiqu\u00e9 dans un communiqu\u00e9 qu\u2019elle \u00e9tait pr\u00eate \u00e0 \u00abenclencher des op\u00e9rations anti-sous-marins\u00bb si le Krasnodar avait plong\u00e9 dans les eaux.<\/p>\n<p class=\"sc-cPiKLX AiZTS text-element\">Mais celui-ci a navigu\u00e9 en surface tout le temps de l\u2019op\u00e9ration, malgr\u00e9 des conditions m\u00e9t\u00e9orologiques d\u00e9favorables. Une fois arriv\u00e9s pr\u00e8s de l\u2019\u00eele d\u2019Ouessant, au nord-ouest de l\u2019Hexagone, les Britanniques ont pass\u00e9 le flambeau \u00e0 un alli\u00e9 de l\u2019Otan.<\/p>\n<p class=\"sc-cPiKLX AiZTS text-element\">L\u2019arm\u00e9e britannique avait d\u00e9j\u00e0 men\u00e9 une op\u00e9ration de filature similaire en juillet, apr\u00e8s avoir rep\u00e9r\u00e9 <a href=\"https:\/\/www.liberation.fr\/international\/europe\/que-sait-on-du-novorossiisk-ce-sous-marin-russe-annonce-comme-en-perdition-20250930_Z5H3BHFV7FALHCC2IZCH25KJKM\/\" target=\"_blank\" rel=\"noopener\" title=\"https:\/\/www.liberation.fr\/international\/europe\/que-sait-on-du-novorossiisk-ce-sous-marin-russe-annonce-comme-en-perdition-20250930_Z5H3BHFV7FALHCC2IZCH25KJKM\/\">le sous-marin russe Novorossi\u00efsk<\/a> dans ses eaux territoriales.<\/p>\n<p class=\"sc-cPiKLX AiZTS text-element\"><a href=\"https:\/\/www.liberation.fr\/international\/europe\/des-options-militaires-sont-prevues-londres-met-en-garde-moscou-apres-avoir-detecte-un-navire-militaire-au-large-de-lecosse-20251119_NADV224HZVBSNOCJ5KPI3OESPE\/\" target=\"_blank\" rel=\"noopener\" title=\"https:\/\/www.liberation.fr\/international\/europe\/des-options-militaires-sont-prevues-londres-met-en-garde-moscou-apres-avoir-detecte-un-navire-militaire-au-large-de-lecosse-20251119_NADV224HZVBSNOCJ5KPI3OESPE\/\">Le ministre de la D\u00e9fense, John Healey,<\/a> a annonc\u00e9 lundi le lancement d\u2019un programme de plusieurs millions de livres pour am\u00e9liorer les capacit\u00e9s de la Royal Navy face aux \u00abmenaces sous-marines\u00bb de Moscou. Selon Londres, l\u2019activit\u00e9 des sous-marins russes dans les eaux britanniques a augment\u00e9 de 30 % ces deux derni\u00e8res ann\u00e9es.<\/p>\n<p class=\"sc-cPiKLX AiZTS text-element\">Le Royaume-Uni et la Norv\u00e8ge ont sign\u00e9 d\u00e9but d\u00e9cembre un accord de coop\u00e9ration pour op\u00e9rer ensemble une flotte de fr\u00e9gates pour \u00abtraquer\u00bb ces sous-marins en Atlantique Nord.<\/p>\n<p class=\"sc-cPiKLX AiZTS text-element\">Ce jeudi, le pr\u00e9sident de la Chambre des communes, Lindsay Hoyle, a \u00e9galement \u00e9crit une lettre aux d\u00e9put\u00e9s britanniques, les avertissant que les tentatives d\u2019hame\u00e7onnage men\u00e9es par des acteurs russes sur WhatsApp ou d\u2019autres applications de messagerie \u00e9taient en augmentation. Celles-ci visent \u00e0 tromper les \u00e9lus pour qu\u2019ils partagent des informations sensibles ou compromettantes.<\/p>\n<p class=\"sc-cPiKLX AiZTS text-element\">Le National Cyber Security Centre britannique a dit ce jeudi \u00abtravailler avec des partenaires au sein du gouvernement et du Parlement en r\u00e9ponse \u00e0 des ciblages r\u00e9cents sur des applications de messagerie commerciales, notamment Signal et WhatsApp\u00bb.<\/p>\n","protected":false},"excerpt":{"rendered":"La Royal Navy a traqu\u00e9 pendant trois jours un sous-marin russe qui naviguait dans la Manche, a-t-elle annonc\u00e9&hellip;\n","protected":false},"author":2,"featured_media":593924,"comment_status":"","ping_status":"","sticky":false,"template":"","format":"standard","meta":{"footnotes":""},"categories":[5],"tags":[11,1011,27,14,12,473,132,28],"class_list":{"0":"post-593923","1":"post","2":"type-post","3":"status-publish","4":"format-standard","5":"has-post-thumbnail","7":"category-international","8":"tag-actualites","9":"tag-fr","10":"tag-france","11":"tag-international","12":"tag-news","13":"tag-royaume-uni","14":"tag-russie","15":"tag-world"},"share_on_mastodon":{"url":"https:\/\/pubeurope.com\/@fr\/115703835788800452","error":""},"_links":{"self":[{"href":"https:\/\/www.europesays.com\/fr\/wp-json\/wp\/v2\/posts\/593923","targetHints":{"allow":["GET"]}}],"collection":[{"href":"https:\/\/www.europesays.com\/fr\/wp-json\/wp\/v2\/posts"}],"about":[{"href":"https:\/\/www.europesays.com\/fr\/wp-json\/wp\/v2\/types\/post"}],"author":[{"embeddable":true,"href":"https:\/\/www.europesays.com\/fr\/wp-json\/wp\/v2\/users\/2"}],"replies":[{"embeddable":true,"href":"https:\/\/www.europesays.com\/fr\/wp-json\/wp\/v2\/comments?post=593923"}],"version-history":[{"count":0,"href":"https:\/\/www.europesays.com\/fr\/wp-json\/wp\/v2\/posts\/593923\/revisions"}],"wp:featuredmedia":[{"embeddable":true,"href":"https:\/\/www.europesays.com\/fr\/wp-json\/wp\/v2\/media\/593924"}],"wp:attachment":[{"href":"https:\/\/www.europesays.com\/fr\/wp-json\/wp\/v2\/media?parent=593923"}],"wp:term":[{"taxonomy":"category","embeddable":true,"href":"https:\/\/www.europesays.com\/fr\/wp-json\/wp\/v2\/categories?post=593923"},{"taxonomy":"post_tag","embeddable":true,"href":"https:\/\/www.europesays.com\/fr\/wp-json\/wp\/v2\/tags?post=593923"}],"curies":[{"name":"wp","href":"https:\/\/api.w.org\/{rel}","templated":true}]}}