{"id":593929,"date":"2025-12-12T00:48:15","date_gmt":"2025-12-12T00:48:15","guid":{"rendered":"https:\/\/www.europesays.com\/fr\/593929\/"},"modified":"2025-12-12T00:48:15","modified_gmt":"2025-12-12T00:48:15","slug":"asse-ces-supporters-denoncent-des-pratiques-illegales-de-la-police-une-violence-aveugle","status":"publish","type":"post","link":"https:\/\/www.europesays.com\/fr\/593929\/","title":{"rendered":"ASSE. Ces supporters d\u00e9noncent des pratiques \u00ab\u00a0ill\u00e9gales\u00a0\u00bb de la police : \u00ab\u00a0Une violence aveugle\u00a0\u00bb"},"content":{"rendered":"<p>                    Par<br \/>\n        <strong><br \/>\n            <a href=\"https:\/\/actu.fr\/auteur\/julien-sournies\" title=\"Consulter tous les articles de Julien Sournies\" target=\"_blank\" rel=\"noopener\">Julien Sournies<\/a><br \/>\n                    <\/strong><\/p>\n<p>        Publi\u00e9 le<\/p>\n<p>            11 d\u00e9c. 2025 \u00e0 14h17        <\/p>\n<p>La fin du match a rapidement vir\u00e9 \u00e0 la <strong>pagaille<\/strong> pour les supporters de l\u2019AS <a href=\"https:\/\/actu.fr\/saint-etienne\/\" target=\"_blank\" rel=\"noopener\">Saint-\u00c9tienne<\/a> samedi 6 d\u00e9cembre dernier \u00e0 Dunkerque. \u00c0 l\u2019issue du coup de sifflet final de la rencontre perdue par l\u2019<a href=\"https:\/\/actu.fr\/saint-etienne\/sports\/football\" target=\"_blank\" rel=\"noopener\">ASSE<\/a> sur la pelouse du club nordiste (1-0), les \u00ab Green Angels \u00bb, l\u2019un des principaux groupes de supporters st\u00e9phanois, ont publi\u00e9 un long communiqu\u00e9 sur les r\u00e9seaux sociaux pour d\u00e9noncer des<strong> violences polici\u00e8res survenues dans le parcage visiteur<\/strong>.<\/p>\n<p>Coups de matraque \u00e0 la t\u00eate, tirs de LBD \u00e0 bout portant\u2026<\/p>\n<p class=\" wall-content\">\u00ab Les supporters st\u00e9phanois ont fait l\u2019objet d\u2019une <strong>violence aveugle et d\u2019une intensit\u00e9 exceptionnelle<\/strong> de la part des forces de l\u2019ordre pr\u00e9sentes en parcage \u00bb, relate le communiqu\u00e9.<\/p>\n<blockquote class=\"ac-article-quote wall-content\">\n<p>\u00c0 la fin du match, les forces de l&rsquo;ordre ont re\u00e7u l&rsquo;ordre de charger, dans un espace r\u00e9duit, alors qu&rsquo;aucun supporter ne leur \u00e9tait hostile. Pendant de longues minutes, nous avons subi un d\u00e9cha\u00eenement de pratiques ill\u00e9gales et dangereuses : coups de matraque \u00e0 la t\u00eate, tirs de flash-ball \u00e0 bout portant et au-dessus de la ceinture, et gazage de supporters, dont de nombreuses femmes, rest\u00e9es en retrait contre un mur.<\/p>\n<p>    <strong>Green Angels<\/strong><br \/>\n        Communiqu\u00e9 de presse    <\/p><\/blockquote>\n<p class=\" wall-content\">Selon les \u00ab\u00a0Green Angels\u00a0\u00bb, l\u2019intervention muscl\u00e9e des CRS a fait une vingtaine de bless\u00e9s, dont certains ont \u00e9t\u00e9 victimes de \u00ab fractures, commotions c\u00e9r\u00e9brales, ulc\u00e8re \u00e0 l\u2019\u0153il ou plaies b\u00e9antes \u00bb. Parmi les victimes st\u00e9phanoises, le groupe d\u2019ultras indique par ailleurs qu\u2019un jeune membre \u00e9tait toujours hospitalis\u00e9 <strong>quatre jours apr\u00e8s les faits<\/strong>.<\/p>\n<p class=\" wall-content\">\n<p>Un \u00e9tendard suscite la col\u00e8re d\u2019un CRS ?<\/p>\n<p class=\" wall-content\">De son c\u00f4t\u00e9, le club vert a \u00e9galement r\u00e9agi \u00e0 la suite de cet incident : \u00ab\u00a0L\u2019AS Saint-\u00c9tienne apporte son soutien aux supporters bless\u00e9s, et suit de pr\u00e8s, depuis samedi soir, l\u2019\u00e9volution de leur \u00e9tat. Le club reste engag\u00e9 aupr\u00e8s des autorit\u00e9s et des groupes de supporters pour \u00e9tablir les faits avec objectivit\u00e9 et assurer le d\u00e9roulement des matchs dans des conditions de s\u00e9curit\u00e9 optimales pour tous.\u00a0\u00bb<\/p>\n<p class=\" wall-content\">Selon nos confr\u00e8res de <a href=\"https:\/\/www.lequipe.fr\/Football\/Actualites\/Coups-de-matraque-tirs-de-flash-ball-le-groupe-de-supporters-stephanois-des-green-angels-denonce-des-violences-policieres-a-dunkerque\/1615916\" target=\"_blank\" rel=\"noopener\">L\u2019\u00c9quipe<\/a>, la raison de ce chaos en tribunes proviendrait d\u2019un certain <strong>\u00e9tendard brandi par un supporter des Verts<\/strong>. M\u00eame si son contenu n\u2019a pas \u00e9t\u00e9 r\u00e9v\u00e9l\u00e9, ce geste aurait vraisemblablement suscit\u00e9 la col\u00e8re d\u2019un CRS, lequel aurait tent\u00e9 d\u2019interpeller l\u2019individu en question une fois les supporters sortis du parcage.<\/p>\n<p class=\" wall-content\">Contact\u00e9e par la r\u00e9daction, la pr\u00e9fecture du Nord n\u2019a pas donn\u00e9 suite \u00e0 nos sollicitations.<\/p>\n<p class=\" wall-content\">Personnalisez votre actualit\u00e9 en ajoutant vos villes et m\u00e9dias en favori avec <a href=\"https:\/\/moncompte.actu.fr\" title=\"D\u00e9couvez Mon Actu\" rel=\"nofollow noopener\" data-trk=\"{&quot;cta&quot;:{&quot;action&quot;:&quot;https:\\\/\\\/moncompte.actu.fr&quot;,&quot;category&quot;:&quot;mon compte&quot;,&quot;from&quot;:&quot;article footer&quot;,&quot;name&quot;:&quot;Mon actu&quot;,&quot;type&quot;:&quot;cta&quot;}}\" target=\"_blank\">Mon Actu<\/a>.<\/p>\n","protected":false},"excerpt":{"rendered":"Par Julien Sournies Publi\u00e9 le 11 d\u00e9c. 2025 \u00e0 14h17 La fin du match a rapidement vir\u00e9 \u00e0&hellip;\n","protected":false},"author":2,"featured_media":593930,"comment_status":"","ping_status":"","sticky":false,"template":"","format":"standard","meta":{"footnotes":""},"categories":[9653],"tags":[1111,11,8019,2430,1777,674,118,1011,27,12,25,4001,7374],"class_list":{"0":"post-593929","1":"post","2":"type-post","3":"status-publish","4":"format-standard","5":"has-post-thumbnail","7":"category-saint-etienne","8":"tag-actu","9":"tag-actualites","10":"tag-association-sportive-saint-etienne-asse","11":"tag-auvergne-rhone-alpes","12":"tag-eu","13":"tag-europe","14":"tag-faits-divers","15":"tag-fr","16":"tag-france","17":"tag-news","18":"tag-republique-francaise","19":"tag-saint-etienne","20":"tag-violences-policieres"},"share_on_mastodon":{"url":"https:\/\/pubeurope.com\/@fr\/115703847626991522","error":""},"_links":{"self":[{"href":"https:\/\/www.europesays.com\/fr\/wp-json\/wp\/v2\/posts\/593929","targetHints":{"allow":["GET"]}}],"collection":[{"href":"https:\/\/www.europesays.com\/fr\/wp-json\/wp\/v2\/posts"}],"about":[{"href":"https:\/\/www.europesays.com\/fr\/wp-json\/wp\/v2\/types\/post"}],"author":[{"embeddable":true,"href":"https:\/\/www.europesays.com\/fr\/wp-json\/wp\/v2\/users\/2"}],"replies":[{"embeddable":true,"href":"https:\/\/www.europesays.com\/fr\/wp-json\/wp\/v2\/comments?post=593929"}],"version-history":[{"count":0,"href":"https:\/\/www.europesays.com\/fr\/wp-json\/wp\/v2\/posts\/593929\/revisions"}],"wp:featuredmedia":[{"embeddable":true,"href":"https:\/\/www.europesays.com\/fr\/wp-json\/wp\/v2\/media\/593930"}],"wp:attachment":[{"href":"https:\/\/www.europesays.com\/fr\/wp-json\/wp\/v2\/media?parent=593929"}],"wp:term":[{"taxonomy":"category","embeddable":true,"href":"https:\/\/www.europesays.com\/fr\/wp-json\/wp\/v2\/categories?post=593929"},{"taxonomy":"post_tag","embeddable":true,"href":"https:\/\/www.europesays.com\/fr\/wp-json\/wp\/v2\/tags?post=593929"}],"curies":[{"name":"wp","href":"https:\/\/api.w.org\/{rel}","templated":true}]}}