{"id":593939,"date":"2025-12-12T00:57:19","date_gmt":"2025-12-12T00:57:19","guid":{"rendered":"https:\/\/www.europesays.com\/fr\/593939\/"},"modified":"2025-12-12T00:57:19","modified_gmt":"2025-12-12T00:57:19","slug":"500m2-de-hangar-et-200m3-de-foin-du-centre-equestre-detruits","status":"publish","type":"post","link":"https:\/\/www.europesays.com\/fr\/593939\/","title":{"rendered":"500m2 de hangar et 200m3 de foin du centre \u00e9questre d\u00e9truits"},"content":{"rendered":"<p>                    Par<br \/>\n        <strong><br \/>\n            <a href=\"https:\/\/actu.fr\/auteur\/jm-aubert\" title=\"Consulter tous les articles de Jean-Marc Aubert\" target=\"_blank\" rel=\"noopener\">Jean-Marc Aubert<\/a><br \/>\n                    <\/strong><\/p>\n<p>        Publi\u00e9 le<\/p>\n<p>            12 d\u00e9c. 2025 \u00e0 0h48<br \/>\n        ; mis \u00e0 jour le 12 d\u00e9c. 2025 \u00e0 0h56    <\/p>\n<p>\/ DERNI\u00c8RE MINUTE \/<\/p>\n<p class=\" wall-content\">Un <strong>violent incendie<\/strong> a d\u00e9truit un <strong>hangar de 500m2<\/strong> o\u00f9 \u00e9taient stock\u00e9s <strong>200m3 de foin<\/strong>\u00a0au\u00a0<strong>centre \u00e9questre de Montpellier,<\/strong>\u00a0avenue Albert Einstein, sur le site de Grammont, pr\u00e8s du\u00a0Z\u00e9nith, ce jeudi soir. 25 sapeurs-pompiers du <strong>Sdis 34<\/strong> sont engag\u00e9s.<\/p>\n<p>    <a href=\"https:\/\/www.google.com\/maps\/embed?pb=!1m18!1m12!1m3!1d5857.576181190847!2d3.926146088310051!3d43.6176445357506!2m3!1f0!2f0!3f0!3m2!1i1024!2i768!4f13.1!3m3!1m2!1s0x12b6a52f304fd66d%3A0xdaee28a36b2f254a!2sUCPA%20Centre%20%C3%A9questre%20de%20Grammont!5e0!3m2!1sfr!2sfr!4v1765496803115!5m2!1sfr!2sfr\" title=\"Ouvrie le lien\" target=\"_blank\" rel=\"noopener\">Cliquez ici pour visualiser le contenu<\/a><\/p>\n<p class=\" wall-content\">L\u2019alerte a \u00e9t\u00e9 donn\u00e9e vers 23h15, ce jeudi 11 d\u00e9cembre 2025 pour un important incendie dans la zone de Grammont-le Z\u00e9nith, aux portes Est de Montpellier. \u00c0 l\u2019arriv\u00e9e rapide des pompiers d\u00e9p\u00each\u00e9s de la caserne toute proche de Montaub\u00e9rou, au Mill\u00e9naire, le hangar \u00e9tait embras\u00e9, ainsi que les 200m3 de foin. Un brasier impressionnant.<\/p>\n<p class=\" wall-content\">Les box des chevaux qui sont situ\u00e9s \u00e0 l\u2019\u00e9cart de ce b\u00e2timent n\u2019ont pas \u00e9t\u00e9 touch\u00e9s, fort heureusement. L\u2019utilisation de mousse par les \u00ab\u00a0soldats du feu\u00a0\u00bb engag\u00e9s avec plusieurs engins, dont une grande \u00e9chelle pivotante automatique et une ambulance, a permis de ma\u00eetriser le sinistre rapidement. Toute propagation a \u00e9t\u00e9 stopp\u00e9e \u00e0 minuit.<\/p>\n<p class=\" wall-content\">\n    <img   decoding=\"async\" loading=\"lazy\" src=\"https:\/\/www.europesays.com\/fr\/wp-content\/uploads\/2025\/12\/0-6-960x640.jpeg\" alt=\"Le chef des op\u00e9rations du sdis 34 avec des pompiers sur place cette nuit\" width=\"960\" height=\"640\"\/><br \/>\n    Le chef des op\u00e9rations du sdis 34 avec des pompiers sur place cette nuit (\u00a9M\u00e9tropolitain \/ JMA)<br \/>\n    <img   decoding=\"async\" loading=\"lazy\" src=\"https:\/\/www.europesays.com\/fr\/wp-content\/uploads\/2025\/12\/0-5-960x640.jpeg\" alt=\"De gros moyens engag\u00e9s cette nuit au centre \u00e9questre de Montpellier\" width=\"960\" height=\"640\"\/><br \/>\n    Les pompiers de Montaub\u00e9rou ont engag\u00e9 une ambulance\u00a0(\u00a9M\u00e9tropolitain \/ JMA)<br \/>\n    <img   decoding=\"async\" loading=\"lazy\" src=\"https:\/\/www.europesays.com\/fr\/wp-content\/uploads\/2025\/12\/0-3-2-960x640.jpeg\" alt=\"De gros moyens engag\u00e9s cette nuit au centre \u00e9questre \" width=\"960\" height=\"640\"\/><br \/>\n    De gros moyens engag\u00e9s cette nuit au centre \u00e9questre (\u00a9M\u00e9tropolitain \/ JMA)<\/p>\n<p class=\" wall-content\">Les pompiers vont rester plusieurs heures encore pour \u00e9teindre des parties du foin encore fumantes, en attendant l\u2019intervention d\u2019un tracto-pelle, ce vendredi matin.<\/p>\n<p>Vid\u00e9os : en ce moment sur Actu<\/p>\n<p class=\" wall-content\">La <strong>police nationale<\/strong> va \u00eatre charg\u00e9e de l\u2019enqu\u00eate pour d\u00e9terminer l\u2019origine de cet incendie nocturne, sur un site prot\u00e9g\u00e9 par un portail. \u00c9tait-il ferm\u00e9 ou ouvert ? Y a t-il eu une intrusion ? Myst\u00e8re.<\/p>\n<p class=\" wall-content\"><strong>&gt; Plus d\u2019informations \u00e0 suivre ce vendredi.<\/strong><\/p>\n<p class=\" wall-content\">Personnalisez votre actualit\u00e9 en ajoutant vos villes et m\u00e9dias en favori avec <a href=\"https:\/\/moncompte.actu.fr\" title=\"D\u00e9couvez Mon Actu\" rel=\"nofollow noopener\" data-trk=\"{&quot;cta&quot;:{&quot;action&quot;:&quot;https:\\\/\\\/moncompte.actu.fr&quot;,&quot;category&quot;:&quot;mon compte&quot;,&quot;from&quot;:&quot;article footer&quot;,&quot;name&quot;:&quot;Mon actu&quot;,&quot;type&quot;:&quot;cta&quot;}}\" target=\"_blank\">Mon Actu<\/a>.<\/p>\n","protected":false},"excerpt":{"rendered":"Par Jean-Marc Aubert Publi\u00e9 le 12 d\u00e9c. 2025 \u00e0 0h48 ; mis \u00e0 jour le 12 d\u00e9c. 2025&hellip;\n","protected":false},"author":2,"featured_media":593940,"comment_status":"","ping_status":"","sticky":false,"template":"","format":"standard","meta":{"footnotes":""},"categories":[9599],"tags":[1111,11,1777,674,118,1011,27,1310,2208,12,2680,1072,1311,25],"class_list":{"0":"post-593939","1":"post","2":"type-post","3":"status-publish","4":"format-standard","5":"has-post-thumbnail","7":"category-montpellier","8":"tag-actu","9":"tag-actualites","10":"tag-eu","11":"tag-europe","12":"tag-faits-divers","13":"tag-fr","14":"tag-france","15":"tag-incendie","16":"tag-montpellier","17":"tag-news","18":"tag-occitanie","19":"tag-police","20":"tag-pompiers","21":"tag-republique-francaise"},"share_on_mastodon":{"url":"https:\/\/pubeurope.com\/@fr\/115703884123018502","error":""},"_links":{"self":[{"href":"https:\/\/www.europesays.com\/fr\/wp-json\/wp\/v2\/posts\/593939","targetHints":{"allow":["GET"]}}],"collection":[{"href":"https:\/\/www.europesays.com\/fr\/wp-json\/wp\/v2\/posts"}],"about":[{"href":"https:\/\/www.europesays.com\/fr\/wp-json\/wp\/v2\/types\/post"}],"author":[{"embeddable":true,"href":"https:\/\/www.europesays.com\/fr\/wp-json\/wp\/v2\/users\/2"}],"replies":[{"embeddable":true,"href":"https:\/\/www.europesays.com\/fr\/wp-json\/wp\/v2\/comments?post=593939"}],"version-history":[{"count":0,"href":"https:\/\/www.europesays.com\/fr\/wp-json\/wp\/v2\/posts\/593939\/revisions"}],"wp:featuredmedia":[{"embeddable":true,"href":"https:\/\/www.europesays.com\/fr\/wp-json\/wp\/v2\/media\/593940"}],"wp:attachment":[{"href":"https:\/\/www.europesays.com\/fr\/wp-json\/wp\/v2\/media?parent=593939"}],"wp:term":[{"taxonomy":"category","embeddable":true,"href":"https:\/\/www.europesays.com\/fr\/wp-json\/wp\/v2\/categories?post=593939"},{"taxonomy":"post_tag","embeddable":true,"href":"https:\/\/www.europesays.com\/fr\/wp-json\/wp\/v2\/tags?post=593939"}],"curies":[{"name":"wp","href":"https:\/\/api.w.org\/{rel}","templated":true}]}}