{"id":593941,"date":"2025-12-12T00:58:31","date_gmt":"2025-12-12T00:58:31","guid":{"rendered":"https:\/\/www.europesays.com\/fr\/593941\/"},"modified":"2025-12-12T00:58:31","modified_gmt":"2025-12-12T00:58:31","slug":"blesse-par-balle-dans-le-quartier-des-cevennes-a-montpellier-le-frere-avait-interdiction-de-paraitre-sur-la-ville-et-etait-en-possession-de-drogue","status":"publish","type":"post","link":"https:\/\/www.europesays.com\/fr\/593941\/","title":{"rendered":"Bless\u00e9 par balle dans le quartier des C\u00e9vennes \u00e0 Montpellier\u00a0: le fr\u00e8re avait interdiction de para\u00eetre sur la ville et \u00e9tait en possession de drogue"},"content":{"rendered":"<p>\n                                                                On ignore encore les circonstances dans lesquelles un homme de 34 ans a \u00e9t\u00e9 bless\u00e9 par balle dans le quartier des C\u00e9vennes \u00e0 Montpellier, dans la nuit du 9 au 10\u00a0d\u00e9cembre. Son fr\u00e8re de 31 ans, qui l\u2019avait conduit au CHU Lapeyronie, \u00e9tait quant \u00e0 lui en infraction \u00e0 plusieurs titres. Il a \u00e9t\u00e9 interpell\u00e9 et compara\u00eetra ce vendredi 11\u00a0d\u00e9cembre devant le tribunal correctionnel.\n                            <\/p>\n<p>L\u2019enqu\u00eate de police se poursuit apr\u00e8s qu\u2019un homme de 34 ans a \u00e9t\u00e9 <a href=\"https:\/\/www.midilibre.fr\/2025\/12\/10\/un-homme-blesse-par-balle-en-pleine-nuit-dans-le-quartier-des-cevennes-a-montpellier-son-frere-place-en-garde-a-vue-13102118.php\" target=\"_blank\" rel=\"noopener\">bless\u00e9 par balle \u00e0 une jambe, avenue du Professeur-Louis-Ravas, dans le quartier des C\u00e9vennes \u00e0 Montpellier,<\/a> dans la nuit de mardi \u00e0 mercredi 10\u00a0d\u00e9cembre.<\/p>\n<p>La victime n\u2019a pas pu \u00eatre entendue \u00e0 ce stade<\/p>\n<p>Les faits se sont produits sur un lieu de trafic de drogue notoire. La victime, op\u00e9r\u00e9e en urgence, n\u2019a pas pu \u00eatre entendue \u00e0 ce stade par les enqu\u00eateurs. Son fr\u00e8re de 31 ans, qui l\u2019avait conduit vers 2\u00a0h du matin au CHU Lapeyronie, avait \u00e9t\u00e9 interpell\u00e9 et plac\u00e9 en garde \u00e0 vue.<\/p>\n<p>80\u00a0g de r\u00e9sine de cannabis dans la voiture<\/p>\n<p>Il s\u2019est av\u00e9r\u00e9 qu\u2019il se trouvait \u00e0 Montpellier en violation d\u2019une interdiction de para\u00eetre dans la ville, prononc\u00e9e dans le cadre d\u2019une condamnation. De plus, il circulait sans permis et des stup\u00e9fiants, environ 80\u00a0g de r\u00e9sine de cannabis, ont \u00e9t\u00e9 d\u00e9couverts dans sa voiture.<\/p>\n<p>Pour l\u2019ensemble de ces motifs, il a \u00e9t\u00e9 d\u00e9f\u00e9r\u00e9 au parquet et sera pr\u00e9sent\u00e9 ce vendredi 12\u00a0d\u00e9cembre en comparution imm\u00e9diate devant le tribunal correctionnel.<\/p>\n","protected":false},"excerpt":{"rendered":"On ignore encore les circonstances dans lesquelles un homme de 34 ans a \u00e9t\u00e9 bless\u00e9 par balle dans&hellip;\n","protected":false},"author":2,"featured_media":593942,"comment_status":"","ping_status":"","sticky":false,"template":"","format":"standard","meta":{"footnotes":""},"categories":[9599],"tags":[1111,11,1777,674,118,1011,27,7089,2208,12,2680,25],"class_list":{"0":"post-593941","1":"post","2":"type-post","3":"status-publish","4":"format-standard","5":"has-post-thumbnail","7":"category-montpellier","8":"tag-actu","9":"tag-actualites","10":"tag-eu","11":"tag-europe","12":"tag-faits-divers","13":"tag-fr","14":"tag-france","15":"tag-herault","16":"tag-montpellier","17":"tag-news","18":"tag-occitanie","19":"tag-republique-francaise"},"share_on_mastodon":{"url":"https:\/\/pubeurope.com\/@fr\/115703886921036385","error":""},"_links":{"self":[{"href":"https:\/\/www.europesays.com\/fr\/wp-json\/wp\/v2\/posts\/593941","targetHints":{"allow":["GET"]}}],"collection":[{"href":"https:\/\/www.europesays.com\/fr\/wp-json\/wp\/v2\/posts"}],"about":[{"href":"https:\/\/www.europesays.com\/fr\/wp-json\/wp\/v2\/types\/post"}],"author":[{"embeddable":true,"href":"https:\/\/www.europesays.com\/fr\/wp-json\/wp\/v2\/users\/2"}],"replies":[{"embeddable":true,"href":"https:\/\/www.europesays.com\/fr\/wp-json\/wp\/v2\/comments?post=593941"}],"version-history":[{"count":0,"href":"https:\/\/www.europesays.com\/fr\/wp-json\/wp\/v2\/posts\/593941\/revisions"}],"wp:featuredmedia":[{"embeddable":true,"href":"https:\/\/www.europesays.com\/fr\/wp-json\/wp\/v2\/media\/593942"}],"wp:attachment":[{"href":"https:\/\/www.europesays.com\/fr\/wp-json\/wp\/v2\/media?parent=593941"}],"wp:term":[{"taxonomy":"category","embeddable":true,"href":"https:\/\/www.europesays.com\/fr\/wp-json\/wp\/v2\/categories?post=593941"},{"taxonomy":"post_tag","embeddable":true,"href":"https:\/\/www.europesays.com\/fr\/wp-json\/wp\/v2\/tags?post=593941"}],"curies":[{"name":"wp","href":"https:\/\/api.w.org\/{rel}","templated":true}]}}