{"id":593950,"date":"2025-12-12T01:11:15","date_gmt":"2025-12-12T01:11:15","guid":{"rendered":"https:\/\/www.europesays.com\/fr\/593950\/"},"modified":"2025-12-12T01:11:15","modified_gmt":"2025-12-12T01:11:15","slug":"previsions-du-vendredi-12-decembre-2025","status":"publish","type":"post","link":"https:\/\/www.europesays.com\/fr\/593950\/","title":{"rendered":"pr\u00e9visions du vendredi 12 d\u00e9cembre 2025"},"content":{"rendered":"<p>Aujourd&rsquo;hui, des nuages feront leur apparition sur Rennes. Les temp\u00e9ratures iront de 8 \u00e0 12\u00b0C. Un vent de sud-est rafra\u00eechira quelque peu l&rsquo;atmosph\u00e8re. Un temps relativement brumeux le matin, avec l&rsquo;arriv\u00e9e de brouillard. Il fera 9\u00b0C en moyenne. Les valeurs seront comprises entre 9 et 12\u00b0C durant l&rsquo;apr\u00e8s-midi. Toujours de la grisaille le soir. Les nuages vont s&rsquo;attarder. Les maximales pourront atteindre 9\u00b0C tandis que les minimales seront de 8\u00b0C. Le passage de vendredi \u00e0 samedi se fera sous un ciel brumeux.<\/p>\n<p>\u00c0 Rennes les temp\u00e9ratures afficheront entre 7 et 12\u00b0C demain. Un l\u00e9ger vent de nord-est sera ressenti par les habitants. Le temps sera au brouillard dans la matin\u00e9e. Les valeurs seront de 7\u00b0C au plus bas et de 11\u00b0C au maximum. De petits nuages dans le ciel de demain apr\u00e8s-midi g\u00eanent l&rsquo;apparition du soleil. Les temp\u00e9ratures s&rsquo;\u00e9chelonneront entre 9 et 12\u00b0C. Le ciel va l\u00e9g\u00e8rement se d\u00e9gager dans la soir\u00e9e avec des \u00e9claircies. Les valeurs seront comprises entre 8\u00b0C et 9\u00b0C.<\/p>\n<p>Les jours qui suivent s&rsquo;annoncent identiques. Il fera 9\u00b0C en moyenne pour des journ\u00e9es avec un ciel ensoleill\u00e9.<\/p>\n<p><\/p>\n","protected":false},"excerpt":{"rendered":"Aujourd&rsquo;hui, des nuages feront leur apparition sur Rennes. Les temp\u00e9ratures iront de 8 \u00e0 12\u00b0C. Un vent de&hellip;\n","protected":false},"author":2,"featured_media":593951,"comment_status":"","ping_status":"","sticky":false,"template":"","format":"standard","meta":{"footnotes":""},"categories":[2821],"tags":[1111,11,829,1777,674,1011,27,12,2119,584,25],"class_list":{"0":"post-593950","1":"post","2":"type-post","3":"status-publish","4":"format-standard","5":"has-post-thumbnail","7":"category-rennes","8":"tag-actu","9":"tag-actualites","10":"tag-bretagne","11":"tag-eu","12":"tag-europe","13":"tag-fr","14":"tag-france","15":"tag-news","16":"tag-previsions-meteo","17":"tag-rennes","18":"tag-republique-francaise"},"share_on_mastodon":{"url":"https:\/\/pubeurope.com\/@fr\/115703938000988684","error":""},"_links":{"self":[{"href":"https:\/\/www.europesays.com\/fr\/wp-json\/wp\/v2\/posts\/593950","targetHints":{"allow":["GET"]}}],"collection":[{"href":"https:\/\/www.europesays.com\/fr\/wp-json\/wp\/v2\/posts"}],"about":[{"href":"https:\/\/www.europesays.com\/fr\/wp-json\/wp\/v2\/types\/post"}],"author":[{"embeddable":true,"href":"https:\/\/www.europesays.com\/fr\/wp-json\/wp\/v2\/users\/2"}],"replies":[{"embeddable":true,"href":"https:\/\/www.europesays.com\/fr\/wp-json\/wp\/v2\/comments?post=593950"}],"version-history":[{"count":0,"href":"https:\/\/www.europesays.com\/fr\/wp-json\/wp\/v2\/posts\/593950\/revisions"}],"wp:featuredmedia":[{"embeddable":true,"href":"https:\/\/www.europesays.com\/fr\/wp-json\/wp\/v2\/media\/593951"}],"wp:attachment":[{"href":"https:\/\/www.europesays.com\/fr\/wp-json\/wp\/v2\/media?parent=593950"}],"wp:term":[{"taxonomy":"category","embeddable":true,"href":"https:\/\/www.europesays.com\/fr\/wp-json\/wp\/v2\/categories?post=593950"},{"taxonomy":"post_tag","embeddable":true,"href":"https:\/\/www.europesays.com\/fr\/wp-json\/wp\/v2\/tags?post=593950"}],"curies":[{"name":"wp","href":"https:\/\/api.w.org\/{rel}","templated":true}]}}