{"id":593952,"date":"2025-12-12T01:13:03","date_gmt":"2025-12-12T01:13:03","guid":{"rendered":"https:\/\/www.europesays.com\/fr\/593952\/"},"modified":"2025-12-12T01:13:03","modified_gmt":"2025-12-12T01:13:03","slug":"on-a-teste-le-bar-resto-de-900-m2-du-meteor-vieux-port-a-marseille","status":"publish","type":"post","link":"https:\/\/www.europesays.com\/fr\/593952\/","title":{"rendered":"on a test\u00e9 le bar-resto de 900 m2 du \u00ab Meteor Vieux-Port \u00bb \u00e0 Marseille"},"content":{"rendered":"<p><strong>La brasserie ind\u00e9pendante alsacienne Meteor a frapp\u00e9 un \u00e9norme coup en installant son premier bar-resto hors de la r\u00e9gion, \u00e0 Marseille, dans le quartier du Vieux-Port. Un parfum de houblon, de tarte flamb\u00e9e, mais aussi de panisse et de pissaladi\u00e8re : le Meteor Vieux-Port est bien plus qu\u2019une ambassade d\u2019Alsace au pays de Pagnol. On a fait le d\u00e9placement pour vous parler de cette \u00e9norme nouveaut\u00e9 dans les moindres d\u00e9tails.<\/strong><\/p>\n<p>Depuis le d\u00e9but du mois de novembre, <strong>un parfum familier flotte aux abords du Vieux-Port de Marseille<\/strong>. \u00c7a sent l\u2019Alsace au bord de la M\u00e9diterran\u00e9e.<\/p>\n<p>Apr\u00e8s le Meteor Grand\u2019Rue, ouvert \u00e0 Strasbourg en 2019,<strong> le savoir-faire de la marque Meteor s\u2019est enfin export\u00e9 hors de nos fronti\u00e8res\u2026 <\/strong>Pour le plus grand plaisir des Marseillais(es) et de la diaspora alsacienne, <strong>que l\u2019on sait nombreuse en r\u00e9gion PACA <\/strong>(Provence-Alpes-C\u00f4te d\u2019Azur).<\/p>\n<p>                <img width=\"375\" height=\"500\" src=\"https:\/\/www.europesays.com\/fr\/wp-content\/uploads\/2025\/12\/meteor-marseille-tarte-flambee-anchoisimg-0717-2-375x500.jpeg\" class=\"attachment-gallery size-gallery\" alt=\"meteor marseille\" data-full-url=\"https:\/\/pokaa.fr\/wp-content\/uploads\/2025\/12\/11\/meteor-marseille-tarte-flambee-anchoisimg-0717-2.jpeg\" decoding=\"async\" loading=\"lazy\"  \/>            <\/p>\n<p>                <img width=\"375\" height=\"500\" src=\"https:\/\/www.europesays.com\/fr\/wp-content\/uploads\/2025\/12\/meteor-marseille-tarte-flambee-anchoisimg-0929-2-375x500.jpeg\" class=\"attachment-gallery size-gallery\" alt=\"meteor marseille\" data-full-url=\"https:\/\/pokaa.fr\/wp-content\/uploads\/2025\/12\/11\/meteor-marseille-tarte-flambee-anchoisimg-0929-2.jpeg\" decoding=\"async\" loading=\"lazy\"  \/>            <\/p>\n<p>                <img width=\"375\" height=\"500\" src=\"https:\/\/www.europesays.com\/fr\/wp-content\/uploads\/2025\/12\/meteor-marseille-tarte-flambee-anchoisimg-0762-2-375x500.jpeg\" class=\"attachment-gallery size-gallery\" alt=\"meteor marseille\" data-full-url=\"https:\/\/pokaa.fr\/wp-content\/uploads\/2025\/12\/11\/meteor-marseille-tarte-flambee-anchoisimg-0762-2.jpeg\" decoding=\"async\" loading=\"lazy\"  \/>            <\/p>\n<p>                <img width=\"375\" height=\"500\" src=\"https:\/\/www.europesays.com\/fr\/wp-content\/uploads\/2025\/12\/meteor-marseille-tarte-flambee-anchoisimg-0678-2-375x500.jpeg\" class=\"attachment-gallery size-gallery\" alt=\"meteor marseille\" data-full-url=\"https:\/\/pokaa.fr\/wp-content\/uploads\/2025\/12\/11\/meteor-marseille-tarte-flambee-anchoisimg-0678-2.jpeg\" decoding=\"async\" loading=\"lazy\"  \/>            <\/p>\n<p>                <img width=\"375\" height=\"500\" src=\"https:\/\/www.europesays.com\/fr\/wp-content\/uploads\/2025\/12\/meteor-marseille-tarte-flambee-anchoisimg-0784-2-375x500.jpeg\" class=\"attachment-gallery size-gallery\" alt=\"meteor marseille\" data-full-url=\"https:\/\/pokaa.fr\/wp-content\/uploads\/2025\/12\/11\/meteor-marseille-tarte-flambee-anchoisimg-0784-2.jpeg\" decoding=\"async\" loading=\"lazy\"  \/>            <\/p>\n<p>                    \u00a9 Bastien Pietronave \/ Pokaa<\/p>\n<p>Bienvenue dans les anciens locaux du journal La Marseillaise, <strong>au milieu de 900 m2 de surface c\u00e9l\u00e9brant le mariage heureux entre la Provence et l\u2019Alsace.<\/strong><\/p>\n<p>    <img width=\"1200\" height=\"900\" src=\"https:\/\/www.europesays.com\/fr\/wp-content\/uploads\/2025\/12\/meteor-marseille-tarte-flambee-anchoisimg-0698-2-1200x900.jpeg\" class=\"attachment-image-size-XL size-image-size-XL\" alt=\"meteor marseille\" decoding=\"async\" loading=\"lazy\"  \/>         \u00a9 Bastien Pietronave \/ Pokaa <\/p>\n<p>Une ouverture 7 jours sur 7 dans le coeur historique de Marseille<\/p>\n<p><strong>Pour montrer les muscles<\/strong>, et inaugurer son premier vaisseau-amiral hors de sa zone de confort, <strong>il fallait que Meteor frappe fort, tr\u00e8s fort.<\/strong><\/p>\n<p>Pour cela, la marque s\u2019est install\u00e9e <strong>dans le c\u0153ur historique de Marseille<\/strong>, dans le cours Honor\u00e9-d\u2019Estienne-d\u2019Orves, <strong>\u00e0 deux minutes \u00e0 pied du Vieux-Port<\/strong>, s\u2019il vous pla\u00eet.<\/p>\n<p>    <img width=\"800\" height=\"600\" src=\"https:\/\/www.europesays.com\/fr\/wp-content\/uploads\/2025\/12\/meteor-marseille-tarte-flambee-anchoisimg-0668-4-800x600.jpeg\" class=\"attachment-image-size-L size-image-size-L\" alt=\"meteor marseille\" decoding=\"async\" loading=\"lazy\"  \/>         \u00a9 Bastien Pietronave \/ Pokaa <\/p>\n<p>C\u2019est l\u00e0 que la marque alsacienne s\u2019est implant\u00e9e <strong>pour ouvrir sa nouvelle vitrine ouverte 7 jours sur 7 de 8h \u00e0 minuit<\/strong>, avec un bar-restaurant flambant neuf <strong>de 900 m2 et ses 450 places<\/strong>, avec en prime une terrasse couverte <strong>ouverte toute l\u2019ann\u00e9e.<\/strong><\/p>\n<p>\u00c0 l\u2019int\u00e9rieur, <strong>on d\u00e9couvre 5 espaces<\/strong> aux univers et ambiances diff\u00e9rents, des pi\u00e8ces o\u00f9 les badauds peuvent d\u00e8s \u00e0 pr\u00e9sent <strong>s\u2019envoyer une quinzaine de vari\u00e9t\u00e9s de bi\u00e8res<\/strong>, toutes estampill\u00e9es Meteor, \u00e9videmment.<\/p>\n<p>                <img width=\"375\" height=\"500\" src=\"https:\/\/www.europesays.com\/fr\/wp-content\/uploads\/2025\/12\/meteor-marseille-tarte-flambee-anchoisimg-0739-2-375x500.jpeg\" class=\"attachment-gallery size-gallery\" alt=\"meteor marseille\" data-full-url=\"https:\/\/pokaa.fr\/wp-content\/uploads\/2025\/12\/11\/meteor-marseille-tarte-flambee-anchoisimg-0739-2.jpeg\" decoding=\"async\" loading=\"lazy\"  \/>            <\/p>\n<p>                <img width=\"375\" height=\"500\" src=\"https:\/\/www.europesays.com\/fr\/wp-content\/uploads\/2025\/12\/meteor-marseille-tarte-flambee-anchoisimg-0787-2-375x500.jpeg\" class=\"attachment-gallery size-gallery\" alt=\"meteor marseille\" data-full-url=\"https:\/\/pokaa.fr\/wp-content\/uploads\/2025\/12\/11\/meteor-marseille-tarte-flambee-anchoisimg-0787-2.jpeg\" decoding=\"async\" loading=\"lazy\"  \/>            <\/p>\n<p>                <img width=\"375\" height=\"500\" src=\"https:\/\/www.europesays.com\/fr\/wp-content\/uploads\/2025\/12\/meteor-marseille-tarte-flambee-anchoisimg-0732-3-375x500.jpeg\" class=\"attachment-gallery size-gallery\" alt=\"meteor marseille\" data-full-url=\"https:\/\/pokaa.fr\/wp-content\/uploads\/2025\/12\/11\/meteor-marseille-tarte-flambee-anchoisimg-0732-3.jpeg\" decoding=\"async\" loading=\"lazy\"  \/>            <\/p>\n<p>                    \u00a9 Bastien Pietronave \/ Pokaa<\/p>\n<p><strong>Et si l\u2019histoire et le savoir-faire<\/strong> brassicole de la marque \u00e0 la com\u00e8te <strong>s\u2019affichent en grand sur les murs<\/strong>, on peut s\u2019accorder sur le fait que le lieu est tout simplement impressionnant.<\/p>\n<p>    <img width=\"800\" height=\"600\" src=\"https:\/\/www.europesays.com\/fr\/wp-content\/uploads\/2025\/12\/meteor-marseille-tarte-flambee-anchoisimg-0763-3-800x600.jpeg\" class=\"attachment-image-size-L size-image-size-L\" alt=\"meteor marseille\" decoding=\"async\" loading=\"lazy\"  \/>         \u00a9 Bastien Pietronave \/ Pokaa <\/p>\n<p>5 espaces diff\u00e9rents pour multiplier les plaisirs<\/p>\n<p><strong>\u00c0 l\u2019int\u00e9rieur\u00a0de ce qui semble \u00eatre le plus grand bar de Marseille centre<\/strong>, entre les \u00e9l\u00e9ments qui sont pour la plupart des marqueurs forts de l\u2019histoire de la brasserie, on d\u00e9couvre<strong> un enchev\u00eatrement de petites et grandes pi\u00e8ces.<\/strong><\/p>\n<p>\u00c0 l\u2019avant de l\u2019\u00e9tablissement, on croise un espace appel\u00e9 Le Jardin,<strong> avec une d\u00e9coration florale houblonn\u00e9e<\/strong> (encore en phase d\u2019am\u00e9nagement). Juste \u00e0 c\u00f4t\u00e9, c\u2019est Le Bar. Avec ses tables hautes et son\u00a0<strong>c\u00f4t\u00e9 industriel brut, c\u2019est l\u00e0 que sont tir\u00e9es les mousses<\/strong> (en 40 cl uniquement).<\/p>\n<p>                <img width=\"375\" height=\"500\" src=\"https:\/\/www.europesays.com\/fr\/wp-content\/uploads\/2025\/12\/meteor-marseille-tarte-flambee-anchoisimg-0782-2-375x500.jpeg\" class=\"attachment-gallery size-gallery\" alt=\"meteor marseille\" data-full-url=\"https:\/\/pokaa.fr\/wp-content\/uploads\/2025\/12\/11\/meteor-marseille-tarte-flambee-anchoisimg-0782-2.jpeg\" decoding=\"async\" loading=\"lazy\"  \/>            <\/p>\n<p>                <img width=\"375\" height=\"500\" src=\"https:\/\/www.europesays.com\/fr\/wp-content\/uploads\/2025\/12\/meteor-marseille-tarte-flambee-anchoisimg-0780-3-375x500.jpeg\" class=\"attachment-gallery size-gallery\" alt=\"meteor marseille\" data-full-url=\"https:\/\/pokaa.fr\/wp-content\/uploads\/2025\/12\/11\/meteor-marseille-tarte-flambee-anchoisimg-0780-3.jpeg\" decoding=\"async\" loading=\"lazy\"  \/>            <\/p>\n<p>                <img width=\"667\" height=\"500\" src=\"https:\/\/www.europesays.com\/fr\/wp-content\/uploads\/2025\/12\/meteor-marseille-tarte-flambee-anchoisimg-0692-3-667x500.jpeg\" class=\"attachment-gallery size-gallery\" alt=\"meteor marseille\" data-full-url=\"https:\/\/pokaa.fr\/wp-content\/uploads\/2025\/12\/11\/meteor-marseille-tarte-flambee-anchoisimg-0692-3.jpeg\" decoding=\"async\" loading=\"lazy\"  \/>            <\/p>\n<p>                <img width=\"375\" height=\"500\" src=\"https:\/\/www.europesays.com\/fr\/wp-content\/uploads\/2025\/12\/meteor-marseille-tarte-flambee-anchoisimg-0781-375x500.jpeg\" class=\"attachment-gallery size-gallery\" alt=\"meteor marseille\" data-full-url=\"https:\/\/pokaa.fr\/wp-content\/uploads\/2025\/12\/11\/meteor-marseille-tarte-flambee-anchoisimg-0781.jpeg\" decoding=\"async\" loading=\"lazy\"  \/>            <\/p>\n<p>                <img width=\"375\" height=\"500\" src=\"https:\/\/www.europesays.com\/fr\/wp-content\/uploads\/2025\/12\/meteor-marseille-tarte-flambee-anchoisimg-0691-375x500.jpeg\" class=\"attachment-gallery size-gallery\" alt=\"meteor marseille\" data-full-url=\"https:\/\/pokaa.fr\/wp-content\/uploads\/2025\/12\/11\/meteor-marseille-tarte-flambee-anchoisimg-0691.jpeg\" decoding=\"async\" loading=\"lazy\"  \/>            <\/p>\n<p>                    Le Jardin. \u00a9 Bastien Pietronave \/ Pokaa<\/p>\n<p>Plus loin, avec ses tables carrel\u00e9es et ses fresques murales p\u00e9tillantes, c\u2019est Le Labo, un espace avec une identit\u00e9 visuelle forte <strong>imagin\u00e9e autour des saveurs et parfums des diff\u00e9rentes bi\u00e8res propos\u00e9es. <\/strong><\/p>\n<p>                <img width=\"667\" height=\"500\" src=\"https:\/\/www.europesays.com\/fr\/wp-content\/uploads\/2025\/12\/meteor-marseille-tarte-flambee-anchoisimg-0765-2-667x500.jpeg\" class=\"attachment-gallery size-gallery\" alt=\"meteor marseille\" data-full-url=\"https:\/\/pokaa.fr\/wp-content\/uploads\/2025\/12\/11\/meteor-marseille-tarte-flambee-anchoisimg-0765-2.jpeg\" decoding=\"async\" loading=\"lazy\"  \/>            <\/p>\n<p>                <img width=\"375\" height=\"500\" src=\"https:\/\/www.europesays.com\/fr\/wp-content\/uploads\/2025\/12\/meteor-marseille-tarte-flambee-anchoisimg-0773-2-375x500.jpeg\" class=\"attachment-gallery size-gallery\" alt=\"meteor marseille\" data-full-url=\"https:\/\/pokaa.fr\/wp-content\/uploads\/2025\/12\/11\/meteor-marseille-tarte-flambee-anchoisimg-0773-2.jpeg\" decoding=\"async\" loading=\"lazy\"  \/>            <\/p>\n<p>                <img width=\"375\" height=\"500\" src=\"https:\/\/www.europesays.com\/fr\/wp-content\/uploads\/2025\/12\/meteor-marseille-tarte-flambee-anchoisimg-0755-2-375x500.jpeg\" class=\"attachment-gallery size-gallery\" alt=\"meteor marseille\" data-full-url=\"https:\/\/pokaa.fr\/wp-content\/uploads\/2025\/12\/11\/meteor-marseille-tarte-flambee-anchoisimg-0755-2.jpeg\" decoding=\"async\" loading=\"lazy\"  \/>            <\/p>\n<p>                <img width=\"667\" height=\"500\" src=\"https:\/\/www.europesays.com\/fr\/wp-content\/uploads\/2025\/12\/meteor-marseille-tarte-flambee-anchoisimg-0763-3-667x500.jpeg\" class=\"attachment-gallery size-gallery\" alt=\"meteor marseille\" data-full-url=\"https:\/\/pokaa.fr\/wp-content\/uploads\/2025\/12\/11\/meteor-marseille-tarte-flambee-anchoisimg-0763-3.jpeg\" decoding=\"async\" loading=\"lazy\"  \/>            <\/p>\n<p>                <img width=\"667\" height=\"500\" src=\"https:\/\/www.europesays.com\/fr\/wp-content\/uploads\/2025\/12\/meteor-marseille-tarte-flambee-anchoisimg-0759-2-667x500.jpeg\" class=\"attachment-gallery size-gallery\" alt=\"meteor marseille\" data-full-url=\"https:\/\/pokaa.fr\/wp-content\/uploads\/2025\/12\/11\/meteor-marseille-tarte-flambee-anchoisimg-0759-2.jpeg\" decoding=\"async\" loading=\"lazy\"  \/>            <\/p>\n<p>                    Le Labo. \u00a9 Bastien Pietronave \/ Pokaa<\/p>\n<p>Au fond du resto, on s\u2019installe dans L\u2019Atelier, un grand espace aux lumi\u00e8res changeantes. On retrouve l\u00e0 aussi <strong>un c\u00f4t\u00e9 industriel brut <\/strong>et une atmosph\u00e8re toute particuli\u00e8re apport\u00e9e notamment par<strong> un immense n\u00e9on \u00ab Meteor \u00bb rouge<\/strong> <strong>de plusieurs m\u00e8tres<\/strong> qui accroche le regard.<\/p>\n<p>                <img width=\"375\" height=\"500\" src=\"https:\/\/www.europesays.com\/fr\/wp-content\/uploads\/2025\/12\/meteor-marseille-tarte-flambee-anchoisimg-0696-2-375x500.jpeg\" class=\"attachment-gallery size-gallery\" alt=\"meteor marseille\" data-full-url=\"https:\/\/pokaa.fr\/wp-content\/uploads\/2025\/12\/11\/meteor-marseille-tarte-flambee-anchoisimg-0696-2.jpeg\" decoding=\"async\" loading=\"lazy\"  \/>            <\/p>\n<p>                <img width=\"375\" height=\"500\" src=\"https:\/\/www.europesays.com\/fr\/wp-content\/uploads\/2025\/12\/meteor-marseille-tarte-flambee-anchoisimg-0702-3-375x500.jpeg\" class=\"attachment-gallery size-gallery\" alt=\"meteor marseille\" data-full-url=\"https:\/\/pokaa.fr\/wp-content\/uploads\/2025\/12\/11\/meteor-marseille-tarte-flambee-anchoisimg-0702-3.jpeg\" decoding=\"async\" loading=\"lazy\"  \/>            <\/p>\n<p>                <img width=\"721\" height=\"500\" src=\"https:\/\/www.europesays.com\/fr\/wp-content\/uploads\/2025\/12\/meteor-marseille-tarte-flambee-anchoisimg-0705-4-721x500.jpeg\" class=\"attachment-gallery size-gallery\" alt=\"meteor marseille\" data-full-url=\"https:\/\/pokaa.fr\/wp-content\/uploads\/2025\/12\/11\/meteor-marseille-tarte-flambee-anchoisimg-0705-4.jpeg\" decoding=\"async\" loading=\"lazy\"  \/>            <\/p>\n<p>                <img width=\"667\" height=\"500\" src=\"https:\/\/www.europesays.com\/fr\/wp-content\/uploads\/2025\/12\/meteor-marseille-tarte-flambee-anchoisimg-0703-2-667x500.jpeg\" class=\"attachment-gallery size-gallery\" alt=\"meteor marseille\" data-full-url=\"https:\/\/pokaa.fr\/wp-content\/uploads\/2025\/12\/11\/meteor-marseille-tarte-flambee-anchoisimg-0703-2.jpeg\" decoding=\"async\" loading=\"lazy\"  \/>            <\/p>\n<p>                <img width=\"667\" height=\"500\" src=\"https:\/\/www.europesays.com\/fr\/wp-content\/uploads\/2025\/12\/meteor-marseille-tarte-flambee-anchoisimg-0913-2-667x500.jpeg\" class=\"attachment-gallery size-gallery\" alt=\"meteor marseille\" data-full-url=\"https:\/\/pokaa.fr\/wp-content\/uploads\/2025\/12\/11\/meteor-marseille-tarte-flambee-anchoisimg-0913-2.jpeg\" decoding=\"async\" loading=\"lazy\"  \/>            <\/p>\n<p>                    L&rsquo;Atelier. \u00a9 Bastien Pietronave \/ Pokaa<\/p>\n<p>Enfin, non loin des cuisines,<strong> place \u00e0 un espace plus ensoleill\u00e9 aux couleurs de la cit\u00e9 phoc\u00e9enne appel\u00e9 La Guinguette. <\/strong>On y retrouve<strong> des tables r\u00e9alis\u00e9es \u00e0 partir de tonneaux recycl\u00e9s, <\/strong>et une impressionnante\u00a0fresque <strong>qui met en sc\u00e8ne une partie de l\u2019histoire de la famille Haag<\/strong>, propri\u00e9taire historique de la brasserie Meteor.<\/p>\n<p>                <img width=\"667\" height=\"500\" src=\"https:\/\/www.europesays.com\/fr\/wp-content\/uploads\/2025\/12\/meteor-marseille-tarte-flambee-anchoisimg-0868-2-667x500.jpeg\" class=\"attachment-gallery size-gallery\" alt=\"meteor marseille\" data-full-url=\"https:\/\/pokaa.fr\/wp-content\/uploads\/2025\/12\/11\/meteor-marseille-tarte-flambee-anchoisimg-0868-2.jpeg\" decoding=\"async\" loading=\"lazy\"  \/>            <\/p>\n<p>                <img width=\"375\" height=\"500\" src=\"https:\/\/www.europesays.com\/fr\/wp-content\/uploads\/2025\/12\/meteor-marseille-tarte-flambee-anchoisimg-0743-3-375x500.jpeg\" class=\"attachment-gallery size-gallery\" alt=\"meteor marseille\" data-full-url=\"https:\/\/pokaa.fr\/wp-content\/uploads\/2025\/12\/11\/meteor-marseille-tarte-flambee-anchoisimg-0743-3.jpeg\" decoding=\"async\" loading=\"lazy\"  \/>            <\/p>\n<p>                <img width=\"375\" height=\"500\" src=\"https:\/\/www.europesays.com\/fr\/wp-content\/uploads\/2025\/12\/meteor-marseille-tarte-flambee-anchoisimg-0717-2-375x500.jpeg\" class=\"attachment-gallery size-gallery\" alt=\"meteor marseille\" data-full-url=\"https:\/\/pokaa.fr\/wp-content\/uploads\/2025\/12\/11\/meteor-marseille-tarte-flambee-anchoisimg-0717-2.jpeg\" decoding=\"async\" loading=\"lazy\"  \/>            <\/p>\n<p>                <img width=\"375\" height=\"500\" src=\"https:\/\/www.europesays.com\/fr\/wp-content\/uploads\/2025\/12\/meteor-marseille-tarte-flambee-anchoisimg-0738-2-375x500.jpeg\" class=\"attachment-gallery size-gallery\" alt=\"meteor marseille\" data-full-url=\"https:\/\/pokaa.fr\/wp-content\/uploads\/2025\/12\/11\/meteor-marseille-tarte-flambee-anchoisimg-0738-2.jpeg\" decoding=\"async\" loading=\"lazy\"  \/>            <\/p>\n<p>                <img width=\"667\" height=\"500\" src=\"https:\/\/www.europesays.com\/fr\/wp-content\/uploads\/2025\/12\/meteor-marseille-tarte-flambee-anchoisimg-0737-2-667x500.jpeg\" class=\"attachment-gallery size-gallery\" alt=\"meteor marseille\" data-full-url=\"https:\/\/pokaa.fr\/wp-content\/uploads\/2025\/12\/11\/meteor-marseille-tarte-flambee-anchoisimg-0737-2.jpeg\" decoding=\"async\" loading=\"lazy\"  \/>            <\/p>\n<p>                    \u00a9 Bastien Pietronave \/ Pokaa<\/p>\n<p><strong>Apr\u00e8s le Meteor Strasbourg<\/strong>, ouvert il y a d\u00e9j\u00e0 6 ans, la marque signe l\u00e0 un \u00e9tablissement d\u2019envergure <strong>qui semble \u00eatre \u00e0 la hauteur de ses ambitions. <\/strong>Mais le Meteor Vieux-Port est<strong> bien plus qu\u2019une grande maison de la bi\u00e8re, place \u00e0 la cuisine !<\/strong><\/p>\n<p>    <img width=\"800\" height=\"600\" src=\"https:\/\/www.europesays.com\/fr\/wp-content\/uploads\/2025\/12\/meteor-marseille-tarte-flambee-anchoisimg-0934-2-800x600.jpeg\" class=\"attachment-image-size-L size-image-size-L\" alt=\"meteor marseille\" decoding=\"async\" loading=\"lazy\"  \/>         \u00a9 Bastien Pietronave \/ Pokaa <\/p>\n<p>Marier l\u2019Alsace et la M\u00e9diterran\u00e9e dans les assiettes, un pari r\u00e9ussi ? <\/p>\n<p>D\u00e9sormais, on le sait, <strong>Meteor s\u2019y conna\u00eet en bi\u00e8re<\/strong>, mais aussi en restauration, et<strong> le succ\u00e8s de la maison strasbourgeoise l\u2019a prouv\u00e9 au fil des ans. <\/strong>C\u00f4t\u00e9 cuisine, au Meteor Vieux-Port,<strong> on trouve 4 univers culinaires diff\u00e9rents. <\/strong><\/p>\n<p>Le premier, c\u2019est<strong> la tarte flamb\u00e9e. <\/strong>Pour r\u00e9pondre \u00e0 la demande, un p\u00f4le entier est d\u00e9di\u00e9 \u00e0 cette sp\u00e9cialit\u00e9 : un espace o\u00f9 les tarteurs\/ses<strong> balancent de la TF toute la journ\u00e9e dans un four flambant neuf<\/strong>. <strong>Les tartes flamb\u00e9es sont d\u2019ailleurs les m\u00eames qu\u2019au Meteor Strasbourg<\/strong>, et les fournisseurs\/ses sont identiques (dont la boucherie Kirn). Comme \u00e7a, vous savez tout.<\/p>\n<p>                <img width=\"375\" height=\"500\" src=\"https:\/\/www.europesays.com\/fr\/wp-content\/uploads\/2025\/12\/meteor-marseille-tarte-flambee-anchoisimg-0890-2-375x500.jpeg\" class=\"attachment-gallery size-gallery\" alt=\"meteor marseille\" data-full-url=\"https:\/\/pokaa.fr\/wp-content\/uploads\/2025\/12\/11\/meteor-marseille-tarte-flambee-anchoisimg-0890-2.jpeg\" decoding=\"async\" loading=\"lazy\"  \/>            <\/p>\n<p>                <img width=\"375\" height=\"500\" src=\"https:\/\/www.europesays.com\/fr\/wp-content\/uploads\/2025\/12\/meteor-marseille-tarte-flambee-anchoisimg-0720-2-375x500.jpeg\" class=\"attachment-gallery size-gallery\" alt=\"meteor marseille\" data-full-url=\"https:\/\/pokaa.fr\/wp-content\/uploads\/2025\/12\/11\/meteor-marseille-tarte-flambee-anchoisimg-0720-2.jpeg\" decoding=\"async\" loading=\"lazy\"  \/>            <\/p>\n<p>                <img width=\"375\" height=\"500\" src=\"https:\/\/www.europesays.com\/fr\/wp-content\/uploads\/2025\/12\/meteor-marseille-tarte-flambee-anchoisimg-0885-2-375x500.jpeg\" class=\"attachment-gallery size-gallery\" alt=\"meteor marseille\" data-full-url=\"https:\/\/pokaa.fr\/wp-content\/uploads\/2025\/12\/11\/meteor-marseille-tarte-flambee-anchoisimg-0885-2.jpeg\" decoding=\"async\" loading=\"lazy\"  \/>            <\/p>\n<p>                <img width=\"375\" height=\"500\" src=\"https:\/\/www.europesays.com\/fr\/wp-content\/uploads\/2025\/12\/meteor-marseille-tarte-flambee-anchoisimg-0981-3-375x500.jpeg\" class=\"attachment-gallery size-gallery\" alt=\"meteor marseille tarte flamb\u00e9e anchoisIMG_0981 3\" data-full-url=\"https:\/\/pokaa.fr\/wp-content\/uploads\/2025\/12\/11\/meteor-marseille-tarte-flambee-anchoisimg-0981-3.jpeg\" decoding=\"async\" loading=\"lazy\"  \/>            <\/p>\n<p>                <img width=\"375\" height=\"500\" src=\"https:\/\/www.europesays.com\/fr\/wp-content\/uploads\/2025\/12\/meteor-marseille-tarte-flambee-anchoisimg-0891-3-375x500.jpeg\" class=\"attachment-gallery size-gallery\" alt=\"meteor marseille\" data-full-url=\"https:\/\/pokaa.fr\/wp-content\/uploads\/2025\/12\/11\/meteor-marseille-tarte-flambee-anchoisimg-0891-3.jpeg\" decoding=\"async\" loading=\"lazy\"  \/>            <\/p>\n<p>                    \u00a9 Bastien Pietronave \/ Pokaa<\/p>\n<p>Ensuite,<strong> toujours dans la tradition alsacienne pure<\/strong>, c\u2019est choucroute, waedele (jarret), ou spaetziflette pour tout le monde, mais aussi <strong>galette de pommes de terre au biebelesk\u00e4se<\/strong>\u00a0et salade strasbourgeoise.<\/p>\n<p>C\u00f4t\u00e9 sud, <strong>on croise la route de la marmite du p\u00eacheur<\/strong>, un plat aux poissons baign\u00e9 dans une soupe de roche, <strong>une daube de b\u0153uf \u00e0 la proven\u00e7ale <\/strong>ou encore un feuillet\u00e9 d\u2019automne.<\/p>\n<p>Bien s\u00fbr, vous l\u2019avez compris, <strong>ce n\u2019est pas en hiver que les terroirs de Marseille et de sa r\u00e9gion s\u2019expriment le mieux. <\/strong>Une carte printani\u00e8re, plus color\u00e9e et plus parfum\u00e9e, <strong>fera son apparition d\u00e8s les premiers rayons de soleil<\/strong> (qui arrivent deux mois plus t\u00f4t qu\u2019en Alsace, on va pas se mytho).<\/p>\n<p>                <img width=\"375\" height=\"500\" src=\"https:\/\/www.europesays.com\/fr\/wp-content\/uploads\/2025\/12\/meteor-marseille-tarte-flambee-anchoisimg-0956-2-375x500.jpeg\" class=\"attachment-gallery size-gallery\" alt=\"meteor marseille\" data-full-url=\"https:\/\/pokaa.fr\/wp-content\/uploads\/2025\/12\/11\/meteor-marseille-tarte-flambee-anchoisimg-0956-2.jpeg\" decoding=\"async\" loading=\"lazy\"  \/>            <\/p>\n<p>                <img width=\"375\" height=\"500\" src=\"https:\/\/www.europesays.com\/fr\/wp-content\/uploads\/2025\/12\/meteor-marseille-tarte-flambee-anchoisimg-0919-2-375x500.jpeg\" class=\"attachment-gallery size-gallery\" alt=\"meteor marseille\" data-full-url=\"https:\/\/pokaa.fr\/wp-content\/uploads\/2025\/12\/11\/meteor-marseille-tarte-flambee-anchoisimg-0919-2.jpeg\" decoding=\"async\" loading=\"lazy\"  \/>            <\/p>\n<p>                <img width=\"375\" height=\"500\" src=\"https:\/\/www.europesays.com\/fr\/wp-content\/uploads\/2025\/12\/meteor-marseille-tarte-flambee-anchoisimg-0945-2-375x500.jpeg\" class=\"attachment-gallery size-gallery\" alt=\"meteor marseille\" data-full-url=\"https:\/\/pokaa.fr\/wp-content\/uploads\/2025\/12\/11\/meteor-marseille-tarte-flambee-anchoisimg-0945-2.jpeg\" decoding=\"async\" loading=\"lazy\"  \/>            <\/p>\n<p>                <img width=\"375\" height=\"500\" src=\"https:\/\/www.europesays.com\/fr\/wp-content\/uploads\/2025\/12\/meteor-marseille-tarte-flambee-anchoisimg-0936-3-375x500.jpeg\" class=\"attachment-gallery size-gallery\" alt=\"meteor marseille\" data-full-url=\"https:\/\/pokaa.fr\/wp-content\/uploads\/2025\/12\/11\/meteor-marseille-tarte-flambee-anchoisimg-0936-3.jpeg\" decoding=\"async\" loading=\"lazy\"  \/>            <\/p>\n<p>                <img width=\"375\" height=\"500\" src=\"https:\/\/www.europesays.com\/fr\/wp-content\/uploads\/2025\/12\/meteor-marseille-tarte-flambee-anchoisimg-0939-2-375x500.jpeg\" class=\"attachment-gallery size-gallery\" alt=\"meteor marseille\" data-full-url=\"https:\/\/pokaa.fr\/wp-content\/uploads\/2025\/12\/11\/meteor-marseille-tarte-flambee-anchoisimg-0939-2.jpeg\" decoding=\"async\" loading=\"lazy\"  \/>            <\/p>\n<p>                    \u00a9 Bastien Pietronave \/ Pokaa<\/p>\n<p>Vous pensiez que c\u00f4t\u00e9 cuisine, <strong>chaque r\u00e9gion allait rester sagement dans son coin<\/strong> ? C\u2019est non ! En effet, <strong>pour pimenter un peu la relation<\/strong>, des plats qui marient l\u2019Alsace et le sud de la France sont \u00e0 la carte, et <strong>ils n\u2019en finissent pas de faire jaser les deux \u00ab\u00a0camps\u00a0\u00bb.<\/strong><\/p>\n<p>Au menu, et c\u2019est le catalyseur de pas mal de curiosit\u00e9, <strong>on trouve notamment la tarte flamb\u00e9e \u00ab M\u00e9diterran\u00e9enne \u00bb<\/strong>. Une base cr\u00e8me, <strong>des anchois<\/strong>, des oignons confits et des olives, <strong>voil\u00e0 de quoi enflammer le c\u0153ur des Alsacien(ne)s<\/strong>. De notre c\u00f4t\u00e9, avec ses faux airs de pissaladi\u00e8re,<strong> on a trouv\u00e9 \u00e7a plut\u00f4t pas mal<\/strong>, m\u00eame si le mariage cr\u00e8me + anchois est plut\u00f4t d\u00e9routant.<\/p>\n<p>Toujours dans cette volont\u00e9 de mariage des cultures et des saveurs, <strong>vous prendrez bien un peu de falafels au biebelesk\u00e4se ou de choucroute de la mer ?<\/strong><\/p>\n<p>                <img width=\"375\" height=\"500\" src=\"https:\/\/www.europesays.com\/fr\/wp-content\/uploads\/2025\/12\/meteor-marseille-tarte-flambee-anchoisimg-0924-2-375x500.jpeg\" class=\"attachment-gallery size-gallery\" alt=\"meteor marseille\" data-full-url=\"https:\/\/pokaa.fr\/wp-content\/uploads\/2025\/12\/11\/meteor-marseille-tarte-flambee-anchoisimg-0924-2.jpeg\" decoding=\"async\" loading=\"lazy\"  \/>            <\/p>\n<p>                <img width=\"375\" height=\"500\" src=\"https:\/\/www.europesays.com\/fr\/wp-content\/uploads\/2025\/12\/meteor-marseille-tarte-flambee-anchoisimg-0901-3-375x500.jpeg\" class=\"attachment-gallery size-gallery\" alt=\"meteor marseille\" data-full-url=\"https:\/\/pokaa.fr\/wp-content\/uploads\/2025\/12\/11\/meteor-marseille-tarte-flambee-anchoisimg-0901-3.jpeg\" decoding=\"async\" loading=\"lazy\"  \/>            <\/p>\n<p>                <img width=\"375\" height=\"500\" src=\"https:\/\/www.europesays.com\/fr\/wp-content\/uploads\/2025\/12\/meteor-marseille-tarte-flambee-anchoisimg-0905-2-375x500.jpeg\" class=\"attachment-gallery size-gallery\" alt=\"meteor marseille\" data-full-url=\"https:\/\/pokaa.fr\/wp-content\/uploads\/2025\/12\/11\/meteor-marseille-tarte-flambee-anchoisimg-0905-2.jpeg\" decoding=\"async\" loading=\"lazy\"  \/>            <\/p>\n<p>                <img width=\"375\" height=\"500\" src=\"https:\/\/www.europesays.com\/fr\/wp-content\/uploads\/2025\/12\/meteor-marseille-tarte-flambee-anchoisimg-0994-2-375x500.jpeg\" class=\"attachment-gallery size-gallery\" alt=\"meteor marseille\" data-full-url=\"https:\/\/pokaa.fr\/wp-content\/uploads\/2025\/12\/11\/meteor-marseille-tarte-flambee-anchoisimg-0994-2.jpeg\" decoding=\"async\" loading=\"lazy\"  \/>            <\/p>\n<p>                <img width=\"375\" height=\"500\" src=\"https:\/\/www.europesays.com\/fr\/wp-content\/uploads\/2025\/12\/meteor-marseille-tarte-flambee-anchoisimg-0941-2-375x500.jpeg\" class=\"attachment-gallery size-gallery\" alt=\"meteor marseille\" data-full-url=\"https:\/\/pokaa.fr\/wp-content\/uploads\/2025\/12\/11\/meteor-marseille-tarte-flambee-anchoisimg-0941-2.jpeg\" decoding=\"async\" loading=\"lazy\"  \/>            <\/p>\n<p>                    \u00a9 Bastien Pietronave \/ Pokaa<\/p>\n<p><strong>Un peu de sud, beaucoup d\u2019Alsace<\/strong>, des mariages pour l\u2019instant un peu timides entre le Grand Est et la r\u00e9gion PACA (mais \u00e7a va \u00e9voluer), <strong>on trouve un peu plus que ce que l\u2019on est venu chercher au Meteor Marseille.<\/strong><\/p>\n<p>C\u00f4t\u00e9 look, rien \u00e0 dire<strong>, la barre a \u00e9t\u00e9 mise tr\u00e8s haute. Les marqueurs forts de l\u2019identit\u00e9 de la marque sont l\u00e0,<\/strong> l\u2019Alsace est repr\u00e9sent\u00e9e, et les codes de la brasserie au logo rouge<strong> se fondent parfaitement dans des univers visuels plus m\u00e9diterran\u00e9ens. <\/strong><b>En cuisine, <\/b>les chef(fe)s semblent vouloir montrer de quoi ils et elles sont capables, <strong>et \u00e7a se ressent vraiment dans l\u2019assiette<\/strong>.<\/p>\n<p>Finalement, que l\u2019on soit nostalgique de l\u2019Alsace, Marseillais(e) ou juste simplement curieux\/se, <strong>Meteor Vieux-Port, dans tout son gigantisme et sa convivialit\u00e9, a des arguments pour convaincre tous les palais.\u00a0<\/strong><\/p>\n<p>Et vous, <strong>qu\u2019en pensez-vous ?\u00a0<\/strong><\/p>\n<p>Les petits et gros + <\/p>\n<ul>\n<li><strong>Que l\u2019on aime ou pas, ce nouveau lieu a de la gueule, c\u2019est une ouverture impressionnante dans le c\u0153ur de Marseille.<\/strong><\/li>\n<li>C\u2019est l\u2019un des bars-restos \u00e0 l\u2019amplitude horaire la plus large (de 8h \u00e0 minuit 7 jours sur 7).<\/li>\n<li><strong>La cuisine est ouverte en continu de 8h jusqu\u2019\u00e0 22h30 tous les soirs (minuit pour les TF).<\/strong><\/li>\n<li>Tous les espaces sont privatisables.<\/li>\n<li><strong>Des suggestions et plats du jour (entr\u00e9e + plat + dessert) \u00e0 19\u20ac sont propos\u00e9s, et c\u2019est aussi \u00e0 travers ces propositions que la cuisine va s\u2019exprimer toute la semaine !<\/strong><\/li>\n<li>Les desserts \u00e9taient tr\u00e8s r\u00e9ussis.<\/li>\n<li><strong>Les plats que l\u2019on a go\u00fbt\u00e9s \u00e9taient de qualit\u00e9, on sent que les chef(fe)s ont des choses \u00e0 monter.<\/strong><\/li>\n<li><strong>La TF aux anchois ? On pr\u00e9f\u00e8re les classiques mais pourquoi pas.<\/strong><\/li>\n<li>La terrasse et ses 250 places est juste impressionnante, et ouverte toute l\u2019ann\u00e9e.<\/li>\n<li><strong>Les principaux matchs de foot (Racing et OM bien s\u00fbr) sont diffus\u00e9s sur grands \u00e9crans.<\/strong><\/li>\n<\/ul>\n<p>            Meteor Marseille Vieux-Port<\/p>\n<p>            Quoi ?<br \/>\n            Bar \/ restaurant         <\/p>\n<p>            o\u00f9 ?<br \/>\n            19 cours Honor\u00e9-d\u2019Estienne-d\u2019Orves, \u00e0 Marseille        <\/p>\n<p>                Plus d&rsquo;infos ?<\/p>\n<p><strong><a href=\"https:\/\/lemeteor-marseille.fr\" target=\"_blank\" rel=\"noopener\">Le site web de Meteor Marseille<\/a><\/strong><\/p>\n<p><strong><a href=\"https:\/\/www.instagram.com\/lemeteor_marseille\/\" target=\"_blank\" rel=\"noopener\">La page Instagram<\/a><\/strong><\/p>\n<p><strong><a href=\"https:\/\/www.facebook.com\/LeMeteorMarseille\/\" target=\"_blank\" rel=\"noopener\">La page Facebook<\/a><\/strong><\/p>\n<p>                <img width=\"667\" height=\"500\" src=\"https:\/\/www.europesays.com\/fr\/wp-content\/uploads\/2025\/12\/meteor-marseille-tarte-flambee-anchoisimg-0957-2-667x500.jpeg\" class=\"attachment-gallery size-gallery\" alt=\"meteor marseille\" data-full-url=\"https:\/\/pokaa.fr\/wp-content\/uploads\/2025\/12\/11\/meteor-marseille-tarte-flambee-anchoisimg-0957-2.jpeg\" decoding=\"async\" loading=\"lazy\"  \/>            <\/p>\n<p>                <img width=\"667\" height=\"500\" src=\"https:\/\/www.europesays.com\/fr\/wp-content\/uploads\/2025\/12\/meteor-marseille-tarte-flambee-anchoisimg-0977-2-667x500.jpeg\" class=\"attachment-gallery size-gallery\" alt=\"meteor marseille\" data-full-url=\"https:\/\/pokaa.fr\/wp-content\/uploads\/2025\/12\/11\/meteor-marseille-tarte-flambee-anchoisimg-0977-2.jpeg\" decoding=\"async\" loading=\"lazy\"  \/>            <\/p>\n<p>                <img width=\"375\" height=\"500\" src=\"https:\/\/www.europesays.com\/fr\/wp-content\/uploads\/2025\/12\/meteor-marseille-tarte-flambee-anchoisimg-0931-2-375x500.jpeg\" class=\"attachment-gallery size-gallery\" alt=\"meteor marseille choucroute\" data-full-url=\"https:\/\/pokaa.fr\/wp-content\/uploads\/2025\/12\/11\/meteor-marseille-tarte-flambee-anchoisimg-0931-2.jpeg\" decoding=\"async\" loading=\"lazy\"  \/>            <\/p>\n<p>                <img width=\"375\" height=\"500\" src=\"https:\/\/www.europesays.com\/fr\/wp-content\/uploads\/2025\/12\/meteor-marseille-tarte-flambee-anchoisimg-0893-2-375x500.jpeg\" class=\"attachment-gallery size-gallery\" alt=\"meteor marseille\" data-full-url=\"https:\/\/pokaa.fr\/wp-content\/uploads\/2025\/12\/11\/meteor-marseille-tarte-flambee-anchoisimg-0893-2.jpeg\" decoding=\"async\" loading=\"lazy\"  \/>            <\/p>\n<p>                <img width=\"667\" height=\"500\" src=\"https:\/\/www.europesays.com\/fr\/wp-content\/uploads\/2025\/12\/meteor-marseille-tarte-flambee-anchoisimg-0863-2-667x500.jpeg\" class=\"attachment-gallery size-gallery\" alt=\"meteor marseille\" data-full-url=\"https:\/\/pokaa.fr\/wp-content\/uploads\/2025\/12\/11\/meteor-marseille-tarte-flambee-anchoisimg-0863-2.jpeg\" decoding=\"async\" loading=\"lazy\"  \/>            <\/p>\n<p>                <img width=\"375\" height=\"500\" src=\"https:\/\/www.europesays.com\/fr\/wp-content\/uploads\/2025\/12\/meteor-marseille-tarte-flambee-anchoisimg-0792-3-375x500.jpeg\" class=\"attachment-gallery size-gallery\" alt=\"meteor marseille\" data-full-url=\"https:\/\/pokaa.fr\/wp-content\/uploads\/2025\/12\/11\/meteor-marseille-tarte-flambee-anchoisimg-0792-3.jpeg\" decoding=\"async\" loading=\"lazy\"  \/>            <\/p>\n<p>                <img width=\"375\" height=\"500\" src=\"https:\/\/www.europesays.com\/fr\/wp-content\/uploads\/2025\/12\/meteor-marseille-tarte-flambee-anchoisimg-0870-2-375x500.jpeg\" class=\"attachment-gallery size-gallery\" alt=\"meteor marseille\" data-full-url=\"https:\/\/pokaa.fr\/wp-content\/uploads\/2025\/12\/11\/meteor-marseille-tarte-flambee-anchoisimg-0870-2.jpeg\" decoding=\"async\" loading=\"lazy\"  \/>            <\/p>\n<p>                <img width=\"375\" height=\"500\" src=\"https:\/\/www.europesays.com\/fr\/wp-content\/uploads\/2025\/12\/meteor-marseille-tarte-flambee-anchoisimg-0882-2-375x500.jpeg\" class=\"attachment-gallery size-gallery\" alt=\"meteor marseille\" data-full-url=\"https:\/\/pokaa.fr\/wp-content\/uploads\/2025\/12\/11\/meteor-marseille-tarte-flambee-anchoisimg-0882-2.jpeg\" decoding=\"async\" loading=\"lazy\"  \/>            <\/p>\n<p>                <img width=\"375\" height=\"500\" src=\"https:\/\/www.europesays.com\/fr\/wp-content\/uploads\/2025\/12\/meteor-marseille-tarte-flambee-anchoisimg-0669-3-375x500.jpeg\" class=\"attachment-gallery size-gallery\" alt=\"meteor marseille\" data-full-url=\"https:\/\/pokaa.fr\/wp-content\/uploads\/2025\/12\/11\/meteor-marseille-tarte-flambee-anchoisimg-0669-3.jpeg\" decoding=\"async\" loading=\"lazy\"  \/>            <\/p>\n<p>                    \u00a9 Bastien Pietronave \/ Pokaa<\/p>\n<p><script async src=\"\/\/www.instagram.com\/embed.js\"><\/script><\/p>\n","protected":false},"excerpt":{"rendered":"La brasserie ind\u00e9pendante alsacienne Meteor a frapp\u00e9 un \u00e9norme coup en installant son premier bar-resto hors de la&hellip;\n","protected":false},"author":2,"featured_media":593953,"comment_status":"","ping_status":"","sticky":false,"template":"","format":"standard","meta":{"footnotes":""},"categories":[2820],"tags":[1111,11,2389,7722,1777,674,3727,1011,27,775,884,12139,70669,12,70670,65895,25,640],"class_list":{"0":"post-593952","1":"post","2":"type-post","3":"status-publish","4":"format-standard","5":"has-post-thumbnail","7":"category-strasbourg","8":"tag-actu","9":"tag-actualites","10":"tag-alsace","11":"tag-biere","12":"tag-eu","13":"tag-europe","14":"tag-evasion","15":"tag-fr","16":"tag-france","17":"tag-grand-est","18":"tag-marseille","19":"tag-meteor","20":"tag-meteor-vieux-port","21":"tag-news","22":"tag-ou-boire","23":"tag-ou-manger","24":"tag-republique-francaise","25":"tag-strasbourg"},"share_on_mastodon":{"url":"https:\/\/pubeurope.com\/@fr\/115703957401485011","error":""},"_links":{"self":[{"href":"https:\/\/www.europesays.com\/fr\/wp-json\/wp\/v2\/posts\/593952","targetHints":{"allow":["GET"]}}],"collection":[{"href":"https:\/\/www.europesays.com\/fr\/wp-json\/wp\/v2\/posts"}],"about":[{"href":"https:\/\/www.europesays.com\/fr\/wp-json\/wp\/v2\/types\/post"}],"author":[{"embeddable":true,"href":"https:\/\/www.europesays.com\/fr\/wp-json\/wp\/v2\/users\/2"}],"replies":[{"embeddable":true,"href":"https:\/\/www.europesays.com\/fr\/wp-json\/wp\/v2\/comments?post=593952"}],"version-history":[{"count":0,"href":"https:\/\/www.europesays.com\/fr\/wp-json\/wp\/v2\/posts\/593952\/revisions"}],"wp:featuredmedia":[{"embeddable":true,"href":"https:\/\/www.europesays.com\/fr\/wp-json\/wp\/v2\/media\/593953"}],"wp:attachment":[{"href":"https:\/\/www.europesays.com\/fr\/wp-json\/wp\/v2\/media?parent=593952"}],"wp:term":[{"taxonomy":"category","embeddable":true,"href":"https:\/\/www.europesays.com\/fr\/wp-json\/wp\/v2\/categories?post=593952"},{"taxonomy":"post_tag","embeddable":true,"href":"https:\/\/www.europesays.com\/fr\/wp-json\/wp\/v2\/tags?post=593952"}],"curies":[{"name":"wp","href":"https:\/\/api.w.org\/{rel}","templated":true}]}}