{"id":593956,"date":"2025-12-12T01:15:37","date_gmt":"2025-12-12T01:15:37","guid":{"rendered":"https:\/\/www.europesays.com\/fr\/593956\/"},"modified":"2025-12-12T01:15:37","modified_gmt":"2025-12-12T01:15:37","slug":"nice-metropole-mobilite-what-else","status":"publish","type":"post","link":"https:\/\/www.europesays.com\/fr\/593956\/","title":{"rendered":"Nice m\u00e9tropole. Mobilit\u00e9, what else\u00a0?"},"content":{"rendered":"<p style=\"text-align: center;\"><img decoding=\"async\" alt=\"\" src=\"https:\/\/www.europesays.com\/fr\/wp-content\/uploads\/2025\/12\/8629-tranway-nice.jpg\" title=\"\"\/><\/p>\n<p>La M\u00e9tropole Nice C\u00f4te d\u2019Azur a \u00e9t\u00e9 r\u00e9compens\u00e9e lors du Palmar\u00e8s des Mobilit\u00e9s organis\u00e9 par le magazine \u00ab\u00a0Ville, Rail &amp; Transport\u00a0\u00bb, un rendez-vous national significatif qui valorise chaque ann\u00e9e les projets les plus innovants en mati\u00e8re de transports et de mobilit\u00e9s durables. Il distingue des collectivit\u00e9s, op\u00e9rateurs et acteurs publics ou priv\u00e9s engag\u00e9s dans l\u2019am\u00e9lioration des d\u00e9placements du quotidien. Ce PASS Argent vient r\u00e9compenser l\u2019engagement de la M\u00e9tropole vers des mobilit\u00e9s plus durables, plus s\u00fbres et plus accessibles pour tous.\u00a0<\/p>\n<p>Le jury, compos\u00e9 d\u2019experts du secteur des transports, de l\u2019am\u00e9nagement et des mobilit\u00e9s durables, a salu\u00e9 la politique ambitieuse port\u00e9e par la M\u00e9tropole en faveur des transports en commun, avec notamment le d\u00e9veloppement du r\u00e9seau de tramway et les futures lignes T4 et T5, le r\u00e9seau de bus et les lignes \u00e0 haut niveau de service, les initiatives en mati\u00e8re de parkings-relais, et enfin la d\u00e9carbonation de la flotte de bus \u00e0 100\u00a0% pr\u00e9vue d\u2019ici 2026. En 2024, 117 millions de voyages ont \u00e9t\u00e9 comptabilis\u00e9s sur le r\u00e9seau de transport en commun.<\/p>\n<p>Ce prix r\u00e9compense \u00e9galement le Plan V\u00e9lo m\u00e9tropolitain, int\u00e9gr\u00e9 dans le sch\u00e9ma directeur de transport urbain et reconnu pour son articulation avec le Plan Climat Air \u00c9nergie Territorial, qui pr\u00e9voit la d\u00e9carbonisation des d\u00e9placements et une baisse de 55\u00a0% des \u00e9missions de gaz \u00e0 effet de serre d\u2019ici 2030.<\/p>\n<p>En introduction de cette c\u00e9r\u00e9monie, le vice-pr\u00e9sident de la M\u00e9tropole en charge des transports a \u00e9galement particip\u00e9 \u00e0 une table ronde, au cours de laquelle il a pr\u00e9sent\u00e9 les actions engag\u00e9es par la M\u00e9tropole Nice C\u00f4te d\u2019Azur, en lien avec la R\u00e9gie Ligne d\u2019Azur, pour s\u00e9curiser les investissements en mati\u00e8re de mobilit\u00e9s face au changement climatique.\u00a0<\/p>\n<p>La M\u00e9tropole semble avoir fait le choix d\u2019anticiper, d\u2019adapter et de prot\u00e9ger durablement ses infrastructures de transport. En compl\u00e9ment des actions engag\u00e9es, face aux r\u00e8glements climatiques, elle poursuit la requalification de ses espaces publics, notamment \u00e0 travers r\u00e9alisation trames vertes, permettant de b\u00e9n\u00e9ficier d\u2019un confort am\u00e9lior\u00e9 pour les d\u00e9placements pi\u00e9tons. CQFD\u00a0!<\/p>\n<p><img decoding=\"async\" alt=\"\" src=\"https:\/\/www.europesays.com\/fr\/wp-content\/uploads\/2025\/12\/8629-Velo-Bleu-nice.jpg\" title=\"\"\/><\/p>\n","protected":false},"excerpt":{"rendered":"La M\u00e9tropole Nice C\u00f4te d\u2019Azur a \u00e9t\u00e9 r\u00e9compens\u00e9e lors du Palmar\u00e8s des Mobilit\u00e9s organis\u00e9 par le magazine \u00ab\u00a0Ville,&hellip;\n","protected":false},"author":2,"featured_media":593957,"comment_status":"","ping_status":"","sticky":false,"template":"","format":"standard","meta":{"footnotes":""},"categories":[2819],"tags":[1111,47,11,1777,674,1011,27,1110,1031,12,2401,882,25],"class_list":{"0":"post-593956","1":"post","2":"type-post","3":"status-publish","4":"format-standard","5":"has-post-thumbnail","7":"category-nice","8":"tag-actu","9":"tag-actualite","10":"tag-actualites","11":"tag-eu","12":"tag-europe","13":"tag-fr","14":"tag-france","15":"tag-informations","16":"tag-magazine","17":"tag-news","18":"tag-nice","19":"tag-provence-alpes-cote-dazur","20":"tag-republique-francaise"},"share_on_mastodon":{"url":"https:\/\/pubeurope.com\/@fr\/115703957681852960","error":""},"_links":{"self":[{"href":"https:\/\/www.europesays.com\/fr\/wp-json\/wp\/v2\/posts\/593956","targetHints":{"allow":["GET"]}}],"collection":[{"href":"https:\/\/www.europesays.com\/fr\/wp-json\/wp\/v2\/posts"}],"about":[{"href":"https:\/\/www.europesays.com\/fr\/wp-json\/wp\/v2\/types\/post"}],"author":[{"embeddable":true,"href":"https:\/\/www.europesays.com\/fr\/wp-json\/wp\/v2\/users\/2"}],"replies":[{"embeddable":true,"href":"https:\/\/www.europesays.com\/fr\/wp-json\/wp\/v2\/comments?post=593956"}],"version-history":[{"count":0,"href":"https:\/\/www.europesays.com\/fr\/wp-json\/wp\/v2\/posts\/593956\/revisions"}],"wp:featuredmedia":[{"embeddable":true,"href":"https:\/\/www.europesays.com\/fr\/wp-json\/wp\/v2\/media\/593957"}],"wp:attachment":[{"href":"https:\/\/www.europesays.com\/fr\/wp-json\/wp\/v2\/media?parent=593956"}],"wp:term":[{"taxonomy":"category","embeddable":true,"href":"https:\/\/www.europesays.com\/fr\/wp-json\/wp\/v2\/categories?post=593956"},{"taxonomy":"post_tag","embeddable":true,"href":"https:\/\/www.europesays.com\/fr\/wp-json\/wp\/v2\/tags?post=593956"}],"curies":[{"name":"wp","href":"https:\/\/api.w.org\/{rel}","templated":true}]}}