{"id":593960,"date":"2025-12-12T01:18:36","date_gmt":"2025-12-12T01:18:36","guid":{"rendered":"https:\/\/www.europesays.com\/fr\/593960\/"},"modified":"2025-12-12T01:18:36","modified_gmt":"2025-12-12T01:18:36","slug":"les-educateurs-de-rue-de-loire-atlantique-maintiennent-la-pression-sur-leur-direction","status":"publish","type":"post","link":"https:\/\/www.europesays.com\/fr\/593960\/","title":{"rendered":"Les \u00e9ducateurs de rue de Loire-Atlantique maintiennent la pression sur leur direction"},"content":{"rendered":"<p>Les \u00e9ducateurs de rue <a href=\"https:\/\/nantes.maville.com\/actu\/actudet_-les-educateurs-de-rue-de-loire-atlantique-en-greve-reconductible-_8-7072457_actu.Htm\" target=\"_self\" rel=\"noopener\">en gr\u00e8ve depuis le 19\u00a0novembre<\/a> multiplient les actions pour se faire entendre. <a href=\"https:\/\/nantes.maville.com\/actu\/actudet_-les-educateurs-de-rue-font-irruption-au-conseil-municipal-de-reze-la-maire-appelle-pour-eux-le-president-du-departement-_8-7104484_actu.Htm\" target=\"_self\" rel=\"noopener\">Apr\u00e8s avoir fait irruption au conseil municipal de Rez\u00e9<\/a>, mercredi 10\u00a0d\u00e9cembre, ils se sont rassembl\u00e9s devant les bureaux de l\u2019agence d\u00e9partementale de la pr\u00e9vention sp\u00e9cialis\u00e9e (ADPS), sur l\u2019\u00eele de Nantes, ce jeudi 11\u00a0d\u00e9cembre. Un adjoint herblinois leur avait obtenu un rendez-vous avec le pr\u00e9sident de l\u2019ADPS <a href=\"https:\/\/nantes.maville.com\/actu\/actudet_--les-jeunes-des-quartiers-confrontes-a-un-desert-public-les-educateurs-de-rue-bloquent-le-conseil-de-saint-herblain-_8-7099664_actu.Htm?utm_source=troove&amp;utm_medium=site\" target=\"_self\" rel=\"noopener\">lorsqu\u2019ils s\u2019\u00e9taient invit\u00e9s au conseil municipal de Saint-Herblain<\/a>, lundi 8\u00a0d\u00e9cembre.<\/p>\n<p>Quatre semaines de cong\u00e9 en moins<\/p>\n<p>Les \u00e9ducateurs d\u00e9noncent la suppression de quatre semaines de cong\u00e9 et d\u2019un salaire r\u00e9duit de 500\u00a0\u20ac par rapport aux autres travailleurs sociaux du D\u00e9partement. La mobilisation ne faiblit pas depuis trois semaines. \u00a0Elle tient gr\u00e2ce \u00e0 la caisse de gr\u00e8ve qui est entretenue avec les dons des gens, indiquent C\u00e9line Mazan, d\u00e9l\u00e9gu\u00e9e syndicale CGT, et Julien M\u00e9nec, d\u00e9l\u00e9gu\u00e9 syndical Sud sant\u00e9 sociaux 44. L\u2019opinion publique a mieux compris \u00e0 quoi on sert que notre direction.\u00a0<\/p>\n<p>\u00a0<\/p>\n","protected":false},"excerpt":{"rendered":"Les \u00e9ducateurs de rue en gr\u00e8ve depuis le 19\u00a0novembre multiplient les actions pour se faire entendre. Apr\u00e8s avoir&hellip;\n","protected":false},"author":2,"featured_media":593961,"comment_status":"","ping_status":"","sticky":false,"template":"","format":"standard","meta":{"footnotes":""},"categories":[2818],"tags":[1111,11,13635,16056,1777,674,1011,27,3047,23402,766,12,2636,14363,25,3640],"class_list":{"0":"post-593960","1":"post","2":"type-post","3":"status-publish","4":"format-standard","5":"has-post-thumbnail","7":"category-nantes","8":"tag-actu","9":"tag-actualites","10":"tag-direction","11":"tag-educateurs","12":"tag-eu","13":"tag-europe","14":"tag-fr","15":"tag-france","16":"tag-loire-atlantique","17":"tag-maintiennent","18":"tag-nantes","19":"tag-news","20":"tag-pays-de-la-loire","21":"tag-pression","22":"tag-republique-francaise","23":"tag-rue"},"share_on_mastodon":{"url":"https:\/\/pubeurope.com\/@fr\/115703965601819708","error":""},"_links":{"self":[{"href":"https:\/\/www.europesays.com\/fr\/wp-json\/wp\/v2\/posts\/593960","targetHints":{"allow":["GET"]}}],"collection":[{"href":"https:\/\/www.europesays.com\/fr\/wp-json\/wp\/v2\/posts"}],"about":[{"href":"https:\/\/www.europesays.com\/fr\/wp-json\/wp\/v2\/types\/post"}],"author":[{"embeddable":true,"href":"https:\/\/www.europesays.com\/fr\/wp-json\/wp\/v2\/users\/2"}],"replies":[{"embeddable":true,"href":"https:\/\/www.europesays.com\/fr\/wp-json\/wp\/v2\/comments?post=593960"}],"version-history":[{"count":0,"href":"https:\/\/www.europesays.com\/fr\/wp-json\/wp\/v2\/posts\/593960\/revisions"}],"wp:featuredmedia":[{"embeddable":true,"href":"https:\/\/www.europesays.com\/fr\/wp-json\/wp\/v2\/media\/593961"}],"wp:attachment":[{"href":"https:\/\/www.europesays.com\/fr\/wp-json\/wp\/v2\/media?parent=593960"}],"wp:term":[{"taxonomy":"category","embeddable":true,"href":"https:\/\/www.europesays.com\/fr\/wp-json\/wp\/v2\/categories?post=593960"},{"taxonomy":"post_tag","embeddable":true,"href":"https:\/\/www.europesays.com\/fr\/wp-json\/wp\/v2\/tags?post=593960"}],"curies":[{"name":"wp","href":"https:\/\/api.w.org\/{rel}","templated":true}]}}