{"id":593962,"date":"2025-12-12T01:19:17","date_gmt":"2025-12-12T01:19:17","guid":{"rendered":"https:\/\/www.europesays.com\/fr\/593962\/"},"modified":"2025-12-12T01:19:17","modified_gmt":"2025-12-12T01:19:17","slug":"nantes-les-compos-probables-2","status":"publish","type":"post","link":"https:\/\/www.europesays.com\/fr\/593962\/","title":{"rendered":"Nantes : les compos probables"},"content":{"rendered":"<p>Onzi\u00e8me avec 19 points, Angers continue de surprendre en cette premi\u00e8re partie de saison. Le SCO aimerait bien \u00e9videmment compter trois points suppl\u00e9mentaires et compte bien pour cela s&rsquo;imposer contre Nantes. C\u00f4t\u00e9 canari, c&rsquo;est la d\u00e9tresse. Avant-dernier, Nantes vient de se s\u00e9parer de Luis Castro pour le remplacer par Ahmed Kantari. \u00c9lectrochoc en vue ? R\u00e9ponse ce vendredi \u00e0 partir de 20h45. La rencontre sera \u00e0 suivre sur Ligue 1+.<\/p>\n<p>Les compos probables<\/p>\n<p><strong>Angers<\/strong> : Koffi &#8211; Arcus, Camara, Lefort, Ekomi\u00e9 &#8211; Belkebla, Abdelli &#8211; Belkhdim, Mouton, Sba\u00ef &#8211; Ch\u00e9rif<\/p>\n<p><strong>Nantes<\/strong> : Lopes &#8211; Amian, Awaziem, Tati, Cozza &#8211; Lepenant, Kwon, Mwanga &#8211; Lahdo, El-Arabi, Abline<\/p>\n<p>   Partagez cette info avec vos amis et vos proches en cliquant ici<br \/> Pour r\u00e9sumer<\/p>\n<p>Angers (11\u1d49, 19 pts) re\u00e7oit Nantes, en crise et dernier avant le changement d\u2019entra\u00eeneur. Les Sco\u00efstes visent la victoire pour rester ambitieux, Nantes cherche un \u00e9lectrochoc avec Ahmed Kantari. Match vendredi \u00e0 20h45 sur Ligue 1+.<\/p>\n<p>R\u00e9dacteur<\/p>\n<p><img decoding=\"async\" width=\"76\" height=\"76\" loading=\"lazy\" src=\"https:\/\/www.europesays.com\/fr\/wp-content\/uploads\/2025\/04\/avatar-onze.webp.webp\" alt=\"Nathan Bricout\"\/><\/p>\n","protected":false},"excerpt":{"rendered":"Onzi\u00e8me avec 19 points, Angers continue de surprendre en cette premi\u00e8re partie de saison. Le SCO aimerait bien&hellip;\n","protected":false},"author":2,"featured_media":593963,"comment_status":"","ping_status":"","sticky":false,"template":"","format":"standard","meta":{"footnotes":""},"categories":[2818],"tags":[1111,11,1777,674,1011,27,66,766,12,2636,25],"class_list":{"0":"post-593962","1":"post","2":"type-post","3":"status-publish","4":"format-standard","5":"has-post-thumbnail","7":"category-nantes","8":"tag-actu","9":"tag-actualites","10":"tag-eu","11":"tag-europe","12":"tag-fr","13":"tag-france","14":"tag-ligue-1","15":"tag-nantes","16":"tag-news","17":"tag-pays-de-la-loire","18":"tag-republique-francaise"},"share_on_mastodon":{"url":"https:\/\/pubeurope.com\/@fr\/115703970619344094","error":""},"_links":{"self":[{"href":"https:\/\/www.europesays.com\/fr\/wp-json\/wp\/v2\/posts\/593962","targetHints":{"allow":["GET"]}}],"collection":[{"href":"https:\/\/www.europesays.com\/fr\/wp-json\/wp\/v2\/posts"}],"about":[{"href":"https:\/\/www.europesays.com\/fr\/wp-json\/wp\/v2\/types\/post"}],"author":[{"embeddable":true,"href":"https:\/\/www.europesays.com\/fr\/wp-json\/wp\/v2\/users\/2"}],"replies":[{"embeddable":true,"href":"https:\/\/www.europesays.com\/fr\/wp-json\/wp\/v2\/comments?post=593962"}],"version-history":[{"count":0,"href":"https:\/\/www.europesays.com\/fr\/wp-json\/wp\/v2\/posts\/593962\/revisions"}],"wp:featuredmedia":[{"embeddable":true,"href":"https:\/\/www.europesays.com\/fr\/wp-json\/wp\/v2\/media\/593963"}],"wp:attachment":[{"href":"https:\/\/www.europesays.com\/fr\/wp-json\/wp\/v2\/media?parent=593962"}],"wp:term":[{"taxonomy":"category","embeddable":true,"href":"https:\/\/www.europesays.com\/fr\/wp-json\/wp\/v2\/categories?post=593962"},{"taxonomy":"post_tag","embeddable":true,"href":"https:\/\/www.europesays.com\/fr\/wp-json\/wp\/v2\/tags?post=593962"}],"curies":[{"name":"wp","href":"https:\/\/api.w.org\/{rel}","templated":true}]}}