{"id":593966,"date":"2025-12-12T01:22:14","date_gmt":"2025-12-12T01:22:14","guid":{"rendered":"https:\/\/www.europesays.com\/fr\/593966\/"},"modified":"2025-12-12T01:22:14","modified_gmt":"2025-12-12T01:22:14","slug":"previsions-du-vendredi-12-decembre-2025-2","status":"publish","type":"post","link":"https:\/\/www.europesays.com\/fr\/593966\/","title":{"rendered":"pr\u00e9visions du vendredi 12 d\u00e9cembre 2025"},"content":{"rendered":"<p>Un temps voil\u00e9 pour Bordeaux avec une apparition de nuages est pr\u00e9vu dans la journ\u00e9e. Il va faire environ 12\u00b0C. Un petit vent de sud-est sera ressenti par les habitants. Les valeurs afficheront entre 9 et 13\u00b0C durant la matin\u00e9e. L&rsquo;apr\u00e8s-midi, des nuages ne voudront pas faire place au soleil. Les temp\u00e9ratures seront comprises entre 11 et 14\u00b0C. Le soir, le vent va peu \u00e0 peu chasser les nuages. Le thermom\u00e8tre affichera 11\u00b0C en moyenne. Durant la nuit de vendredi \u00e0 samedi, le ciel sera clair.<\/p>\n<p>Demain, Bordeaux aura des valeurs autour de 12\u00b0C. Le soleil aura du mal \u00e0 percer au milieu de l\u00e9gers nuages qui subsisteront dans la matin\u00e9e. Les temp\u00e9ratures avoisineront les 12\u00b0C. Un vent de sud-ouest rafra\u00eechira l\u00e9g\u00e8rement l&rsquo;atmosph\u00e8re. Petits et grands pourront passer leur apr\u00e8s-midi sous un ciel l\u00e9g\u00e8rement nuageux. Les valeurs s&rsquo;\u00e9chelonneront de 11 \u00e0 14\u00b0C. Dans la soir\u00e9e, les temp\u00e9ratures seront de 10\u00b0C. Un vent de nord-est soufflera un peu, avec 3 km\/h.<\/p>\n<p>Les jours se suivent et se ressemblent. Comptez sur 11\u00b0C en moyenne qui accompagneront des journ\u00e9es ensoleill\u00e9es.<\/p>\n<p><\/p>\n","protected":false},"excerpt":{"rendered":"Un temps voil\u00e9 pour Bordeaux avec une apparition de nuages est pr\u00e9vu dans la journ\u00e9e. Il va faire&hellip;\n","protected":false},"author":2,"featured_media":593967,"comment_status":"","ping_status":"","sticky":false,"template":"","format":"standard","meta":{"footnotes":""},"categories":[2817],"tags":[1111,11,1997,1777,674,1011,27,12,2219,2119,25],"class_list":{"0":"post-593966","1":"post","2":"type-post","3":"status-publish","4":"format-standard","5":"has-post-thumbnail","7":"category-bordeaux","8":"tag-actu","9":"tag-actualites","10":"tag-bordeaux","11":"tag-eu","12":"tag-europe","13":"tag-fr","14":"tag-france","15":"tag-news","16":"tag-nouvelle-aquitaine","17":"tag-previsions-meteo","18":"tag-republique-francaise"},"share_on_mastodon":{"url":"https:\/\/pubeurope.com\/@fr\/115703981399741233","error":""},"_links":{"self":[{"href":"https:\/\/www.europesays.com\/fr\/wp-json\/wp\/v2\/posts\/593966","targetHints":{"allow":["GET"]}}],"collection":[{"href":"https:\/\/www.europesays.com\/fr\/wp-json\/wp\/v2\/posts"}],"about":[{"href":"https:\/\/www.europesays.com\/fr\/wp-json\/wp\/v2\/types\/post"}],"author":[{"embeddable":true,"href":"https:\/\/www.europesays.com\/fr\/wp-json\/wp\/v2\/users\/2"}],"replies":[{"embeddable":true,"href":"https:\/\/www.europesays.com\/fr\/wp-json\/wp\/v2\/comments?post=593966"}],"version-history":[{"count":0,"href":"https:\/\/www.europesays.com\/fr\/wp-json\/wp\/v2\/posts\/593966\/revisions"}],"wp:featuredmedia":[{"embeddable":true,"href":"https:\/\/www.europesays.com\/fr\/wp-json\/wp\/v2\/media\/593967"}],"wp:attachment":[{"href":"https:\/\/www.europesays.com\/fr\/wp-json\/wp\/v2\/media?parent=593966"}],"wp:term":[{"taxonomy":"category","embeddable":true,"href":"https:\/\/www.europesays.com\/fr\/wp-json\/wp\/v2\/categories?post=593966"},{"taxonomy":"post_tag","embeddable":true,"href":"https:\/\/www.europesays.com\/fr\/wp-json\/wp\/v2\/tags?post=593966"}],"curies":[{"name":"wp","href":"https:\/\/api.w.org\/{rel}","templated":true}]}}