{"id":593970,"date":"2025-12-12T01:25:31","date_gmt":"2025-12-12T01:25:31","guid":{"rendered":"https:\/\/www.europesays.com\/fr\/593970\/"},"modified":"2025-12-12T01:25:31","modified_gmt":"2025-12-12T01:25:31","slug":"a-toulouse-des-lieux-culturels-se-transformeront-en-salle-de-restaurant-pour-des-degustations-insolites","status":"publish","type":"post","link":"https:\/\/www.europesays.com\/fr\/593970\/","title":{"rendered":"A Toulouse, des lieux culturels se transformeront en salle de restaurant pour des d\u00e9gustations insolites"},"content":{"rendered":"<p>                    Par<br \/>\n        <strong><br \/>\n            <a href=\"https:\/\/actu.fr\/auteur\/marie-lamarque\" title=\"Consulter tous les articles de Marie Lamarque\" target=\"_blank\" rel=\"noopener\">Marie Lamarque<\/a><br \/>\n                    <\/strong><\/p>\n<p>        Publi\u00e9 le<\/p>\n<p>            11 d\u00e9c. 2025 \u00e0 21h17        <\/p>\n<p>Un d\u00eener d\u2019exception, dans un lieu inattendu, avec un menu concoct\u00e9 par des chefs locaux. La Maison des Vins de Fronton organise <strong>un nouveau rendez-vous gastronomique insolite<\/strong> au c\u0153ur de <a href=\"https:\/\/actu.fr\/toulouse\/\" target=\"_blank\" rel=\"noopener\">Toulouse<\/a>. Apr\u00e8s les amuse-bouches, ces repas se d\u00e9rouleront en quatre temps et s\u2019accompagneront d\u2019une d\u00e9gustation d\u2019une ou deux cuv\u00e9es pour chaque plat. L\u2019occasion de mettre en valeur les produits du Frontonnais qui, selon<strong> Benjamin Piccoli<\/strong>, directeur de la Maison des Vins de Fronton, ont bien toute leur place sur les plus grandes tables. Que les gourmands se rassurent, ces d\u00e9gustations resteront abordables. Compter 59 \u20ac (vin compris) pour le menu unique qui sera propos\u00e9 lors du premier rendez-vous.<\/p>\n<p>Le mus\u00e9e des Abattoirs devient salle de restaurant<\/p>\n<p class=\" wall-content\">C\u2019est un mus\u00e9e immanquable de Toulouse. Les Abattoirs se transformeront, le temps d\u2019une soir\u00e9e, en salle de restaurant pour une centaine de convives, <strong>ce lundi 15 d\u00e9cembre 2025<\/strong>.<\/p>\n<p>    <img   decoding=\"async\" loading=\"lazy\" src=\"https:\/\/www.europesays.com\/fr\/wp-content\/uploads\/2025\/12\/musee-des-abattoirs-a-toulouse-2-960x640.jpg\" alt=\"kk\" width=\"960\" height=\"640\"\/><br \/>\n    Le Mus\u00e9e des Abattoirs. (\u00a9Lucie Jodot \/Actu Toulouse)<\/p>\n<p class=\" wall-content\">Les clients pourront d\u00eener au milieu des \u0153uvres, dans la salle Picasso, qui se distingue par sa belle hauteur sous plafond. C\u2019est ici que le mus\u00e9e expose le rideau de sc\u00e8ne du c\u00e9l\u00e8bre peintre espagnol, intitul\u00e9 La D\u00e9pouille du Minotaure en costume d\u2019Arlequin. <a href=\"https:\/\/www.lesabattoirs.org\/le-rideau-de-scene-de-picasso\/\" target=\"_blank\" rel=\"noopener\">Une pi\u00e8ce que l\u2019on ne peut contempler que quatre \u00e0 six mois par an<\/a>, en raison de sa fragilit\u00e9.<\/p>\n<p class=\" wall-content\">Pour ce premier rendez-vous, il ne faudra pas seulement se contenter de r\u00e9galer les yeux, mais aussi les papilles. Des chefs locaux ont imagin\u00e9 ce premier menu : <strong>L\u00e9opold Gillen<\/strong> \u00e0 la t\u00eate de <a href=\"https:\/\/actu.fr\/occitanie\/toulouse_31555\/toulouse-tel-un-bouchon-toulousain-ce-restaurant-propose-une-cuisine-riche-et-gourmande-en-centre-ville_61864789.html\" target=\"_blank\" rel=\"noopener\">Bistrot August<\/a>, rue Riquet \u00e0 Toulouse, et<strong> Paul Decouart<\/strong> <a href=\"https:\/\/actu.fr\/occitanie\/toulouse_31555\/les-passionnes-une-nouvelle-cave-a-manger-toulousaine-qui-va-vous-initier-aux-bonnes-choses_3673768.html\" target=\"_blank\" rel=\"noopener\">des Passionn\u00e9s<\/a>, all\u00e9e de Brienne \u00e0 Toulouse. Ils se sont associ\u00e9s <strong>\u00e0 David et Lionel du traiteur Cuits\u2019in<\/strong> de Pompignan (Tarn-et-Garonne), pr\u00e8s de Fronton.<\/p>\n<p>Prochain rendez-vous au printemps 2026<\/p>\n<p class=\" wall-content\">D\u2019autres d\u00e9gustations dans des lieux culturels du centre de Toulouse devraient suivre. Prochain rendez-vous d\u00e8s \u00ab\u00a0le printemps 2026, annonce Benjamin Piccoli, avec des menus et des vins diff\u00e9rents\u00a0\u00bb.<\/p>\n<p>    <a href=\"https:\/\/www.facebook.com\/plugins\/post.php?href=https%3A%2F%2Fwww.facebook.com%2FFronton.le.Vignoble.Toulousain%2Fposts%2Fpfbid0wUFjj5xN7bKRSnH1yNLEfqvwwqZNX3viwpeWp122hcGeVaBXmpNqhPJvFaHoB9Wfl&amp;show_text=true&amp;width=350\" title=\"Ouvrie le lien\" target=\"_blank\" rel=\"noopener\">Cliquez ici pour visualiser le contenu<\/a><\/p>\n<p>Votre r\u00e9gion, votre actu !<\/p>\n<p>Recevez chaque jour les infos qui comptent pour vous.<\/p>\n<p>\t<a href=\"https:\/\/actu.fr\/newsletter\" class=\"ac-btn ac-btn--corner ac-btn--medium ac-btn--blue800\" target=\"_blank\" rel=\"noopener\">S&rsquo;incrire<\/a><br \/>\n<strong>Infos pratiques<\/strong><br \/>\nPremier d\u00eener d\u2019exception Fronton ce lundi 15 d\u00e9cembre, \u00e0 19h30.<br \/>\nAu mus\u00e9e des Abattoirs de Toulouse, 76 all\u00e9e Charles de Fitte.<br \/>\nTarif : 59 \u20ac par personne (vins compris).<br \/><a href=\"https:\/\/www.helloasso.com\/associations\/syndicat-des-vignerons-de-l-aop-fronton\/evenements\/diner-d-exception-les-abattoirs\" target=\"_blank\" rel=\"noopener\">Informations et r\u00e9servation en cliquant ici.<\/a><\/p>\n<p class=\" wall-content\">Personnalisez votre actualit\u00e9 en ajoutant vos villes et m\u00e9dias en favori avec <a href=\"https:\/\/moncompte.actu.fr\" title=\"D\u00e9couvez Mon Actu\" rel=\"nofollow noopener\" data-trk=\"{&quot;cta&quot;:{&quot;action&quot;:&quot;https:\\\/\\\/moncompte.actu.fr&quot;,&quot;category&quot;:&quot;mon compte&quot;,&quot;from&quot;:&quot;article footer&quot;,&quot;name&quot;:&quot;Mon actu&quot;,&quot;type&quot;:&quot;cta&quot;}}\" target=\"_blank\">Mon Actu<\/a>.<\/p>\n","protected":false},"excerpt":{"rendered":"Par Marie Lamarque Publi\u00e9 le 11 d\u00e9c. 2025 \u00e0 21h17 Un d\u00eener d\u2019exception, dans un lieu inattendu, avec&hellip;\n","protected":false},"author":2,"featured_media":593971,"comment_status":"","ping_status":"","sticky":false,"template":"","format":"standard","meta":{"footnotes":""},"categories":[2816],"tags":[1111,11,1777,674,1011,27,12,2680,25,1340,2850,104,1341,2312],"class_list":{"0":"post-593970","1":"post","2":"type-post","3":"status-publish","4":"format-standard","5":"has-post-thumbnail","7":"category-toulouse","8":"tag-actu","9":"tag-actualites","10":"tag-eu","11":"tag-europe","12":"tag-fr","13":"tag-france","14":"tag-news","15":"tag-occitanie","16":"tag-republique-francaise","17":"tag-restaurant","18":"tag-restaurants-de-toulouse","19":"tag-societe","20":"tag-sortir-a-toulouse","21":"tag-toulouse"},"share_on_mastodon":{"url":"https:\/\/pubeurope.com\/@fr\/115703994083345972","error":""},"_links":{"self":[{"href":"https:\/\/www.europesays.com\/fr\/wp-json\/wp\/v2\/posts\/593970","targetHints":{"allow":["GET"]}}],"collection":[{"href":"https:\/\/www.europesays.com\/fr\/wp-json\/wp\/v2\/posts"}],"about":[{"href":"https:\/\/www.europesays.com\/fr\/wp-json\/wp\/v2\/types\/post"}],"author":[{"embeddable":true,"href":"https:\/\/www.europesays.com\/fr\/wp-json\/wp\/v2\/users\/2"}],"replies":[{"embeddable":true,"href":"https:\/\/www.europesays.com\/fr\/wp-json\/wp\/v2\/comments?post=593970"}],"version-history":[{"count":0,"href":"https:\/\/www.europesays.com\/fr\/wp-json\/wp\/v2\/posts\/593970\/revisions"}],"wp:featuredmedia":[{"embeddable":true,"href":"https:\/\/www.europesays.com\/fr\/wp-json\/wp\/v2\/media\/593971"}],"wp:attachment":[{"href":"https:\/\/www.europesays.com\/fr\/wp-json\/wp\/v2\/media?parent=593970"}],"wp:term":[{"taxonomy":"category","embeddable":true,"href":"https:\/\/www.europesays.com\/fr\/wp-json\/wp\/v2\/categories?post=593970"},{"taxonomy":"post_tag","embeddable":true,"href":"https:\/\/www.europesays.com\/fr\/wp-json\/wp\/v2\/tags?post=593970"}],"curies":[{"name":"wp","href":"https:\/\/api.w.org\/{rel}","templated":true}]}}